{"id":5809,"date":"2024-06-04T17:02:32","date_gmt":"2024-06-04T15:02:32","guid":{"rendered":"https:\/\/serbenidorm.daliisolutions.com\/index.php\/2024\/06\/04\/benidorm-busca-una-segunda-vida-para-los-articulos-playeros-de-los-turistas\/"},"modified":"2024-06-04T17:02:32","modified_gmt":"2024-06-04T15:02:32","slug":"benidorm-busca-una-segunda-vida-para-los-articulos-playeros-de-los-turistas","status":"publish","type":"post","link":"https:\/\/serbenidorm.daliisolutions.com\/index.php\/2024\/06\/04\/benidorm-busca-una-segunda-vida-para-los-articulos-playeros-de-los-turistas\/","title":{"rendered":"Benidorm busca una segunda vida para los art\u00edculos playeros de los turistas"},"content":{"rendered":"  <p>Colchonetas, sombrillas, flotadores&#8230; Todo es susceptible de ser reutilizado, incluso los art\u00edculos m\u00e1s t\u00edpicos de la playa. As\u00ed lo ha pensado el Ayuntamiento de Benidorm al poner en marcha este martes una iniciativa con la que promover la econom\u00eda circular en las playas dando una nueva vida a todos esos objetos que van y vienen con los turistas durante la temporada alta. <\/p>   <p>El alcalde de la ciudad, Toni P\u00e9rez, y la edil de Playas y Medio Ambiente, M\u00f3nica G\u00f3mez, han presentado esta acci\u00f3n en el primero de los puntos limpios que se van a habilitar en los arenales para que los ba\u00f1istas puedan depositar cualquier objeto de recreo que se encuentre en buen estado y no vayan a necesitar al finalizar sus vacaciones.<\/p>   <p>P\u00e9rez ha explicado que<a href=\"https:\/\/cadenaser.com\/tag\/benidorm\/a\/\" target=\"_blank\" rel=\"noopener\"> \u201cdesde la empresa concesionaria de playas, la de la recogida de residuos o desde el propio sector alojativo nos trasladan que cada a\u00f1o infinidad de hamacas, colchonetas, sombrillas, sillas y otros elementos que han tenido un \u00fanico uso pero que acaban en contenedores o abandonados en hoteles, apartamentos y campings porque sus propietarios ya no precisan de ellos<\/a> o no pueden llev\u00e1rselos\u201d en el avi\u00f3n, el tren u otro tipo de transporte \u201ccuando regresan a sus lugares de origen\u201d. <\/p>   <p>\u00bfD\u00f3nde dejar la pala o el cubo?<\/p>   <p>El primer punto limpio donde se podr\u00e1n depositar estos art\u00edculos se ubica junto a la Biblioplaya de Levante, en la confluencia de las avenidas de Madrid y de Europa, aunque la edil del \u00e1rea ya ha avanzado que la iniciativa se va a extender a distintos puntos de las tres playas. El mismo est\u00e1 se\u00f1alizado en castellano, valenciano e ingl\u00e9s e indica los art\u00edculos que se pueden depositar para conocimiento general de los usuarios.<\/p>  <p><p class=\"tit\"><span>Hora 14 Benidorm (04\/06\/2024)<\/span><\/p> <p class=\"emb\"><iframe loading=\"lazy\" src=\"https:\/\/cadenaser.com\/embed\/audio\/460\/cadenaser_benidorm_hora14benidorm_20240604_141700_143000\/\" width=\"100%\" height=\"360\" frameborder=\"0\" allowfullscreen><\/iframe><\/p><\/p>   <p>Toni P\u00e9rez ha indicado que se trata de \u201cuna iniciativa vinculada a la sostenibilidad ambiental en el mayor y m\u00e1s conocido y visitado espacio natural de nuestra ciudad, como son las playas\u201d y ha confiado en que \u201cla alt\u00edsima afluencia de usuarios a este espacio va a favorecer que esta acci\u00f3n tenga un gran impacto, ya que son centenares de miles las personas que solo en verano disfrutan\u201d de las mismas.<\/p>   <p>     .c-w{         max-width:444px;         width:100%;         margin:16px auto;      background:#00755E;         border-radius:4px;         display:flex;         align-items:center;         justify-content:center;     }     .c-w a{         display:flex;         align-items:center;         justify-content:center;         padding:4px 24px;     }     .c-w img{         width:24px;         margin-right:12px;     }     .c-w p{         font:18px\/25px Poppins;         text-align:center;         color:#fff;         margin:0;     }     @media (max-width:444px){         .c-w a{             padding:4px 12px;         }         .c-w img{             width:24px;             margin-right:8px;         }         .c-w p{             font:14px\/25px Poppins;         }     }     @media (max-width:335px){         .c-w p{             font:13px\/25px Poppins;         }     }  <div class=\"c-w\">     <a href=\"https:\/\/www.whatsapp.com\/channel\/0029Va633PF9WtC4l7XUzh1e\" target=\"_blank\" rel=\"noopener\">         <img decoding=\"async\" src=\"https:\/\/cadenaser.com\/estaticos\/recursosgraficos\/responsive\/img\/ico-whatsapp.svg\" alt=\"Whatsapp\">         <p>\u00danete al <b>canal de WhatsApp<\/b> de la SER<\/p>     <\/a> <\/div><\/p>   <p>D\u00eda Mundial del Medio Ambiente<\/p>   <p>La puesta en marcha de este punto limpio es la primera acci\u00f3n de la capital tur\u00edstica con motivo del D\u00eda Mundial del Medio Ambiente que se celebra este mi\u00e9rcoles, 5 de junio, y para cuya conmemoraci\u00f3n el consistorio ha previsto una serie de iniciativas que se va a desplegar hasta el s\u00e1bado.<\/p>  <p><p>M\u00e1s informaci\u00f3n<\/p><figure><img loading=\"lazy\" decoding=\"async\" src=\"https:\/\/cadenaser.com\/resizer\/v2\/3N26SR6HAVBBRDMV43UYDAJEFY.jpg?auth=59247ca33eba407cf6f48dee0eb9a5c38b7d554d48ebeb68ecfcb0a1f8854020&amp;quality=70&amp;width=360&amp;height=202&amp;smart=true\" width=\"820\" height=\"621\" \/><\/figure><ul><li><a href=\"https:\/\/cadenaser.com\/comunitat-valenciana\/2024\/06\/04\/detenido-por-robar-cinco-veces-en-un-bar-de-benidorm-hasta-que-el-dueno-se-harto-y-denuncio-radio-benidorm\/\"><span>Detenido por robar cinco veces en un bar de Benidorm hasta que el due\u00f1o se hart\u00f3 y denunci\u00f3<\/span><\/a><\/li><\/ul><\/p>   <p>Ma\u00f1ana mi\u00e9rcoles, por ejemplo, se ha previsto una actividad divulgativa en la Cantera del Rac\u00f3 de l\u2019Infern en la que van participar hasta 400 escolares de diez colegios de la ciudad para conocer el trabajo de regeneraci\u00f3n paisaj\u00edstica y medioambiental que se est\u00e1 llevando a cabo en la misma. <\/p>   <p>El primer edil ha recordado que \u201cdesde el pasado mes de enero se est\u00e1 ejecutando el proyecto de regeneraci\u00f3n de este enclave, lo que va a permitir la recuperaci\u00f3n ambiental de este espacio de algo m\u00e1s de 60.000 metros cuadrados, localizados en su mayor parte en el Parque Natural de la Serra Gelada, y que durante 70 a\u00f1os han sido una huella, una dentellada\u201d en este paraje. El primer edil manifestado que \u201cBenidorm est\u00e1 recuperando este espacio, de la mano de la empresa TM, para ponerlo a disposici\u00f3n de la ciudadan\u00eda y a disposici\u00f3n del mundo\u201d.<\/p>   <p>Adem\u00e1s, <a href=\"https:\/\/cadenaser.com\/tag\/comarca_la_marina_baixa\/a\/\" target=\"_blank\" rel=\"noopener\">el s\u00e1bado por la ma\u00f1ana el Parc de Foietes acoger\u00e1 la primera edici\u00f3n de la \u2018Jornada de Arte Urbano\u2019<\/a>, donde est\u00e1 previsto que aficionados y profesionales puedan intervenir con dibujos y propuestas art\u00edsticas un total de 80 papeleras que han sido retiradas de las playas para darles una segunda vida.<\/p>   <p>La jornada discurrir\u00e1 desde las diez de la ma\u00f1ana hasta las 14.30 horas y, adem\u00e1s, contar\u00e1 con numerosas actividades paralelas, como actuaciones de danza urbana, grafiti colectivo, \u2018freestyle\u2019 y talleres de customizaci\u00f3n de zapatillas. Adem\u00e1s, antes de regresar a las playas con una nueva imagen, el p\u00fablico podr\u00e1 votar por las papeleras intervenidas que m\u00e1s le gusten y la obra m\u00e1s votada ser\u00e1 la que se utilice para ilustrar el cartel de esta jornada el pr\u00f3ximo a\u00f1o.<\/p> ","protected":false},"excerpt":{"rendered":"<p>El Ayuntamiento instala un punto para depositar las colchonetas, hamacas, sombrillas, flotadores o cubos que los ba\u00f1istas ya no van a necesitar y que puedan ser reutilizados por otros usuarios<\/p>\n","protected":false},"author":0,"featured_media":5810,"comment_status":"open","ping_status":"open","sticky":false,"template":"","format":"standard","meta":{"_acf_changed":false,"footnotes":""},"categories":[1],"tags":[],"class_list":["post-5809","post","type-post","status-publish","format-standard","has-post-thumbnail","hentry","category-sin-categoria"],"acf":{"ser_id":"PNIZ7QWALBCW3E2TBZKBUZPCUM","ser_url":"https:\/\/cadenaser.com\/comunitat-valenciana\/2024\/06\/04\/benidorm-busca-una-segunda-vida-para-los-articulos-playeros-de-los-turistas-radio-benidorm\/"},"_links":{"self":[{"href":"https:\/\/serbenidorm.daliisolutions.com\/index.php\/wp-json\/wp\/v2\/posts\/5809","targetHints":{"allow":["GET"]}}],"collection":[{"href":"https:\/\/serbenidorm.daliisolutions.com\/index.php\/wp-json\/wp\/v2\/posts"}],"about":[{"href":"https:\/\/serbenidorm.daliisolutions.com\/index.php\/wp-json\/wp\/v2\/types\/post"}],"replies":[{"embeddable":true,"href":"https:\/\/serbenidorm.daliisolutions.com\/index.php\/wp-json\/wp\/v2\/comments?post=5809"}],"version-history":[{"count":0,"href":"https:\/\/serbenidorm.daliisolutions.com\/index.php\/wp-json\/wp\/v2\/posts\/5809\/revisions"}],"wp:featuredmedia":[{"embeddable":true,"href":"https:\/\/serbenidorm.daliisolutions.com\/index.php\/wp-json\/wp\/v2\/media\/5810"}],"wp:attachment":[{"href":"https:\/\/serbenidorm.daliisolutions.com\/index.php\/wp-json\/wp\/v2\/media?parent=5809"}],"wp:term":[{"taxonomy":"category","embeddable":true,"href":"https:\/\/serbenidorm.daliisolutions.com\/index.php\/wp-json\/wp\/v2\/categories?post=5809"},{"taxonomy":"post_tag","embeddable":true,"href":"https:\/\/serbenidorm.daliisolutions.com\/index.php\/wp-json\/wp\/v2\/tags?post=5809"}],"curies":[{"name":"wp","href":"https:\/\/api.w.org\/{rel}","templated":true}]}}