{"id":5824,"date":"2024-06-05T15:05:59","date_gmt":"2024-06-05T13:05:59","guid":{"rendered":"https:\/\/serbenidorm.daliisolutions.com\/index.php\/2024\/06\/05\/benidorm-celebra-el-dia-mundial-del-medio-ambiente-con-una-visita-a-la-cantera-del-raco-de-linfern\/"},"modified":"2024-06-05T15:05:59","modified_gmt":"2024-06-05T13:05:59","slug":"benidorm-celebra-el-dia-mundial-del-medio-ambiente-con-una-visita-a-la-cantera-del-raco-de-linfern","status":"publish","type":"post","link":"https:\/\/serbenidorm.daliisolutions.com\/index.php\/2024\/06\/05\/benidorm-celebra-el-dia-mundial-del-medio-ambiente-con-una-visita-a-la-cantera-del-raco-de-linfern\/","title":{"rendered":"Benidorm celebra el D\u00eda Mundial del Medio Ambiente con una visita a la Cantera del Rac\u00f3 de l&#8217;Infern"},"content":{"rendered":"  <p>M\u00e1s de 400 escolares de diez colegios de Infantil y Primaria de Benidorm han celebrado este mi\u00e9rcoles, 5 de junio, el D\u00eda Mundial del Medio Ambiente visitando un espacio natural que se encuentra en pleno proceso de regeneraci\u00f3n y recuperaci\u00f3n: la Cantera del Rac\u00f3 de l\u2019Infern, ubicada en el Parc Natural de la Serra Gelada y que hasta hace muy poco tiempo representaba \u201cuna dentellada\u201d en esta sierra por la acci\u00f3n humana durante d\u00e9cadas.<\/p>   <p>As\u00ed lo han explicado en Hoy por Hoy Benidorm, la edil de Patrimonio Hist\u00f3rico, Ana Pellicer, y la edil de <a href=\"https:\/\/cadenaser.com\/comunitat-valenciana\/2024\/06\/04\/benidorm-busca-una-segunda-vida-para-los-articulos-playeros-de-los-turistas-radio-benidorm\/\" target=\"_blank\" rel=\"noopener\">Medio Ambiente, <\/a><a href=\"https:\/\/cadenaser.com\/comunitat-valenciana\/2024\/06\/03\/benidorm-incorpora-los-refuerzos-de-limpieza-socorrismo-y-seguridad-en-las-playas-por-la-temporada-radio-benidorm\/\" target=\"_blank\" rel=\"noopener\">M\u00f3nica G\u00f3mez. <\/a>Los chavales \u00abhan han podido conocer los trabajos que se est\u00e1n llevando a cabo en esta zona para su recuperaci\u00f3n medioambiental y paisaj\u00edstica. Ha sido una jornada muy did\u00e1ctica pero tambi\u00e9n entretenida. Lo que m\u00e1s les ha llamado la atenci\u00f3n es el ecoparque que hemos desplazado a la zona\u00bb, han indicado.<\/p>   <p>Tras los trabajos de regeneraci\u00f3n de la cantera, el espacio se convertir\u00e1 \u00aben una zona de ocio y esparcimiento para toda la familia\u00bb que pasar\u00e1 a formar parte del patrimonio municipal de suelo.<\/p>   <p>Adem\u00e1s de conocer este espacio y c\u00f3mo se est\u00e1 recuperando, los estudiantes de 5\u00ba y 6\u00ba de Primaria que han participado en esta actividad han recibido una peque\u00f1a charla sobre el Parc Natural de la Serra Gelada y sus particularidades, entre ellas el hecho de ser el \u00fanico <a href=\"https:\/\/cadenaser.com\/audio\/1717411502942\/\" target=\"_blank\" rel=\"noopener\">parque natural mar\u00edtimo terrestre <\/a>de la Comunitat. Tambi\u00e9n han recibido informaci\u00f3n sobre la fauna y la flora aut\u00f3ctonas, as\u00ed como nociones sobre la importancia y las opciones que ofrece nuestra ciudad para fomentar la recogida selectiva de residuos, convirti\u00e9ndose ellos mismos en protagonistas en el cami\u00f3n del Ecoparque m\u00f3vil, que se ha trasladado hasta all\u00ed para dar a conocer este servicio a los escolares.<\/p>   <p>Los colegios que han participado en esta iniciativa son los CEIP La Cala, El Murtal, Miguel Hern\u00e1ndez, Bautista Lled\u00f3, Vasco N\u00fa\u00f1ez de Balboa, Leonor Canalejas, Gabriel Mir\u00f3, Els Tolls y Puig Campana, as\u00ed como el centro privado Lope de Vega.<\/p>   <p>     .c-w{         max-width:444px;         width:100%;         margin:16px auto;      background:#00755E;         border-radius:4px;         display:flex;         align-items:center;         justify-content:center;     }     .c-w a{         display:flex;         align-items:center;         justify-content:center;         padding:4px 24px;     }     .c-w img{         width:24px;         margin-right:12px;     }     .c-w p{         font:18px\/25px Poppins;         text-align:center;         color:#fff;         margin:0;     }     @media (max-width:444px){         .c-w a{             padding:4px 12px;         }         .c-w img{             width:24px;             margin-right:8px;         }         .c-w p{             font:14px\/25px Poppins;         }     }     @media (max-width:335px){         .c-w p{             font:13px\/25px Poppins;         }     }  <div class=\"c-w\">     <a href=\"https:\/\/www.whatsapp.com\/channel\/0029Va633PF9WtC4l7XUzh1e\" target=\"_blank\" rel=\"noopener\">         <img decoding=\"async\" src=\"https:\/\/cadenaser.com\/estaticos\/recursosgraficos\/responsive\/img\/ico-whatsapp.svg\" alt=\"Whatsapp\">         <p>\u00danete al <b>canal de WhatsApp<\/b> de la SER<\/p>     <\/a> <\/div><\/p> ","protected":false},"excerpt":{"rendered":"<p>La edil de Patrimonio Hist\u00f3rico, Ana Pellicer, y la edil de Medioambiente, M\u00f3nica G\u00f3mez, nos cuentan las actividades programadas para poner en valor nuestro entorno natural<\/p>\n","protected":false},"author":0,"featured_media":5825,"comment_status":"open","ping_status":"open","sticky":false,"template":"","format":"standard","meta":{"_acf_changed":false,"footnotes":""},"categories":[1],"tags":[],"class_list":["post-5824","post","type-post","status-publish","format-standard","has-post-thumbnail","hentry","category-sin-categoria"],"acf":{"ser_id":"EIGDDI2QVVCRBAQLTSBEU5CA2Q","ser_url":"https:\/\/cadenaser.com\/comunitat-valenciana\/2024\/06\/05\/benidorm-celebra-el-dia-mundial-del-medio-ambiente-con-una-visita-a-la-cantera-del-raco-de-linfern-radio-benidorm\/"},"_links":{"self":[{"href":"https:\/\/serbenidorm.daliisolutions.com\/index.php\/wp-json\/wp\/v2\/posts\/5824","targetHints":{"allow":["GET"]}}],"collection":[{"href":"https:\/\/serbenidorm.daliisolutions.com\/index.php\/wp-json\/wp\/v2\/posts"}],"about":[{"href":"https:\/\/serbenidorm.daliisolutions.com\/index.php\/wp-json\/wp\/v2\/types\/post"}],"replies":[{"embeddable":true,"href":"https:\/\/serbenidorm.daliisolutions.com\/index.php\/wp-json\/wp\/v2\/comments?post=5824"}],"version-history":[{"count":0,"href":"https:\/\/serbenidorm.daliisolutions.com\/index.php\/wp-json\/wp\/v2\/posts\/5824\/revisions"}],"wp:featuredmedia":[{"embeddable":true,"href":"https:\/\/serbenidorm.daliisolutions.com\/index.php\/wp-json\/wp\/v2\/media\/5825"}],"wp:attachment":[{"href":"https:\/\/serbenidorm.daliisolutions.com\/index.php\/wp-json\/wp\/v2\/media?parent=5824"}],"wp:term":[{"taxonomy":"category","embeddable":true,"href":"https:\/\/serbenidorm.daliisolutions.com\/index.php\/wp-json\/wp\/v2\/categories?post=5824"},{"taxonomy":"post_tag","embeddable":true,"href":"https:\/\/serbenidorm.daliisolutions.com\/index.php\/wp-json\/wp\/v2\/tags?post=5824"}],"curies":[{"name":"wp","href":"https:\/\/api.w.org\/{rel}","templated":true}]}}