{"id":5826,"date":"2024-06-05T15:06:00","date_gmt":"2024-06-05T13:06:00","guid":{"rendered":"https:\/\/serbenidorm.daliisolutions.com\/index.php\/2024\/06\/05\/gonzalo-paulin-y-pipi-silva-primeras-confirmaciones-del-huesitos-la-vila\/"},"modified":"2024-06-05T15:06:00","modified_gmt":"2024-06-05T13:06:00","slug":"gonzalo-paulin-y-pipi-silva-primeras-confirmaciones-del-huesitos-la-vila","status":"publish","type":"post","link":"https:\/\/serbenidorm.daliisolutions.com\/index.php\/2024\/06\/05\/gonzalo-paulin-y-pipi-silva-primeras-confirmaciones-del-huesitos-la-vila\/","title":{"rendered":"Gonzalo Paul\u00edn y \u2018Pipi\u2019 Silva, primeras confirmaciones del Huesitos-La Vila"},"content":{"rendered":"  <p>El <a href=\"https:\/\/cadenaser.com\/tag\/club_rugby_la_vila\/a\/\" target=\"_blank\" rel=\"noopener\">Huesitos-La Vila<\/a> ha comenzado ya la preparaci\u00f3n de cara a la que ser\u00e1 su temporada de regreso a la <a href=\"https:\/\/cadenaser.com\/tag\/division_honor_rugby\/a\/\" target=\"_blank\" rel=\"noopener\">Divisi\u00f3n de Honor del rugby nacional<\/a>. Todav\u00eda queda mucho tiempo para que el XV vilero vuelva a pisar el c\u00e9sped del Estadio del Pantano, pero la actividad en los despachos del club es efervescente y eso se ha traducido, adem\u00e1s de en la ya anunciada <a href=\"https:\/\/cadenaser.com\/comunitat-valenciana\/2024\/06\/04\/el-rugby-vilero-seguira-alimentado-por-huesitos-una-temporada-mas-radio-benidorm\/\" target=\"_blank\" rel=\"noopener\">renovaci\u00f3n del patrocinio de Chocolates Valor<\/a>, en la llegada del primer fichaje del verano y la primera prolongaci\u00f3n de contrato.<\/p>  <p><p>M\u00e1s informaci\u00f3n<\/p><figure><img loading=\"lazy\" decoding=\"async\" src=\"https:\/\/cadenaser.com\/resizer\/v2\/XVX2PQXUW5DIJBJY5QLKRU2ETQ.jpg?auth=d145f53e3a4fd4058ad7ae01ac115cf7aa7ea997f947dc6ca3b9bd8fdb9461cf&amp;quality=70&amp;width=360&amp;height=202&amp;smart=true\" width=\"820\" height=\"621\" \/><\/figure><ul><li><a href=\"https:\/\/cadenaser.com\/tag\/club_rugby_la_vila\/a\/\"><span>Todas las noticias del Huesitos-La Vila<\/span><\/a><\/li><\/ul><\/p>   <p>En cuanto a las caras nuevas, el primer refuerzo para el regreso a la m\u00e1xima categor\u00eda del rugby nacional es Gonzalo \u2018Pipi\u2019 Silva, viejo conocido de la afici\u00f3n del Pantano ya que ya jug\u00f3 all\u00ed como local en la temporada 2021-2022. El primer centro, de 25 a\u00f1os y formado en la cantera de un hist\u00f3rico como el C.R. Salvador, regresa ahora a La Vila Joiosa procedente del Pasek Belenos asturiano.<\/p>   <p>El que tambi\u00e9n seguir\u00e1 en la campa\u00f1a 2024-2025 defendiendo los intereses del <a href=\"https:\/\/cadenaser.com\/tag\/club_rugby_la_vila\/a\/\" target=\"_blank\" rel=\"noopener\">Huesitos-La Vila<\/a> es el tercera l\u00ednea Gonzalo Paul\u00edn, uno de los art\u00edfices del reci\u00e9n conseguido ascenso a la Divisi\u00f3n de Honor.<\/p>   <p><p><strong>Sigue el canal de Carrusel en WhatsApp<\/strong><br \/>\u00a1Bienvenido al canal de Whatsapp de Carrusel! Toda la emoci\u00f3n del deporte, EN DIRECTO. Dirige Dani Garrido<\/p><a href=\"https:\/\/whatsapp.com\/channel\/0029Va8gTnP3rZZcN6Uzfi1x\" title=\"Suscr\u00edbete\">Suscr\u00edbete ahora<\/a><\/p> ","protected":false},"excerpt":{"rendered":"<p>El equipo vilero comienza a armar su plantilla para su campa\u00f1a de regreso a la m\u00e1xima categor\u00eda<\/p>\n","protected":false},"author":0,"featured_media":5827,"comment_status":"open","ping_status":"open","sticky":false,"template":"","format":"standard","meta":{"_acf_changed":false,"footnotes":""},"categories":[16],"tags":[],"class_list":["post-5826","post","type-post","status-publish","format-standard","has-post-thumbnail","hentry","category-deportes"],"acf":{"ser_id":"ZBO5KDLLU5BFZA4DOO7D7OLSEE","ser_url":"https:\/\/cadenaser.com\/comunitat-valenciana\/2024\/06\/05\/gonzalo-paulin-y-pipi-silva-primeras-confirmaciones-del-huesitos-la-vila-radio-benidorm-2\/"},"_links":{"self":[{"href":"https:\/\/serbenidorm.daliisolutions.com\/index.php\/wp-json\/wp\/v2\/posts\/5826","targetHints":{"allow":["GET"]}}],"collection":[{"href":"https:\/\/serbenidorm.daliisolutions.com\/index.php\/wp-json\/wp\/v2\/posts"}],"about":[{"href":"https:\/\/serbenidorm.daliisolutions.com\/index.php\/wp-json\/wp\/v2\/types\/post"}],"replies":[{"embeddable":true,"href":"https:\/\/serbenidorm.daliisolutions.com\/index.php\/wp-json\/wp\/v2\/comments?post=5826"}],"version-history":[{"count":0,"href":"https:\/\/serbenidorm.daliisolutions.com\/index.php\/wp-json\/wp\/v2\/posts\/5826\/revisions"}],"wp:featuredmedia":[{"embeddable":true,"href":"https:\/\/serbenidorm.daliisolutions.com\/index.php\/wp-json\/wp\/v2\/media\/5827"}],"wp:attachment":[{"href":"https:\/\/serbenidorm.daliisolutions.com\/index.php\/wp-json\/wp\/v2\/media?parent=5826"}],"wp:term":[{"taxonomy":"category","embeddable":true,"href":"https:\/\/serbenidorm.daliisolutions.com\/index.php\/wp-json\/wp\/v2\/categories?post=5826"},{"taxonomy":"post_tag","embeddable":true,"href":"https:\/\/serbenidorm.daliisolutions.com\/index.php\/wp-json\/wp\/v2\/tags?post=5826"}],"curies":[{"name":"wp","href":"https:\/\/api.w.org\/{rel}","templated":true}]}}