{"id":5828,"date":"2024-06-05T15:06:00","date_gmt":"2024-06-05T13:06:00","guid":{"rendered":"https:\/\/serbenidorm.daliisolutions.com\/index.php\/2024\/06\/05\/fabio-teixeira-talento-de-exportacion-para-el-tm-benidorm\/"},"modified":"2024-06-05T15:06:00","modified_gmt":"2024-06-05T13:06:00","slug":"fabio-teixeira-talento-de-exportacion-para-el-tm-benidorm","status":"publish","type":"post","link":"https:\/\/serbenidorm.daliisolutions.com\/index.php\/2024\/06\/05\/fabio-teixeira-talento-de-exportacion-para-el-tm-benidorm\/","title":{"rendered":"Fabio Teixeira, talento de exportaci\u00f3n para el TM Benidorm"},"content":{"rendered":"  <p>El <a href=\"https:\/\/cadenaser.com\/tag\/club_balonmano_benidorm\/a\/\" target=\"_blank\" rel=\"noopener\">Club Balonmano Benidorm<\/a> sigue trabajando en la conformaci\u00f3n de su plantilla para la que ser\u00e1 su und\u00e9cima temporada en la <a href=\"https:\/\/cadenaser.com\/tag\/liga_asobal\/a\/\" target=\"_blank\" rel=\"noopener\">Liga Asobal<\/a> y lo hace, adem\u00e1s, poniendo ya el punto de mira m\u00e1s all\u00e1 de la campa\u00f1a 2024-2025. As\u00ed, la entidad del Palau d\u2019Esports ha anunciado la llegada del portugu\u00e9s Fabio Teixeira que, eso s\u00ed, no formar\u00e1 con el <a href=\"https:\/\/cadenaser.com\/tag\/club_balonmano_benidorm\/a\/\" target=\"_blank\" rel=\"noopener\">TM Benidorm<\/a> la pr\u00f3xima temporada y jugar\u00e1 cedido en otro equipo en ese primer a\u00f1o.<\/p>   <p>El extremo izquierdo luso, de 24 a\u00f1os, desembarca en Benidorm procedente del Aguas Santas de la Primera Divisi\u00f3n portuguesa, que se qued\u00f3 a s\u00f3lo dos puntos de disputar la fase final por el t\u00edtulo tras terminar en quinta posici\u00f3n la fase regular de la competici\u00f3n.<\/p>  <p><p>M\u00e1s informaci\u00f3n<\/p><figure><img loading=\"lazy\" decoding=\"async\" src=\"https:\/\/cadenaser.com\/resizer\/v2\/BM74FJWKTFDCXBH77RJBF6LRMM.JPG?auth=52c6a27e1e5a6cfeccbb58480a761b2fa115eb35e646e7019360103ab240a0f5&amp;quality=70&amp;width=360&amp;height=202&amp;smart=true\" width=\"820\" height=\"621\" \/><\/figure><ul><li><a href=\"https:\/\/cadenaser.com\/comunitat-valenciana\/2024\/04\/03\/esta-sera-la-plantilla-del-tm-benidorm-para-la-temporada-2024-2025-radio-benidorm\/\"><span>Esta ser\u00e1 la plantilla del TM Benidorm para la temporada 2024-2025<\/span><\/a><\/li><\/ul><\/p>   <p>Teixeira ha sido ya dos veces internacional con la selecci\u00f3n del pa\u00eds vecino, con la que ha marcado once goles. En la reci\u00e9n terminada temporada, disput\u00f3 un total de 31 partidos con 60 goles.<\/p>   <p>El acuerdo entre el jugador y el Club Balonmano Benidorm se extiende hasta el final de la temporada 2027.<\/p>   <p><p><strong>Sigue el canal de Carrusel en WhatsApp<\/strong><br \/>\u00a1Bienvenido al canal de Whatsapp de Carrusel! Toda la emoci\u00f3n del deporte, EN DIRECTO. Dirige Dani Garrido<\/p><a href=\"https:\/\/whatsapp.com\/channel\/0029Va8gTnP3rZZcN6Uzfi1x\" title=\"Suscr\u00edbete\">Suscr\u00edbete ahora<\/a><\/p> ","protected":false},"excerpt":{"rendered":"<p>El jugador luso llega al Club Balonmano Benidorm para jugar cedido en otro equipo en su primera temporada<\/p>\n","protected":false},"author":0,"featured_media":5829,"comment_status":"open","ping_status":"open","sticky":false,"template":"","format":"standard","meta":{"_acf_changed":false,"footnotes":""},"categories":[16],"tags":[],"class_list":["post-5828","post","type-post","status-publish","format-standard","has-post-thumbnail","hentry","category-deportes"],"acf":{"ser_id":"FIAL5ERUYBEZTHZC6CPAMRJKGQ","ser_url":"https:\/\/cadenaser.com\/comunitat-valenciana\/2024\/06\/05\/fabio-teixeira-talento-de-exportacion-para-el-tm-benidorm-radio-benidorm\/"},"_links":{"self":[{"href":"https:\/\/serbenidorm.daliisolutions.com\/index.php\/wp-json\/wp\/v2\/posts\/5828","targetHints":{"allow":["GET"]}}],"collection":[{"href":"https:\/\/serbenidorm.daliisolutions.com\/index.php\/wp-json\/wp\/v2\/posts"}],"about":[{"href":"https:\/\/serbenidorm.daliisolutions.com\/index.php\/wp-json\/wp\/v2\/types\/post"}],"replies":[{"embeddable":true,"href":"https:\/\/serbenidorm.daliisolutions.com\/index.php\/wp-json\/wp\/v2\/comments?post=5828"}],"version-history":[{"count":0,"href":"https:\/\/serbenidorm.daliisolutions.com\/index.php\/wp-json\/wp\/v2\/posts\/5828\/revisions"}],"wp:featuredmedia":[{"embeddable":true,"href":"https:\/\/serbenidorm.daliisolutions.com\/index.php\/wp-json\/wp\/v2\/media\/5829"}],"wp:attachment":[{"href":"https:\/\/serbenidorm.daliisolutions.com\/index.php\/wp-json\/wp\/v2\/media?parent=5828"}],"wp:term":[{"taxonomy":"category","embeddable":true,"href":"https:\/\/serbenidorm.daliisolutions.com\/index.php\/wp-json\/wp\/v2\/categories?post=5828"},{"taxonomy":"post_tag","embeddable":true,"href":"https:\/\/serbenidorm.daliisolutions.com\/index.php\/wp-json\/wp\/v2\/tags?post=5828"}],"curies":[{"name":"wp","href":"https:\/\/api.w.org\/{rel}","templated":true}]}}