{"id":5841,"date":"2024-06-05T15:22:07","date_gmt":"2024-06-05T13:22:07","guid":{"rendered":"https:\/\/serbenidorm.daliisolutions.com\/index.php\/2024\/06\/05\/a-mordisco-limpio-en-la-nucia-a-beneficio-de-afem\/"},"modified":"2024-06-05T15:22:07","modified_gmt":"2024-06-05T13:22:07","slug":"a-mordisco-limpio-en-la-nucia-a-beneficio-de-afem","status":"publish","type":"post","link":"https:\/\/serbenidorm.daliisolutions.com\/index.php\/2024\/06\/05\/a-mordisco-limpio-en-la-nucia-a-beneficio-de-afem\/","title":{"rendered":"\u00abA Mordisco Limpio\u00bb en La Nuc\u00eda a beneficio de AFEM"},"content":{"rendered":"  <p>Trece actores y actrices del Grupo de Teatro de la Tercera Edad de La Nuc\u00eda se subir\u00e1n al escenario de l&#8217;Auditori este pr\u00f3ximo viernes para representar \u00abA Mordisco Limpio\u00bb. Se trata de una obra de teatro escrita expresamente para este grupo y que sirve como trabajo de fin de curso tras una intensa temporada de clases.<\/p>   <p>La directora del taller de teatro, Ana Vicente, los actores amateurs Lu\u00eds Hortal y Paqui Herrera y la edil de la Tercera Edad de La Nuc\u00eda, Beatriz P\u00e9rez Hickman, han estado en Hoy por Hoy Benidorm para promocionar el estreno de la obra y para recordar que tiene un componente ben\u00e9fico ya que toda la recaudaci\u00f3n de la entrada se destinar\u00e1 a ayudar a la Asociaci\u00f3n de Familiares de Enfermos Mentales de la Marina Baixa (AFEM).<\/p>   <p>Las entradas se pueden adquirir en las taquillas de l\u2019Auditori y a trav\u00e9s de la plataforma Instanticket: <a href=\"https:\/\/entradas.instanticket.es\/lanucia\/public\/janto\/main.php#\" rel=\"nofollow noopener\" target=\"_blank\">https:\/\/entradas.instanticket.es\/lanucia\/public\/janto\/main.php#<\/a>.<\/p>   <p>Ser\u00e1 la primera vez que se representa esta comedia teatral escrita por el nuciero Manuel S\u00e1nchez. En ella se cuenta el robo de unos cerdos y la aparici\u00f3n de unos vampiros y otros enredos amorosos y peligrosos habiendo vampiros en escena.<\/p>   <p>Tras largos meses de ensayos y montaje este viernes 7 de junio el Grupo de Teatro de la Tercera Edad \u201cLa Casilla\u201d de La Nuc\u00eda estrena \u201cA Mordisco Limpio\u201d. Este montaje teatral est\u00e1 dirigido por Ana Isabel Vicente y cuenta con 13 actores y actrices \u201cseniors\u201d: Manuela Hern\u00e1ndez (Rosalinda), Faustino Soto (Jes\u00fas), Paqui Herrera (\u00c1gata), Mar\u00eda Redondo (Samantha), \u00c1ngel Grech (Junior), \u00c1ngela Cano (Lucrecia), Juli\u00e1n L\u00f3pez (Edelmiro), Eva Dermekova (Mar\u00eda), Mercedes Villena (Juana), Luisa Moreno (Romualda), Luis Hortal (Crist\u00f3bal), Mariano S\u00e1nchez (Jacinto), Torcuato Rodr\u00edguez (Jos\u00e9) y Juan Manuel Carretero.<\/p>   <p>     .c-w{         max-width:444px;         width:100%;         margin:16px auto;      background:#00755E;         border-radius:4px;         display:flex;         align-items:center;         justify-content:center;     }     .c-w a{         display:flex;         align-items:center;         justify-content:center;         padding:4px 24px;     }     .c-w img{         width:24px;         margin-right:12px;     }     .c-w p{         font:18px\/25px Poppins;         text-align:center;         color:#fff;         margin:0;     }     @media (max-width:444px){         .c-w a{             padding:4px 12px;         }         .c-w img{             width:24px;             margin-right:8px;         }         .c-w p{             font:14px\/25px Poppins;         }     }     @media (max-width:335px){         .c-w p{             font:13px\/25px Poppins;         }     }  <div class=\"c-w\">     <a href=\"https:\/\/www.whatsapp.com\/channel\/0029Va633PF9WtC4l7XUzh1e\" target=\"_blank\" rel=\"noopener\">         <img decoding=\"async\" src=\"https:\/\/cadenaser.com\/estaticos\/recursosgraficos\/responsive\/img\/ico-whatsapp.svg\" alt=\"Whatsapp\">         <p>\u00danete al <b>canal de WhatsApp<\/b> de la SER<\/p>     <\/a> <\/div><\/p> ","protected":false},"excerpt":{"rendered":"<p>Los actores del Grupo de Teatro 3\u00aa Edad de La Nuc\u00eda estrenan obra de fin de curso en l&#8217;Auditori el 7 de junio<\/p>\n","protected":false},"author":0,"featured_media":5842,"comment_status":"open","ping_status":"open","sticky":false,"template":"","format":"standard","meta":{"_acf_changed":false,"footnotes":""},"categories":[1],"tags":[],"class_list":["post-5841","post","type-post","status-publish","format-standard","has-post-thumbnail","hentry","category-sin-categoria"],"acf":{"ser_id":"AG3ERG5XLNAX5E2LLEHXP2DJN4","ser_url":"https:\/\/cadenaser.com\/comunitat-valenciana\/2024\/06\/05\/a-mordisco-limpio-en-la-nucia-a-beneficio-de-afem-radio-benidorm\/"},"_links":{"self":[{"href":"https:\/\/serbenidorm.daliisolutions.com\/index.php\/wp-json\/wp\/v2\/posts\/5841","targetHints":{"allow":["GET"]}}],"collection":[{"href":"https:\/\/serbenidorm.daliisolutions.com\/index.php\/wp-json\/wp\/v2\/posts"}],"about":[{"href":"https:\/\/serbenidorm.daliisolutions.com\/index.php\/wp-json\/wp\/v2\/types\/post"}],"replies":[{"embeddable":true,"href":"https:\/\/serbenidorm.daliisolutions.com\/index.php\/wp-json\/wp\/v2\/comments?post=5841"}],"version-history":[{"count":0,"href":"https:\/\/serbenidorm.daliisolutions.com\/index.php\/wp-json\/wp\/v2\/posts\/5841\/revisions"}],"wp:featuredmedia":[{"embeddable":true,"href":"https:\/\/serbenidorm.daliisolutions.com\/index.php\/wp-json\/wp\/v2\/media\/5842"}],"wp:attachment":[{"href":"https:\/\/serbenidorm.daliisolutions.com\/index.php\/wp-json\/wp\/v2\/media?parent=5841"}],"wp:term":[{"taxonomy":"category","embeddable":true,"href":"https:\/\/serbenidorm.daliisolutions.com\/index.php\/wp-json\/wp\/v2\/categories?post=5841"},{"taxonomy":"post_tag","embeddable":true,"href":"https:\/\/serbenidorm.daliisolutions.com\/index.php\/wp-json\/wp\/v2\/tags?post=5841"}],"curies":[{"name":"wp","href":"https:\/\/api.w.org\/{rel}","templated":true}]}}