{"id":5859,"date":"2024-06-06T16:20:32","date_gmt":"2024-06-06T14:20:32","guid":{"rendered":"https:\/\/serbenidorm.daliisolutions.com\/index.php\/2024\/06\/06\/consulta-las-notas-de-las-pruebas-de-acceso-a-la-universidad-2024-en-la-comunitat-valenciana-conoce-los-resultados-de-tus-examenes-online\/"},"modified":"2024-06-06T16:20:32","modified_gmt":"2024-06-06T14:20:32","slug":"consulta-las-notas-de-las-pruebas-de-acceso-a-la-universidad-2024-en-la-comunitat-valenciana-conoce-los-resultados-de-tus-examenes-online","status":"publish","type":"post","link":"https:\/\/serbenidorm.daliisolutions.com\/index.php\/2024\/06\/06\/consulta-las-notas-de-las-pruebas-de-acceso-a-la-universidad-2024-en-la-comunitat-valenciana-conoce-los-resultados-de-tus-examenes-online\/","title":{"rendered":"Consulta las notas de las pruebas de acceso a la universidad 2024 en la Comunitat Valenciana: conoce los resultados de tus ex\u00e1menes online"},"content":{"rendered":"  <p>Un total de 24.244 estudiantes de la Comunitat Valenciana se presentan a las Pruebas de Acceso a la Universidad de 2024, lo que supone un incremento del 5,62% respecto a 2023.<\/p>   <p>El alumnado podr\u00e1 consultar sus calificaciones a partir de las 13:00 horas del 14 de junio y el plazo para solicitar la revisi\u00f3n de examen se establece del 17 al 19 de junio a las 14 horas.<\/p>   <p>Comprueba tus notas en este enlace de la Conselleria de Educaci\u00f3 <a href=\"https:\/\/appweb.edu.gva.es\/paseu\"><b>https:\/\/appweb.edu.gva.es\/paseu<\/b><\/a><\/p>   <p>Fechas<\/p>   <p><li>Correcci\u00f3n de ex\u00e1menes: del 7 al 12 de junio.<\/li><li>Introducci\u00f3n de notas: 13 de junio.<\/li><li>Entrega de notas: 14 de junio, a partir de las 13 horas.<\/li><li>Plazo para solicitar revisiones: 17, 18 y 19 de junio, (el plazo finaliza a las 14 horas del d\u00eda 19)<\/li><li>Resoluci\u00f3n por la Comisi\u00f3n Gestora de las revisiones (incluyendo, si es el caso, la tercera correcci\u00f3n): 21 de junio.<\/li><li>Per\u00edodo de petici\u00f3n de ver ex\u00e1menes: 25 y 26 de junio para las provincias de Castell\u00f3n y Valencia. 26 y 27 de junio para la provincia de Alicante.<\/li><li>Visualizaci\u00f3n de ex\u00e1menes: 28 de junio para las provincias de Castell\u00f3n y Valencia. 1 de julio para la provincia de Alicante.<\/li><\/p>   <p>Segunda convocatoria<\/p>   <p>En caso de no superar la convocatoria ordinaria, siempre quedar\u00e1 la segunda convocatoria para el mes de julio, y estas son las fechas y horarios de todo el proceso:<\/p>   <p><li>Matriculaci\u00f3n del estudiantado en las PAU: 17 al 21 de junio, (el plazo finaliza a las 14 horas del d\u00eda 21 de junio). El d\u00eda 25 de junio, hasta las 14 horas, es para que los centros educativos acaben las gestiones de matr\u00edcula y graben toda la informaci\u00f3n, aunque se aconseja hacer este trabajo en cuanto se pueda. Los centros de la provincia de Alicante podr\u00e1n hacer este proceso hasta el d\u00eda 26 de junio a las 14 horas.<\/li><li>Control de listados y aulas por las universidades: 27 y 28 de junio y 1 de julio.<\/li><li>Realizaci\u00f3n de los ex\u00e1menes de las PAU por el alumnado: 2, 3 y 4 de julio (en caso de solapamiento de ex\u00e1menes en horario, podr\u00eda haber alg\u00fan examen el viernes d\u00eda 5 de julio).<\/li><li>Correcci\u00f3n de ex\u00e1menes: del 5 al 8 de julio.<\/li><li>Introducci\u00f3n de notas: 9 de julio.<\/li><li>Entrega de notas: 9 de julio, a partir de las 17 horas.<\/li><li>Plazo para solicitar revisiones: 10, 11 y 12 de julio (el plazo finaliza a las 14 horas del d\u00eda 12).<\/li><li>Resoluci\u00f3n por la Comisi\u00f3n Gestora de las revisiones (incluyendo, si es el caso, la tercera correcci\u00f3n): 16 de julio.<\/li><li>Per\u00edodo de petici\u00f3n de ver ex\u00e1menes: 17 y 18 de julio.<\/li><li>Visualizaci\u00f3n de ex\u00e1menes: 22 de julio.<\/li><li>Correcci\u00f3n de ex\u00e1menes: del 7 al 12 de junio.<\/li><li>Introducci\u00f3n de notas: 13 de junio.<\/li><li>Entrega de notas: 14 de junio, a partir de las 13 horas.<\/li><li>Plazo para solicitar revisiones: 17, 18 y 19 de junio, (el plazo finaliza a las 14 horas del d\u00eda 19)<\/li><li>Resoluci\u00f3n por la Comisi\u00f3n Gestora de las revisiones (incluyendo, si es el caso, la tercera correcci\u00f3n): 21 de junio.<\/li><li>Per\u00edodo de petici\u00f3n de ver ex\u00e1menes: 25 y 26 de junio para las provincias de Castell\u00f3n y Valencia. 26 y 27 de junio para la provincia de Alicante.<\/li><li>Visualizaci\u00f3n de ex\u00e1menes: 28 de junio para las provincias de Castell\u00f3n y Valencia. 1 de julio para la provincia de Alicante.<\/li><\/p> ","protected":false},"excerpt":{"rendered":"<p>Los estudiantes de Valencia, Alicante y Castell\u00f3n pueden conocer sus calificaciones de las PAU a trav\u00e9s de la p\u00e1gina web facilitada por la Conselleria de Educaci\u00f3n <\/p>\n","protected":false},"author":0,"featured_media":5860,"comment_status":"open","ping_status":"open","sticky":false,"template":"","format":"standard","meta":{"_acf_changed":false,"footnotes":""},"categories":[1],"tags":[],"class_list":["post-5859","post","type-post","status-publish","format-standard","has-post-thumbnail","hentry","category-sin-categoria"],"acf":{"ser_id":"I7UFOGRIBRAVFEARQSJXW7ZQ54","ser_url":"https:\/\/cadenaser.com\/comunitat-valenciana\/2024\/06\/06\/consulta-las-notas-de-las-pruebas-de-acceso-a-la-universidad-2024-en-la-comunitat-valenciana-conoce-los-resultados-de-tus-examenes-online-radio-valencia\/"},"_links":{"self":[{"href":"https:\/\/serbenidorm.daliisolutions.com\/index.php\/wp-json\/wp\/v2\/posts\/5859","targetHints":{"allow":["GET"]}}],"collection":[{"href":"https:\/\/serbenidorm.daliisolutions.com\/index.php\/wp-json\/wp\/v2\/posts"}],"about":[{"href":"https:\/\/serbenidorm.daliisolutions.com\/index.php\/wp-json\/wp\/v2\/types\/post"}],"replies":[{"embeddable":true,"href":"https:\/\/serbenidorm.daliisolutions.com\/index.php\/wp-json\/wp\/v2\/comments?post=5859"}],"version-history":[{"count":0,"href":"https:\/\/serbenidorm.daliisolutions.com\/index.php\/wp-json\/wp\/v2\/posts\/5859\/revisions"}],"wp:featuredmedia":[{"embeddable":true,"href":"https:\/\/serbenidorm.daliisolutions.com\/index.php\/wp-json\/wp\/v2\/media\/5860"}],"wp:attachment":[{"href":"https:\/\/serbenidorm.daliisolutions.com\/index.php\/wp-json\/wp\/v2\/media?parent=5859"}],"wp:term":[{"taxonomy":"category","embeddable":true,"href":"https:\/\/serbenidorm.daliisolutions.com\/index.php\/wp-json\/wp\/v2\/categories?post=5859"},{"taxonomy":"post_tag","embeddable":true,"href":"https:\/\/serbenidorm.daliisolutions.com\/index.php\/wp-json\/wp\/v2\/tags?post=5859"}],"curies":[{"name":"wp","href":"https:\/\/api.w.org\/{rel}","templated":true}]}}