{"id":5896,"date":"2024-06-07T15:43:54","date_gmt":"2024-06-07T13:43:54","guid":{"rendered":"https:\/\/serbenidorm.daliisolutions.com\/index.php\/2024\/06\/07\/las-obras-del-ies-pere-maria-orts-i-bosch-de-benidorm-siguen-sin-licitarse-seis-meses-despues-del-anuncio-de-educacion\/"},"modified":"2024-06-07T15:43:54","modified_gmt":"2024-06-07T13:43:54","slug":"las-obras-del-ies-pere-maria-orts-i-bosch-de-benidorm-siguen-sin-licitarse-seis-meses-despues-del-anuncio-de-educacion","status":"publish","type":"post","link":"https:\/\/serbenidorm.daliisolutions.com\/index.php\/2024\/06\/07\/las-obras-del-ies-pere-maria-orts-i-bosch-de-benidorm-siguen-sin-licitarse-seis-meses-despues-del-anuncio-de-educacion\/","title":{"rendered":"Las obras del IES Pere Maria Orts i Bosch de Benidorm siguen sin licitarse seis meses despu\u00e9s del anuncio de Educaci\u00f3n"},"content":{"rendered":"  <p>\u201cEspero que la licitaci\u00f3n se produzca a finales de este a\u00f1o o principios del pr\u00f3ximo para que se saque a concurso y las obras puedan comenzar antes de finales del 2024\u201d. <a href=\"https:\/\/cadenaser.com\/comunitat-valenciana\/2023\/11\/29\/educacion-asegura-que-las-obras-del-ies-pere-maria-orts-i-bosch-de-benidorm-empezaran-en-2024-radio-benidorm\/\" target=\"_blank\" rel=\"noopener\">As\u00ed se pronunciaba el 29 de noviembre de 2023 el conseller de Educaci\u00f3n de la Generalitat Valenciana Jos\u00e9 Antonio Rovira durante una visita a Benidorm<\/a>.<\/p>   <p>Han pasado m\u00e1s de seis meses y el PSOE, al frente de la oposici\u00f3n en la capital tur\u00edstica, denuncia que el conseller viniera a la ciudad a \u201cvender humo\u201d y a \u201cburlarse de los benidormenses con la complicidad de Toni P\u00e9rez\u201d: \u201cEl tiempo nos est\u00e1 dando la raz\u00f3n, aquella visita que realiz\u00f3 Rovira el pasado mes de noviembre fue un completo tour de las mentiras. Solo le hicieron falta cuatro meses en el cargo para visitar el centro personalmente y enga\u00f1ar a toda la comunidad educativa\u201d, ha destacado su portavoz adjunto Sergi Castillo.<\/p>  <p><p>M\u00e1s informaci\u00f3n<\/p><figure><img loading=\"lazy\" decoding=\"async\" src=\"https:\/\/cadenaser.com\/resizer\/v2\/2STUUPNPLZATBOL2GUVIGTBAW4.jpeg?auth=76cfab7d04d3b80cbde6533b201117473e40c5676113199e295d9f398b922595&amp;quality=70&amp;width=360&amp;height=202&amp;smart=true\" width=\"820\" height=\"621\" \/><\/figure><ul><li><a href=\"https:\/\/cadenaser.com\/comunitat-valenciana\/2023\/11\/29\/educacion-asegura-que-las-obras-del-ies-pere-maria-orts-i-bosch-de-benidorm-empezaran-en-2024-radio-benidorm\/\"><span>Educaci\u00f3n asegura que las obras del IES Pere Mar\u00eda Orts i Bosch de Benidorm empezar\u00e1n en 2024<\/span><\/a><\/li><\/ul><\/p>   <p>Continuando con los incumplimientos, Castillo ha se\u00f1alado que \u201ctampoco sabemos nada\u201d de las mejoras tan necesarias para los colegios Vasco N\u00fa\u00f1ez de Balboa y Ausi\u00e0s March anunciadas hace cinco meses por el director general de Infraestructuras Educativas de la Generalitat Valenciana, Rafael Valc\u00e1rcel.<\/p>   <p>En este sentido, ha recordado que durante su visita a estos dos colegios, Valc\u00e1rcel prometi\u00f3 que se retomar\u00edan \u201cen breve\u201d estos dos proyectos. \u201cEstamos casi a final de curso y todo sigue igual. El director general hizo lo mismo que su jefe, vino a la ciudad para hacerse una foto y vender falsas promesas\u201d, ha apuntado.<\/p>   <p>M\u00e1s de una d\u00e9cada en barracones<\/p>   <p>Gobiernos del PP y del PSOE se han sucedido en los m\u00e1s de diez a\u00f1os que los alumnos del IES Pere Maria Orts y Bosch de Benidorm llevan estudiando en barracones. Las promesas pol\u00edticas y las cr\u00edticas al contrario al respecto se alternaban al igual que el poder auton\u00f3mico de ambas formaciones.<\/p>   <p>     .c-w{         max-width:444px;         width:100%;         margin:16px auto;      background:#00755E;         border-radius:4px;         display:flex;         align-items:center;         justify-content:center;     }     .c-w a{         display:flex;         align-items:center;         justify-content:center;         padding:4px 24px;     }     .c-w img{         width:24px;         margin-right:12px;     }     .c-w p{         font:18px\/25px Poppins;         text-align:center;         color:#fff;         margin:0;     }     @media (max-width:444px){         .c-w a{             padding:4px 12px;         }         .c-w img{             width:24px;             margin-right:8px;         }         .c-w p{             font:14px\/25px Poppins;         }     }     @media (max-width:335px){         .c-w p{             font:13px\/25px Poppins;         }     }  <div class=\"c-w\">     <a href=\"https:\/\/www.whatsapp.com\/channel\/0029Va633PF9WtC4l7XUzh1e\" target=\"_blank\" rel=\"noopener\">         <img decoding=\"async\" src=\"https:\/\/cadenaser.com\/estaticos\/recursosgraficos\/responsive\/img\/ico-whatsapp.svg\" alt=\"Whatsapp\">         <p>\u00danete al <b>canal de WhatsApp<\/b> de la SER<\/p>     <\/a> <\/div><\/p>   <p>En la visita del conseller popular el pasado noviembre el alcalde Toni P\u00e9rez, que le acompa\u00f1aba, se\u00f1al\u00f3 que \u201chay muchas ganas de poner fin a ocho a\u00f1os de promesas incumplidas con distintos plazos siempre con casu\u00edsticas nunca explicadas\u201d.<\/p>   <p>El primer edil consideraba entonces que \u201ces manifiesta la situaci\u00f3n de deterioro de ese instituto\u201d y tras declararse \u201csiempre cauteloso con los plazos administrativos\u201d se\u00f1al\u00f3 que \u201csi en el primer trimestre de 2024 esta es una obra que est\u00e1 en proceso de licitaci\u00f3n, ser\u00e1 una gran noticia para la ciudad de Benidorm\u201d. La noticia, por el momento, no ha llegado.<\/p> ","protected":false},"excerpt":{"rendered":"<p>El conseller Jos\u00e9 Antonio Rovira asegur\u00f3 a finales de noviembre del a\u00f1o pasado que la licitaci\u00f3n ser\u00eda \u00abinminente\u00bb  y el PSOE denuncia ahora que no hay noticias al respecto \u00aby menos a\u00fan de la previsi\u00f3n del inicio de los trabajos\u00bb<\/p>\n","protected":false},"author":0,"featured_media":5897,"comment_status":"open","ping_status":"open","sticky":false,"template":"","format":"standard","meta":{"_acf_changed":false,"footnotes":""},"categories":[1],"tags":[],"class_list":["post-5896","post","type-post","status-publish","format-standard","has-post-thumbnail","hentry","category-sin-categoria"],"acf":{"ser_id":"IHHTAM73XRBWHBOVD3MSOYUUZM","ser_url":"https:\/\/cadenaser.com\/comunitat-valenciana\/2024\/06\/07\/las-obras-del-ies-pere-maria-orts-i-bosch-de-benidorm-siguen-sin-licitarse-siete-meses-despues-del-anuncio-del-conseller-de-educacion-radio-benidorm\/"},"_links":{"self":[{"href":"https:\/\/serbenidorm.daliisolutions.com\/index.php\/wp-json\/wp\/v2\/posts\/5896","targetHints":{"allow":["GET"]}}],"collection":[{"href":"https:\/\/serbenidorm.daliisolutions.com\/index.php\/wp-json\/wp\/v2\/posts"}],"about":[{"href":"https:\/\/serbenidorm.daliisolutions.com\/index.php\/wp-json\/wp\/v2\/types\/post"}],"replies":[{"embeddable":true,"href":"https:\/\/serbenidorm.daliisolutions.com\/index.php\/wp-json\/wp\/v2\/comments?post=5896"}],"version-history":[{"count":0,"href":"https:\/\/serbenidorm.daliisolutions.com\/index.php\/wp-json\/wp\/v2\/posts\/5896\/revisions"}],"wp:featuredmedia":[{"embeddable":true,"href":"https:\/\/serbenidorm.daliisolutions.com\/index.php\/wp-json\/wp\/v2\/media\/5897"}],"wp:attachment":[{"href":"https:\/\/serbenidorm.daliisolutions.com\/index.php\/wp-json\/wp\/v2\/media?parent=5896"}],"wp:term":[{"taxonomy":"category","embeddable":true,"href":"https:\/\/serbenidorm.daliisolutions.com\/index.php\/wp-json\/wp\/v2\/categories?post=5896"},{"taxonomy":"post_tag","embeddable":true,"href":"https:\/\/serbenidorm.daliisolutions.com\/index.php\/wp-json\/wp\/v2\/tags?post=5896"}],"curies":[{"name":"wp","href":"https:\/\/api.w.org\/{rel}","templated":true}]}}