{"id":5898,"date":"2024-06-07T15:43:54","date_gmt":"2024-06-07T13:43:54","guid":{"rendered":"https:\/\/serbenidorm.daliisolutions.com\/index.php\/2024\/06\/07\/jorge-crivilles-esta-vez-lo-voy-a-conseguir-seguro\/"},"modified":"2024-06-07T15:43:54","modified_gmt":"2024-06-07T13:43:54","slug":"jorge-crivilles-esta-vez-lo-voy-a-conseguir-seguro","status":"publish","type":"post","link":"https:\/\/serbenidorm.daliisolutions.com\/index.php\/2024\/06\/07\/jorge-crivilles-esta-vez-lo-voy-a-conseguir-seguro\/","title":{"rendered":"Jorge Crivill\u00e9s: \u00abEsta vez lo voy a conseguir seguro\u00bb"},"content":{"rendered":"  <p>El alicantino Jorge Crivill\u00e9s se lanzar\u00e1 al agua al filo de la medianoche de este viernes para tratar de completar la traves\u00eda entre las islas de Tabarca y Benidorm que el pasado mes de noviembre, en medio de un fort\u00edsimo temporal, tuvo que abandonar sin poder completar la aventura.<\/p>  <p><p>M\u00e1s informaci\u00f3n<\/p><figure><img loading=\"lazy\" decoding=\"async\" src=\"https:\/\/cadenaser.com\/resizer\/v2\/WBLWU2FCY5HJPOEIOGAEAY3HOQ.JPG?auth=e0a8ed93ec54f746c38b251488f8985173bc4c16498dda46fc86c89e85b30474&amp;quality=70&amp;width=360&amp;height=202&amp;smart=true\" width=\"820\" height=\"621\" \/><\/figure><ul><li><a href=\"https:\/\/cadenaser.com\/comunitat-valenciana\/2024\/06\/04\/jorge-crivilles-vuelve-a-lanzarse-al-agua-para-unir-las-islas-de-tabarca-y-benidorm-radio-benidorm\/\"><span>Jorge Crivill\u00e9s vuelve a lanzarse al agua para unir las islas de Tabarca y Benidorm<\/span><\/a><\/li><\/ul><\/p>   <p>Ahora, con condiciones m\u00e1s propicias (aunque no ideales), Crivill\u00e9s, que es el \u00fanico espa\u00f1ol que ha conseguido completar el reto de los siete oc\u00e9anos, volver\u00e1 a enfrentarse a esos 50 kil\u00f3metros que, como ha explicado en Hoy por Hoy Benidorm, \u201ctienen un trasfondo deportivo, pero en los que lo importante es el componente solidario\u201d, ya que se trata de una propuesta para recaudar fondos en favor de la investigaci\u00f3n contra el c\u00e1ncer infantil.<\/p>   <p>Ese reto, adem\u00e1s, cuenta con el patrocinio de la Fundaci\u00f3n Asisa, que asumir\u00e1 los costes de la organizaci\u00f3n de la traves\u00eda.<\/p>   <p>Sigue la traves\u00eda en directo<\/p>   <p>Jorge Crivill\u00e9s se lanzar\u00e1 al agua en la medianoche de este viernes y tiene prevista la llegada a la isla de Benidorm alrededor de las seis de la tarde del s\u00e1bado. Toda su aventura se puede seguir en directo y en tiempo real a trav\u00e9s de <a href=\"https:\/\/www.vesselfinder.com\/es\/?mmsi=224065440\" rel=\"nofollow noopener\" target=\"_blank\"><b>este enlace<\/b><\/a>.<\/p>   <p><p><strong>Sigue el canal de Carrusel en WhatsApp<\/strong><br \/>\u00a1Bienvenido al canal de Whatsapp de Carrusel! Toda la emoci\u00f3n del deporte, EN DIRECTO. Dirige Dani Garrido<\/p><a href=\"https:\/\/whatsapp.com\/channel\/0029Va8gTnP3rZZcN6Uzfi1x\" title=\"Suscr\u00edbete\">Suscr\u00edbete ahora<\/a><\/p> ","protected":false},"excerpt":{"rendered":"<p>Sigue la traves\u00eda del nadador alicantino entre las islas de Tabarca y Benidorm en tiempo real<\/p>\n","protected":false},"author":0,"featured_media":5899,"comment_status":"open","ping_status":"open","sticky":false,"template":"","format":"standard","meta":{"_acf_changed":false,"footnotes":""},"categories":[16],"tags":[],"class_list":["post-5898","post","type-post","status-publish","format-standard","has-post-thumbnail","hentry","category-deportes"],"acf":{"ser_id":"TFSPREZPRBGHBNW2PJFAPQWZ2A","ser_url":"https:\/\/cadenaser.com\/comunitat-valenciana\/2024\/06\/07\/jorge-crivilles-esta-vez-lo-voy-a-conseguir-seguro-radio-benidorm\/"},"_links":{"self":[{"href":"https:\/\/serbenidorm.daliisolutions.com\/index.php\/wp-json\/wp\/v2\/posts\/5898","targetHints":{"allow":["GET"]}}],"collection":[{"href":"https:\/\/serbenidorm.daliisolutions.com\/index.php\/wp-json\/wp\/v2\/posts"}],"about":[{"href":"https:\/\/serbenidorm.daliisolutions.com\/index.php\/wp-json\/wp\/v2\/types\/post"}],"replies":[{"embeddable":true,"href":"https:\/\/serbenidorm.daliisolutions.com\/index.php\/wp-json\/wp\/v2\/comments?post=5898"}],"version-history":[{"count":0,"href":"https:\/\/serbenidorm.daliisolutions.com\/index.php\/wp-json\/wp\/v2\/posts\/5898\/revisions"}],"wp:featuredmedia":[{"embeddable":true,"href":"https:\/\/serbenidorm.daliisolutions.com\/index.php\/wp-json\/wp\/v2\/media\/5899"}],"wp:attachment":[{"href":"https:\/\/serbenidorm.daliisolutions.com\/index.php\/wp-json\/wp\/v2\/media?parent=5898"}],"wp:term":[{"taxonomy":"category","embeddable":true,"href":"https:\/\/serbenidorm.daliisolutions.com\/index.php\/wp-json\/wp\/v2\/categories?post=5898"},{"taxonomy":"post_tag","embeddable":true,"href":"https:\/\/serbenidorm.daliisolutions.com\/index.php\/wp-json\/wp\/v2\/tags?post=5898"}],"curies":[{"name":"wp","href":"https:\/\/api.w.org\/{rel}","templated":true}]}}