{"id":5900,"date":"2024-06-07T15:43:56","date_gmt":"2024-06-07T13:43:56","guid":{"rendered":"https:\/\/serbenidorm.daliisolutions.com\/index.php\/2024\/06\/07\/directo-el-sporting-la-nucia-se-mide-al-gran-canaria-para-defender-sus-dos-goles-de-ventaja\/"},"modified":"2024-06-07T15:43:56","modified_gmt":"2024-06-07T13:43:56","slug":"directo-el-sporting-la-nucia-se-mide-al-gran-canaria-para-defender-sus-dos-goles-de-ventaja","status":"publish","type":"post","link":"https:\/\/serbenidorm.daliisolutions.com\/index.php\/2024\/06\/07\/directo-el-sporting-la-nucia-se-mide-al-gran-canaria-para-defender-sus-dos-goles-de-ventaja\/","title":{"rendered":"Directo: El Sporting La Nuc\u00eda se mide al Gran Canaria para defender sus dos goles de ventaja"},"content":{"rendered":"  <p>Un largu\u00edsimo desplazamiento a la isla de Gran Canaria y, sobre todo, un partido de vuelta en el que defender el 5-3 conseguido el pasado s\u00e1bado en el pabell\u00f3n Camilo Cano, es lo que separa al Sporting La Nuc\u00eda de meterse en la final por el ascenso a la Segunda Divisi\u00f3n del f\u00fatbol sala nacional.<\/p>   <p>Los nucieros se las tendr\u00e1n que ver con un conjunto grancanario que ya ha disputado varias fases de ascenso a la categor\u00eda de plata y que sali\u00f3 vivo del choque de ida y que conf\u00eda en poder hacer valer el factor cancha para remontar los dos goles de ventaja con los que parte el equipo entrenador por David \u2018Dada\u2019 Valverde.<\/p>  <p><p>M\u00e1s informaci\u00f3n<\/p><figure><img loading=\"lazy\" decoding=\"async\" src=\"https:\/\/cadenaser.com\/resizer\/v2\/CCB4RCEUIBF2PB3B4GEPLYK5TE.jpg?auth=fb6585dcecc1f4a9a68ed3632e234f400d31b2597c58b09fa0007f9d00a241c5&amp;quality=70&amp;width=360&amp;height=202&amp;smart=true\" width=\"820\" height=\"621\" \/><\/figure><ul><li><a href=\"https:\/\/cadenaser.com\/comunitat-valenciana\/2024\/06\/03\/el-sporting-la-nucia-toma-ventaja-en-el-camilo-cano-radio-benidorm\/\"><span>El Sporting La Nuc\u00eda toma ventaja en el Camilo Cano<\/span><\/a><\/li><\/ul><\/p>   <p>Se trata, evidentemente, de una oportunidad hist\u00f3rica para el conjunto rojillo, que nunca antes en su andadura ha estado tan cerca de disputar la gran final por hacerse con una de las tres \u00fanicas plazas de ascenso a las que aspiraban los 96 equipos que arrancaban el pasado mes de septiembre la competici\u00f3n repartidos entre los 6 grupos de la Segunda Divisi\u00f3n B.<\/p>   <p>Aunque la renta de dos tantos no es, ni mucho menos, definitiva, s\u00ed da a los de Dada una muy ligera ventaja de cara a un partido del que el capit\u00e1n de los rojillos, Tobe, ha explicado en Radio Benidorm que afrontan con mucha confianza.<\/p>   <p>La final en directo<\/p>   <p><div><\/div><div><\/div><\/p>   <p><p><strong>Sigue el canal de Carrusel en WhatsApp<\/strong><br \/>\u00a1Bienvenido al canal de Whatsapp de Carrusel! Toda la emoci\u00f3n del deporte, EN DIRECTO. Dirige Dani Garrido<\/p><a href=\"https:\/\/whatsapp.com\/channel\/0029Va8gTnP3rZZcN6Uzfi1x\" title=\"Suscr\u00edbete\">Suscr\u00edbete ahora<\/a><\/p> ","protected":false},"excerpt":{"rendered":"<p>El equipo de Dada est\u00e1 a s\u00f3lo un paso de meterse en la final por el ascenso a la Segunda Divisi\u00f3n<\/p>\n","protected":false},"author":0,"featured_media":5901,"comment_status":"open","ping_status":"open","sticky":false,"template":"","format":"standard","meta":{"_acf_changed":false,"footnotes":""},"categories":[16],"tags":[],"class_list":["post-5900","post","type-post","status-publish","format-standard","has-post-thumbnail","hentry","category-deportes"],"acf":{"ser_id":"YVRQKIKG65BHNFYGLIMME3VA7Y","ser_url":"https:\/\/cadenaser.com\/comunitat-valenciana\/2024\/06\/07\/directo-el-sporting-la-nucia-se-mide-al-gran-canaria-para-defender-sus-dos-goles-de-ventaja-radio-benidorm\/"},"_links":{"self":[{"href":"https:\/\/serbenidorm.daliisolutions.com\/index.php\/wp-json\/wp\/v2\/posts\/5900","targetHints":{"allow":["GET"]}}],"collection":[{"href":"https:\/\/serbenidorm.daliisolutions.com\/index.php\/wp-json\/wp\/v2\/posts"}],"about":[{"href":"https:\/\/serbenidorm.daliisolutions.com\/index.php\/wp-json\/wp\/v2\/types\/post"}],"replies":[{"embeddable":true,"href":"https:\/\/serbenidorm.daliisolutions.com\/index.php\/wp-json\/wp\/v2\/comments?post=5900"}],"version-history":[{"count":0,"href":"https:\/\/serbenidorm.daliisolutions.com\/index.php\/wp-json\/wp\/v2\/posts\/5900\/revisions"}],"wp:featuredmedia":[{"embeddable":true,"href":"https:\/\/serbenidorm.daliisolutions.com\/index.php\/wp-json\/wp\/v2\/media\/5901"}],"wp:attachment":[{"href":"https:\/\/serbenidorm.daliisolutions.com\/index.php\/wp-json\/wp\/v2\/media?parent=5900"}],"wp:term":[{"taxonomy":"category","embeddable":true,"href":"https:\/\/serbenidorm.daliisolutions.com\/index.php\/wp-json\/wp\/v2\/categories?post=5900"},{"taxonomy":"post_tag","embeddable":true,"href":"https:\/\/serbenidorm.daliisolutions.com\/index.php\/wp-json\/wp\/v2\/tags?post=5900"}],"curies":[{"name":"wp","href":"https:\/\/api.w.org\/{rel}","templated":true}]}}