{"id":5902,"date":"2024-06-07T15:43:57","date_gmt":"2024-06-07T13:43:57","guid":{"rendered":"https:\/\/serbenidorm.daliisolutions.com\/index.php\/2024\/06\/07\/tras-la-resaca-del-ascenso-el-c-b-terralfas-inicia-la-planificacion-de-la-proxima-temporada\/"},"modified":"2024-06-07T15:43:57","modified_gmt":"2024-06-07T13:43:57","slug":"tras-la-resaca-del-ascenso-el-c-b-terralfas-inicia-la-planificacion-de-la-proxima-temporada","status":"publish","type":"post","link":"https:\/\/serbenidorm.daliisolutions.com\/index.php\/2024\/06\/07\/tras-la-resaca-del-ascenso-el-c-b-terralfas-inicia-la-planificacion-de-la-proxima-temporada\/","title":{"rendered":"Tras la resaca del ascenso, el C.B. Terralf\u00e0s inicia la planificaci\u00f3n de la pr\u00f3xima temporada"},"content":{"rendered":"  <p>Todav\u00eda flotando en la nube a la que se subieron tras la emocionante y espectacular victoria obtenida en la fase de ascenso a la Liga Femenina 2, la divisi\u00f3n de bronce del baloncesto espa\u00f1ol, disputada en Huelva, el equipo S\u00e9nior femenino del Club Baloncesto Terralf\u00e0s ha iniciado ya la planificaci\u00f3n para esa temporada 2024-2025 en la que todav\u00eda faltan fijar objetivos concretos, pero que todos en l\u2019Alf\u00e0s del Pi desean que sea la de la consolidaci\u00f3n del proyecto en esa categor\u00eda.<\/p>   <p>Antes de dar por definitivamente cerrada la presente campa\u00f1a, el entrenador del equipo alfasino, Manuel Fuster, pas\u00f3 por La Ventana de la Marina Baixa acompa\u00f1ado de las jugadoras Eva Lagunas y Elena G\u00e1zquez, dos de las grandes protagonistas no s\u00f3lo de esa fase de ascenso en tierras andaluzas, sino de toda una temporada para enmarcar.<\/p>   <p>En esa entrevista, entrenador y jugadoras tuvieron tiempo de repasar lo hecho hasta el momento y dar las primeras pinceladas de lo que ser\u00e1 el proyecto del C.B. Terralf\u00e0s en su desembarco en la Liga 2 Femenina.<\/p>   <p><p><strong>Sigue el canal de Carrusel en WhatsApp<\/strong><br \/>\u00a1Bienvenido al canal de Whatsapp de Carrusel! Toda la emoci\u00f3n del deporte, EN DIRECTO. Dirige Dani Garrido<\/p><a href=\"https:\/\/whatsapp.com\/channel\/0029Va8gTnP3rZZcN6Uzfi1x\" title=\"Suscr\u00edbete\">Suscr\u00edbete ahora<\/a><\/p> ","protected":false},"excerpt":{"rendered":"<p>El equipo del pabell\u00f3n Pau Gasol jugar\u00e1 la Liga 2 Femenina en la 2024-2025<\/p>\n","protected":false},"author":0,"featured_media":5903,"comment_status":"open","ping_status":"open","sticky":false,"template":"","format":"standard","meta":{"_acf_changed":false,"footnotes":""},"categories":[16],"tags":[],"class_list":["post-5902","post","type-post","status-publish","format-standard","has-post-thumbnail","hentry","category-deportes"],"acf":{"ser_id":"5XINUEB7OZHBZFT4Z7E4FX4NAY","ser_url":"https:\/\/cadenaser.com\/comunitat-valenciana\/2024\/06\/07\/tras-la-resaca-del-ascenso-el-cb-terralfas-inicia-la-planificacion-de-la-proxima-temporada-radio-benidorm\/"},"_links":{"self":[{"href":"https:\/\/serbenidorm.daliisolutions.com\/index.php\/wp-json\/wp\/v2\/posts\/5902","targetHints":{"allow":["GET"]}}],"collection":[{"href":"https:\/\/serbenidorm.daliisolutions.com\/index.php\/wp-json\/wp\/v2\/posts"}],"about":[{"href":"https:\/\/serbenidorm.daliisolutions.com\/index.php\/wp-json\/wp\/v2\/types\/post"}],"replies":[{"embeddable":true,"href":"https:\/\/serbenidorm.daliisolutions.com\/index.php\/wp-json\/wp\/v2\/comments?post=5902"}],"version-history":[{"count":0,"href":"https:\/\/serbenidorm.daliisolutions.com\/index.php\/wp-json\/wp\/v2\/posts\/5902\/revisions"}],"wp:featuredmedia":[{"embeddable":true,"href":"https:\/\/serbenidorm.daliisolutions.com\/index.php\/wp-json\/wp\/v2\/media\/5903"}],"wp:attachment":[{"href":"https:\/\/serbenidorm.daliisolutions.com\/index.php\/wp-json\/wp\/v2\/media?parent=5902"}],"wp:term":[{"taxonomy":"category","embeddable":true,"href":"https:\/\/serbenidorm.daliisolutions.com\/index.php\/wp-json\/wp\/v2\/categories?post=5902"},{"taxonomy":"post_tag","embeddable":true,"href":"https:\/\/serbenidorm.daliisolutions.com\/index.php\/wp-json\/wp\/v2\/tags?post=5902"}],"curies":[{"name":"wp","href":"https:\/\/api.w.org\/{rel}","templated":true}]}}