{"id":5904,"date":"2024-06-07T15:43:58","date_gmt":"2024-06-07T13:43:58","guid":{"rendered":"https:\/\/serbenidorm.daliisolutions.com\/index.php\/2024\/06\/07\/alba-garcia-reforzara-la-recepcion-del-holacv-benidorm\/"},"modified":"2024-06-07T15:43:58","modified_gmt":"2024-06-07T13:43:58","slug":"alba-garcia-reforzara-la-recepcion-del-holacv-benidorm","status":"publish","type":"post","link":"https:\/\/serbenidorm.daliisolutions.com\/index.php\/2024\/06\/07\/alba-garcia-reforzara-la-recepcion-del-holacv-benidorm\/","title":{"rendered":"Alba Garc\u00eda reforzar\u00e1 la recepci\u00f3n del HolaCV-Benidorm"},"content":{"rendered":"  <p>Tras haber anunciado la renovaci\u00f3n de su capitana, Mar\u00eda Soldevila, el <a href=\"https:\/\/cadenaser.com\/tag\/club_voleibol_playas_benidorm\/a\/\" target=\"_blank\" rel=\"noopener\">Club Voleibol Playas de Benidorm<\/a> sigue dando a conocer la que ser\u00e1 la plantilla de su equipo de Superliga Femenina 2 para la pr\u00f3xima temporada con la incorporaci\u00f3n de la sevillana Alba Garc\u00eda, receptora que llega procedente del Cartagena, equipo que este a\u00f1o accedi\u00f3 a la fase de ascenso a la m\u00e1xima categor\u00eda del v\u00f3ley nacional, donde finalmente termin\u00f3 en la cuarta posici\u00f3n.<\/p>  <p><p>M\u00e1s informaci\u00f3n<\/p><figure><img loading=\"lazy\" decoding=\"async\" src=\"https:\/\/cadenaser.com\/resizer\/v2\/IJS5K6FB4JC6JE54K2JWKBVT7E.JPG?auth=16c566822a9da8bdf472cfc3e0371417575d2057eed2c1f9c0581e014f66207a&amp;quality=70&amp;width=360&amp;height=202&amp;smart=true\" width=\"820\" height=\"621\" \/><\/figure><ul><li><a href=\"https:\/\/cadenaser.com\/comunitat-valenciana\/2024\/06\/06\/el-club-voleibol-playas-de-benidorm-renueva-a-sus-capitanias-radio-benidorm\/\"><span>El Club Voleibol Playas de Benidorm renueva a sus capitan\u00edas<\/span><\/a><\/li><\/ul><\/p>   <p>Con el objetivo de volver a luchar por meterse en esa fase de ascenso a la Liga Iberdrola, el equipo femenino del Club Voleibol Playas de Benidorm se refuerza con la llegada de una jugadora que ya tiene experiencia en la m\u00e1xima categor\u00eda tras haber formado con el Cajasol Juvesa. Desde el club han se\u00f1alado que \u201cAlba aporta no s\u00f3lo su talento, sino tambi\u00e9n su inteligencia t\u00e1ctica, sabiendo siempre d\u00f3nde posicionarse para maximizar su impacto. Sin duda, ser\u00e1 uno de los pilares de nuestro equipo esta temporada\u201d.<\/p>   <p><p><strong>Sigue el canal de Carrusel en WhatsApp<\/strong><br \/>\u00a1Bienvenido al canal de Whatsapp de Carrusel! Toda la emoci\u00f3n del deporte, EN DIRECTO. Dirige Dani Garrido<\/p><a href=\"https:\/\/whatsapp.com\/channel\/0029Va8gTnP3rZZcN6Uzfi1x\" title=\"Suscr\u00edbete\">Suscr\u00edbete ahora<\/a><\/p> ","protected":false},"excerpt":{"rendered":"<p>La jugadora sevillana llega al equipo del pabell\u00f3n Ra\u00fal Mesa procedente del Cartagena<\/p>\n","protected":false},"author":0,"featured_media":5905,"comment_status":"open","ping_status":"open","sticky":false,"template":"","format":"standard","meta":{"_acf_changed":false,"footnotes":""},"categories":[16],"tags":[],"class_list":["post-5904","post","type-post","status-publish","format-standard","has-post-thumbnail","hentry","category-deportes"],"acf":{"ser_id":"OOTJ3EXZKNF55HXAWX7N3B4FGM","ser_url":"https:\/\/cadenaser.com\/comunitat-valenciana\/2024\/06\/07\/alba-garcia-reforzara-la-recepcion-del-holacv-benidorm-radio-benidorm\/"},"_links":{"self":[{"href":"https:\/\/serbenidorm.daliisolutions.com\/index.php\/wp-json\/wp\/v2\/posts\/5904","targetHints":{"allow":["GET"]}}],"collection":[{"href":"https:\/\/serbenidorm.daliisolutions.com\/index.php\/wp-json\/wp\/v2\/posts"}],"about":[{"href":"https:\/\/serbenidorm.daliisolutions.com\/index.php\/wp-json\/wp\/v2\/types\/post"}],"replies":[{"embeddable":true,"href":"https:\/\/serbenidorm.daliisolutions.com\/index.php\/wp-json\/wp\/v2\/comments?post=5904"}],"version-history":[{"count":0,"href":"https:\/\/serbenidorm.daliisolutions.com\/index.php\/wp-json\/wp\/v2\/posts\/5904\/revisions"}],"wp:featuredmedia":[{"embeddable":true,"href":"https:\/\/serbenidorm.daliisolutions.com\/index.php\/wp-json\/wp\/v2\/media\/5905"}],"wp:attachment":[{"href":"https:\/\/serbenidorm.daliisolutions.com\/index.php\/wp-json\/wp\/v2\/media?parent=5904"}],"wp:term":[{"taxonomy":"category","embeddable":true,"href":"https:\/\/serbenidorm.daliisolutions.com\/index.php\/wp-json\/wp\/v2\/categories?post=5904"},{"taxonomy":"post_tag","embeddable":true,"href":"https:\/\/serbenidorm.daliisolutions.com\/index.php\/wp-json\/wp\/v2\/tags?post=5904"}],"curies":[{"name":"wp","href":"https:\/\/api.w.org\/{rel}","templated":true}]}}