{"id":5906,"date":"2024-06-07T15:44:00","date_gmt":"2024-06-07T13:44:00","guid":{"rendered":"https:\/\/serbenidorm.daliisolutions.com\/index.php\/2024\/06\/07\/roberto-domenech-vuelve-a-casa-tras-un-ano-cedido-en-ibiza\/"},"modified":"2024-06-07T15:44:00","modified_gmt":"2024-06-07T13:44:00","slug":"roberto-domenech-vuelve-a-casa-tras-un-ano-cedido-en-ibiza","status":"publish","type":"post","link":"https:\/\/serbenidorm.daliisolutions.com\/index.php\/2024\/06\/07\/roberto-domenech-vuelve-a-casa-tras-un-ano-cedido-en-ibiza\/","title":{"rendered":"Roberto Domenech vuelve a casa tras un a\u00f1o cedido en Ibiza"},"content":{"rendered":"  <p>Tras haber confirmado su fichaje por el TM Benidorm hace ahora un a\u00f1o, el portero Roberto Domenech llegar\u00e1 la pr\u00f3xima temporada a la plantilla del primer equipo del Club Balonmano Benidorm tras haber disputado la campa\u00f1a 2023-2024 cedido en el Ibiza, donde ha podido disfrutar de los minutos que no pod\u00eda darle Sergio Carballeira en el conjunto del Palau d\u2019Esports.<\/p>  <p><p>M\u00e1s informaci\u00f3n<\/p><figure><img loading=\"lazy\" decoding=\"async\" src=\"https:\/\/cadenaser.com\/resizer\/v2\/BM74FJWKTFDCXBH77RJBF6LRMM.JPG?auth=52c6a27e1e5a6cfeccbb58480a761b2fa115eb35e646e7019360103ab240a0f5&amp;quality=70&amp;width=360&amp;height=202&amp;smart=true\" width=\"820\" height=\"621\" \/><\/figure><ul><li><a href=\"https:\/\/cadenaser.com\/comunitat-valenciana\/2024\/04\/03\/esta-sera-la-plantilla-del-tm-benidorm-para-la-temporada-2024-2025-radio-benidorm\/\"><span>Esta ser\u00e1 la plantilla del TM Benidorm para la temporada 2024-2025<\/span><\/a><\/li><\/ul><\/p>   <p>En la reci\u00e9n terminada competici\u00f3n de la Divisi\u00f3n de Honor Plata, Domenech ha jugado 34 partidos tanto de Liga como de Copa marcando siete goles, confirmando con sus actuaciones bajo palos el gran potencial que ya hab\u00eda venido mostrando en su paso por las categor\u00edas inferiores de la selecci\u00f3n espa\u00f1ola, con la que se proclam\u00f3 campe\u00f3n de Europa de la categor\u00eda J\u00fanior en 2022.<\/p>   <p>Roberto Domenech llega al TM Benidorm para suplir la baja de Samu Ib\u00e1\u00f1ez y hacer, de esta manera, dupla con el polaco Krystian Witkowski bajo la porter\u00eda.<\/p>   <p><p><strong>Sigue el canal de Carrusel en WhatsApp<\/strong><br \/>\u00a1Bienvenido al canal de Whatsapp de Carrusel! Toda la emoci\u00f3n del deporte, EN DIRECTO. Dirige Dani Garrido<\/p><a href=\"https:\/\/whatsapp.com\/channel\/0029Va8gTnP3rZZcN6Uzfi1x\" title=\"Suscr\u00edbete\">Suscr\u00edbete ahora<\/a><\/p> ","protected":false},"excerpt":{"rendered":"<p>El portero formado en la cantera del Bar\u00e7a llega al TM Benidorm para suplir la baja de Samu Ib\u00e1\u00f1ez<\/p>\n","protected":false},"author":0,"featured_media":5907,"comment_status":"open","ping_status":"open","sticky":false,"template":"","format":"standard","meta":{"_acf_changed":false,"footnotes":""},"categories":[16],"tags":[],"class_list":["post-5906","post","type-post","status-publish","format-standard","has-post-thumbnail","hentry","category-deportes"],"acf":{"ser_id":"H6T4UYOR6NGEXCB5KESOO2TX6M","ser_url":"https:\/\/cadenaser.com\/comunitat-valenciana\/2024\/06\/07\/roberto-domenech-vuelve-a-casa-tras-un-ano-cedido-en-ibiza-radio-benidorm\/"},"_links":{"self":[{"href":"https:\/\/serbenidorm.daliisolutions.com\/index.php\/wp-json\/wp\/v2\/posts\/5906","targetHints":{"allow":["GET"]}}],"collection":[{"href":"https:\/\/serbenidorm.daliisolutions.com\/index.php\/wp-json\/wp\/v2\/posts"}],"about":[{"href":"https:\/\/serbenidorm.daliisolutions.com\/index.php\/wp-json\/wp\/v2\/types\/post"}],"replies":[{"embeddable":true,"href":"https:\/\/serbenidorm.daliisolutions.com\/index.php\/wp-json\/wp\/v2\/comments?post=5906"}],"version-history":[{"count":0,"href":"https:\/\/serbenidorm.daliisolutions.com\/index.php\/wp-json\/wp\/v2\/posts\/5906\/revisions"}],"wp:featuredmedia":[{"embeddable":true,"href":"https:\/\/serbenidorm.daliisolutions.com\/index.php\/wp-json\/wp\/v2\/media\/5907"}],"wp:attachment":[{"href":"https:\/\/serbenidorm.daliisolutions.com\/index.php\/wp-json\/wp\/v2\/media?parent=5906"}],"wp:term":[{"taxonomy":"category","embeddable":true,"href":"https:\/\/serbenidorm.daliisolutions.com\/index.php\/wp-json\/wp\/v2\/categories?post=5906"},{"taxonomy":"post_tag","embeddable":true,"href":"https:\/\/serbenidorm.daliisolutions.com\/index.php\/wp-json\/wp\/v2\/tags?post=5906"}],"curies":[{"name":"wp","href":"https:\/\/api.w.org\/{rel}","templated":true}]}}