{"id":5949,"date":"2024-06-09T11:34:09","date_gmt":"2024-06-09T09:34:09","guid":{"rendered":"https:\/\/serbenidorm.daliisolutions.com\/index.php\/2024\/06\/09\/muere-ahogado-un-joven-de-18-anos-en-una-cala-de-benidorm\/"},"modified":"2024-06-09T11:34:09","modified_gmt":"2024-06-09T09:34:09","slug":"muere-ahogado-un-joven-de-18-anos-en-una-cala-de-benidorm","status":"publish","type":"post","link":"https:\/\/serbenidorm.daliisolutions.com\/index.php\/2024\/06\/09\/muere-ahogado-un-joven-de-18-anos-en-una-cala-de-benidorm\/","title":{"rendered":"Muere ahogado un joven de 18 a\u00f1os en una cala de Benidorm"},"content":{"rendered":"  <p>Un joven de 18 a\u00f1os falleci\u00f3 a \u00faltima hora de la tarde de este s\u00e1bado ahogado en la costa de Benidorm (Alicante), entre la cala Almadrava y Tio Ximo, seg\u00fan ha informado el Consorcio Provincial de Bomberos.<\/p>   <p>Sobre las 18.53 horas los bomberos recibieron el aviso para desplazarse al lugar, donde, seg\u00fan la comunicaci\u00f3n recibida, un joven no pod\u00eda retornar a la costa desde el agua en una zona de dif\u00edcil acceso.<\/p>   <p>A la llegada de los efectivos, \u00fanicamente pudieron bajar para acceder al joven, ya que se encontraba fallecido por ahogamiento. En la zona tambi\u00e9n se encontraban presentes servicios sanitarios y miembros de Cruz Roja que, pese a las maniobras de reanimaci\u00f3n cardiopulmonar practicadas, no pudieron hacer nada por la v\u00edctima.<\/p>   <p>La tercera intervenci\u00f3n en pocas horas<\/p>   <p>Hasta el lugar, por parte de bomberos, se desplazaron una unidad mando jefatura; dos furgones de salvamento varios; un sargento, dos cabos y dos bomberos del parque de Benidorm, seg\u00fan el Consorcio.<\/p>   <p>Esta es la tercera intervenci\u00f3n por personas en situaci\u00f3n de ahogamiento realizada en Alicante <a href=\"https:\/\/cadenaser.com\/comunitat-valenciana\/2024\/06\/08\/fallece-ahogado-un-hombre-de-77-anos-en-guardamar-del-segura-radio-alicante\/\" target=\"_blank\" rel=\"noopener\">durante la jornada del s\u00e1bado<\/a> por los servicios de emergencias.<\/p>   <p>     .c-w{         max-width:444px;         width:100%;         margin:16px auto;      background:#00755E;         border-radius:4px;         display:flex;         align-items:center;         justify-content:center;     }     .c-w a{         display:flex;         align-items:center;         justify-content:center;         padding:4px 24px;     }     .c-w img{         width:24px;         margin-right:12px;     }     .c-w p{         font:18px\/25px Poppins;         text-align:center;         color:#fff;         margin:0;     }     @media (max-width:444px){         .c-w a{             padding:4px 12px;         }         .c-w img{             width:24px;             margin-right:8px;         }         .c-w p{             font:14px\/25px Poppins;         }     }     @media (max-width:335px){         .c-w p{             font:13px\/25px Poppins;         }     }  <div class=\"c-w\">     <a href=\"https:\/\/www.whatsapp.com\/channel\/0029Va633PF9WtC4l7XUzh1e\" target=\"_blank\" rel=\"noopener\">         <img decoding=\"async\" src=\"https:\/\/cadenaser.com\/estaticos\/recursosgraficos\/responsive\/img\/ico-whatsapp.svg\" alt=\"Whatsapp\">         <p>\u00danete al <b>canal de WhatsApp<\/b> de la SER<\/p>     <\/a> <\/div><\/p>   <p>En Guardamar del Segura un hombre de 77 a\u00f1os falleci\u00f3 en la playa Roqueta, la cuarta v\u00edctima por ahogamiento en esta localidad en tres d\u00edas. En la playa Basseta de l&#8217;Oli de La Vila Joiosa, medios sanitarios atendieron a un hombre de 69 a\u00f1os <a href=\"https:\/\/cadenaser.com\/comunitat-valenciana\/2024\/06\/02\/un-hombre-fallece-ahogado-en-la-cala-fustera-de-benissa-radio-alicante\/\" target=\"_blank\" rel=\"noopener\">con s\u00edntomas de ahogamiento<\/a>, al que se rescat\u00f3 inconsciente del agua pero pudo ser estabilizado.<\/p>   <p>Nueve v\u00edctimas mortales por ahogamiento en junio<\/p>   <p>Desde que arrancara el mes de junio, han fallecido hasta nueve personas en el litoral de la provincia de Alicante por ahogamiento. Ha habido v\u00edctimas en Benissa, Orihuela, Calp, Torrevieja, las cuatro de Guardamar del Segura y esta \u00faltima en Benidorm.<\/p> ","protected":false},"excerpt":{"rendered":"<p>Es la quinta v\u00edctima mortal por ahogamientos en los \u00faltimos tres d\u00edas en la Comunitat Valenciana, la novena desde que empez\u00f3 el mes de junio<\/p>\n","protected":false},"author":0,"featured_media":5950,"comment_status":"open","ping_status":"open","sticky":false,"template":"","format":"standard","meta":{"_acf_changed":false,"footnotes":""},"categories":[1],"tags":[],"class_list":["post-5949","post","type-post","status-publish","format-standard","has-post-thumbnail","hentry","category-sin-categoria"],"acf":{"ser_id":"VGSLAYIKGZDYNOHE7LURHSYHJA","ser_url":"https:\/\/cadenaser.com\/comunitat-valenciana\/2024\/06\/09\/muere-ahogado-un-joven-en-una-cala-de-benidorm-radio-benidorm\/"},"_links":{"self":[{"href":"https:\/\/serbenidorm.daliisolutions.com\/index.php\/wp-json\/wp\/v2\/posts\/5949","targetHints":{"allow":["GET"]}}],"collection":[{"href":"https:\/\/serbenidorm.daliisolutions.com\/index.php\/wp-json\/wp\/v2\/posts"}],"about":[{"href":"https:\/\/serbenidorm.daliisolutions.com\/index.php\/wp-json\/wp\/v2\/types\/post"}],"replies":[{"embeddable":true,"href":"https:\/\/serbenidorm.daliisolutions.com\/index.php\/wp-json\/wp\/v2\/comments?post=5949"}],"version-history":[{"count":0,"href":"https:\/\/serbenidorm.daliisolutions.com\/index.php\/wp-json\/wp\/v2\/posts\/5949\/revisions"}],"wp:featuredmedia":[{"embeddable":true,"href":"https:\/\/serbenidorm.daliisolutions.com\/index.php\/wp-json\/wp\/v2\/media\/5950"}],"wp:attachment":[{"href":"https:\/\/serbenidorm.daliisolutions.com\/index.php\/wp-json\/wp\/v2\/media?parent=5949"}],"wp:term":[{"taxonomy":"category","embeddable":true,"href":"https:\/\/serbenidorm.daliisolutions.com\/index.php\/wp-json\/wp\/v2\/categories?post=5949"},{"taxonomy":"post_tag","embeddable":true,"href":"https:\/\/serbenidorm.daliisolutions.com\/index.php\/wp-json\/wp\/v2\/tags?post=5949"}],"curies":[{"name":"wp","href":"https:\/\/api.w.org\/{rel}","templated":true}]}}