{"id":5951,"date":"2024-06-09T11:34:10","date_gmt":"2024-06-09T09:34:10","guid":{"rendered":"https:\/\/serbenidorm.daliisolutions.com\/index.php\/2024\/06\/09\/escucha-a-un-emocionadisimo-jorge-crivilles-nada-mas-terminar-de-unir-a-nado-tabarca-y-benidorm\/"},"modified":"2024-06-09T11:34:10","modified_gmt":"2024-06-09T09:34:10","slug":"escucha-a-un-emocionadisimo-jorge-crivilles-nada-mas-terminar-de-unir-a-nado-tabarca-y-benidorm","status":"publish","type":"post","link":"https:\/\/serbenidorm.daliisolutions.com\/index.php\/2024\/06\/09\/escucha-a-un-emocionadisimo-jorge-crivilles-nada-mas-terminar-de-unir-a-nado-tabarca-y-benidorm\/","title":{"rendered":"Escucha a un emocionad\u00edsimo Jorge Crivill\u00e9s nada m\u00e1s terminar de unir a nado Tabarca y Benidorm"},"content":{"rendered":"  <p>El sol de junio, algo tapado por la calima que se ha instalado estos d\u00edas sobre la provincia de Alicante, animaba a miles de ba\u00f1istas a acercarse en la tarde de este s\u00e1bado a las playas de Benidorm. En la m\u00e1s peque\u00f1a de todas ellas, la del Mal Pas, un nutrido grupo de personas ataviadas con camisetas azules oteaba el horizonte hasta que, de repente, romp\u00eda en aplausos. En la orilla, rodeado de un grupo de amigos que se anim\u00f3 a hacer los \u00faltimos metros, emerg\u00eda Jorge Crivill\u00e9s, el hombre que durante las \u00faltimas catorce horas hab\u00eda unido a nado las islas de Tabarca y Benidorm.<\/p>   <p>Nada m\u00e1s salir del agua Crivill\u00e9s reconoc\u00eda a los micr\u00f3fonos de Radio Benidorm-SER que \u201cestoy un poquito cansado, pero muy satisfecho y orgulloso de lo que he hecho\u201d.<\/p>   <p>Jorge Crivill\u00e9s era en ese momento un hombre cansado, s\u00ed; pero tambi\u00e9n un hombre feliz y emocionado. Tanto que, mientras habla con el periodista, se le llega a escapar alguna l\u00e1grima. A \u00e9l, <a href=\"https:\/\/cadenaser.com\/comunitat-valenciana\/2024\/06\/04\/jorge-crivilles-vuelve-a-lanzarse-al-agua-para-unir-las-islas-de-tabarca-y-benidorm-radio-benidorm\/\" target=\"_blank\" rel=\"noopener\">el \u00fanico espa\u00f1ol en completar el reto de \u2018Los 7 oc\u00e9nanos\u2019,<\/a> algo as\u00ed como los catorce ochomiles de la nataci\u00f3n.<\/p>   <p>A \u00e9l, que ha nadado los 41,8 kil\u00f3metros del Canal de Molokai (Haw\u00e1i), los 33,7 kil\u00f3metros del Canal de Catalina (California), los 33,7 kil\u00f3metros del Canal del Norte (entre Irlanda y Escocia), los 26 kil\u00f3metros del Estrecho de Cook (Nueva Zelanda), los 34 kil\u00f3metros del Canal de la Mancha, los 47 kil\u00f3metros del Estrecho de Tsugaru (Jap\u00f3n) y los 14,4 kil\u00f3metros del Estrecho de Gibraltar\u2026 nadar en su tierra, ante su gente, le toc\u00f3 el coraz\u00f3n.<\/p>   <p>\u201cHa sido muy especial porque ya est\u00e1s viendo el recibimiento. Hacerlo en la \u2018terreta\u2019 tiene ese plus\u2026 aunque tambi\u00e9n ten\u00eda un poco m\u00e1s de presi\u00f3n. Al final, ha salido y estoy s\u00faper contento y encantado de este recibimiento tan espectacular que he tenido\u201d, reconoc\u00eda profundamente emocionado.<\/p>   <p>     .c-w{         max-width:444px;         width:100%;         margin:16px auto;      background:#00755E;         border-radius:4px;         display:flex;         align-items:center;         justify-content:center;     }     .c-w a{         display:flex;         align-items:center;         justify-content:center;         padding:4px 24px;     }     .c-w img{         width:24px;         margin-right:12px;     }     .c-w p{         font:18px\/25px Poppins;         text-align:center;         color:#fff;         margin:0;     }     @media (max-width:444px){         .c-w a{             padding:4px 12px;         }         .c-w img{             width:24px;             margin-right:8px;         }         .c-w p{             font:14px\/25px Poppins;         }     }     @media (max-width:335px){         .c-w p{             font:13px\/25px Poppins;         }     }  <div class=\"c-w\">     <a href=\"https:\/\/www.whatsapp.com\/channel\/0029Va633PF9WtC4l7XUzh1e\" target=\"_blank\" rel=\"noopener\">         <img decoding=\"async\" src=\"https:\/\/cadenaser.com\/estaticos\/recursosgraficos\/responsive\/img\/ico-whatsapp.svg\" alt=\"Whatsapp\">         <p>\u00danete al <b>canal de WhatsApp<\/b> de la SER<\/p>     <\/a> <\/div><\/p>   <p>A Crivill\u00e9s la sonrisa no se le borraba del rostro despu\u00e9s de haber completado a nado los 50 kil\u00f3metros (en l\u00ednea recta, \u00e9l ha nadado una distancia superior) que separan las islas de Tabarca y Benidorm en apenas catorce horas.<\/p>   <p>El alicantino, que <a href=\"https:\/\/cadenaser.com\/comunitat-valenciana\/2023\/11\/04\/solo-el-frio-pudo-frenar-a-crivilles-en-su-reto-solidario-entre-tabarca-y-benidorm-radio-benidorm\/?rel=buscador_noticias\" target=\"_blank\" rel=\"noopener\">el d\u00eda 4 de noviembre tuvo que desistir de su primera intentona debido al fuerte temporal de aquella noche<\/a>, se hab\u00eda lanzado al agua desde la \u00fanica isla habitada de la Comunitat Valenciana a la una de la madrugada y arrib\u00f3 al ic\u00f3nico islote de la capital tur\u00edstica de la Costa Blanca cuando el reloj todav\u00eda no hab\u00eda marcado las tres de la tarde.<\/p>   <p>Y aunque en esta ocasi\u00f3n la meteorolog\u00eda no supuso un obst\u00e1culo insalvable, Crivill\u00e9s tuvo que retrasar 60 minutos su salida sobre el horario previsto para que el mar se calmara un poco. Adem\u00e1s, y como <a href=\"https:\/\/cadenaser.com\/comunitat-valenciana\/2024\/06\/07\/jorge-crivilles-esta-vez-lo-voy-a-conseguir-seguro-radio-benidorm\/\" target=\"_blank\" rel=\"noopener\">ya adelant\u00f3 en los micr\u00f3fonos de Radio Benidorm-SER<\/a> apenas unas horas antes de iniciar su aventura, el viento esta vez jug\u00f3 a su favor en el tramo final.<\/p>   <p>Al terminar, afirmaba que \u201che tenido una ayuda por parte del viento del sur, pero he tenido cal y arena porque al principio hemos tenido un Levante muy fuerte que, de hecho, hac\u00eda que la gente de Tabarca me preguntara si iba a salir con tanto viento. Yo ten\u00eda claro que s\u00ed. Sab\u00edamos que el tiempo iba a cambiar, pero las primeras horas las he sufrido bastante\u201d.<\/p>   <p>Una vez en la isla de Benidorm, Crivill\u00e9s y su equipo pusieron rumbo al Club N\u00e1utico en barco para, desde all\u00ed, completar a nado la longitud del espig\u00f3n, acompa\u00f1ado de algunos amigos, y ser recibido por la multitud en la playa del Mal Pas, donde algunos ba\u00f1istas no sal\u00edan de su asombro al ser conocedores del reto que hab\u00eda afrontado ese nadador al que todos aplaud\u00edan durante las \u00faltimas horas.<\/p>   <p>Antes de disfrutar de un merecid\u00edsimo descanso, Jorge Crivill\u00e9s recordaba que \u201ceste reto ten\u00eda un componente solidario y muy especial porque ha sido para colaborar con la Fundaci\u00f3n Isabial con un proyecto que tienen de investigaci\u00f3n de la leucemia pedi\u00e1trica en el Hospital Doctor Balmis de Alicante. Por mi trabajo tengo contacto con los hemat\u00f3logos, los onc\u00f3logos\u2026 y para m\u00ed ten\u00eda un componente emocional muy fuerte\u201d.<\/p>   <p><p><strong>Sigue el canal de Carrusel en WhatsApp<\/strong><br \/>\u00a1Bienvenido al canal de Whatsapp de Carrusel! Toda la emoci\u00f3n del deporte, EN DIRECTO. Dirige Dani Garrido<\/p><a href=\"https:\/\/whatsapp.com\/channel\/0029Va8gTnP3rZZcN6Uzfi1x\" title=\"Suscr\u00edbete\">Suscr\u00edbete ahora<\/a><\/p> ","protected":false},"excerpt":{"rendered":"<p>El nadador alicantino invirti\u00f3 apenas catorce horas en cubrir el medio centenar de kil\u00f3metros que separan ambos puntos<\/p>\n","protected":false},"author":0,"featured_media":5952,"comment_status":"open","ping_status":"open","sticky":false,"template":"","format":"standard","meta":{"_acf_changed":false,"footnotes":""},"categories":[16],"tags":[],"class_list":["post-5951","post","type-post","status-publish","format-standard","has-post-thumbnail","hentry","category-deportes"],"acf":{"ser_id":"ZEJ4F66YPRCSTK63BZAKMUUZEU","ser_url":"https:\/\/cadenaser.com\/comunitat-valenciana\/2024\/06\/08\/escucha-a-un-emocionadisimo-jorge-crivilles-nada-mas-terminar-de-unir-a-nado-tabarca-y-benidorm-radio-benidorm\/"},"_links":{"self":[{"href":"https:\/\/serbenidorm.daliisolutions.com\/index.php\/wp-json\/wp\/v2\/posts\/5951","targetHints":{"allow":["GET"]}}],"collection":[{"href":"https:\/\/serbenidorm.daliisolutions.com\/index.php\/wp-json\/wp\/v2\/posts"}],"about":[{"href":"https:\/\/serbenidorm.daliisolutions.com\/index.php\/wp-json\/wp\/v2\/types\/post"}],"replies":[{"embeddable":true,"href":"https:\/\/serbenidorm.daliisolutions.com\/index.php\/wp-json\/wp\/v2\/comments?post=5951"}],"version-history":[{"count":0,"href":"https:\/\/serbenidorm.daliisolutions.com\/index.php\/wp-json\/wp\/v2\/posts\/5951\/revisions"}],"wp:featuredmedia":[{"embeddable":true,"href":"https:\/\/serbenidorm.daliisolutions.com\/index.php\/wp-json\/wp\/v2\/media\/5952"}],"wp:attachment":[{"href":"https:\/\/serbenidorm.daliisolutions.com\/index.php\/wp-json\/wp\/v2\/media?parent=5951"}],"wp:term":[{"taxonomy":"category","embeddable":true,"href":"https:\/\/serbenidorm.daliisolutions.com\/index.php\/wp-json\/wp\/v2\/categories?post=5951"},{"taxonomy":"post_tag","embeddable":true,"href":"https:\/\/serbenidorm.daliisolutions.com\/index.php\/wp-json\/wp\/v2\/tags?post=5951"}],"curies":[{"name":"wp","href":"https:\/\/api.w.org\/{rel}","templated":true}]}}