{"id":5958,"date":"2024-06-09T17:07:16","date_gmt":"2024-06-09T15:07:16","guid":{"rendered":"https:\/\/serbenidorm.daliisolutions.com\/index.php\/2024\/06\/09\/fallece-un-motorista-de-34-anos-tras-sufrir-un-accidente-en-relleu\/"},"modified":"2024-06-09T17:07:16","modified_gmt":"2024-06-09T15:07:16","slug":"fallece-un-motorista-de-34-anos-tras-sufrir-un-accidente-en-relleu","status":"publish","type":"post","link":"https:\/\/serbenidorm.daliisolutions.com\/index.php\/2024\/06\/09\/fallece-un-motorista-de-34-anos-tras-sufrir-un-accidente-en-relleu\/","title":{"rendered":"Fallece un motorista de 34 a\u00f1os tras sufrir un accidente en Relleu"},"content":{"rendered":"  <p>Un hombre ha fallecido este domingo en un accidente de moto en la CV-782 en el t\u00e9rmino municipal de Relleu (Alicante), seg\u00fan ha indicado el Centro de Informaci\u00f3n y Coordinaci\u00f3n de Urgencias (CICU).<\/p>   <p>El accidente ha tenido lugar sobre las 10.00 horas de este domingo y hasta el lugar de los hechos el CICU ha movilizado una unidad del SAMU (Servicio de Atenci\u00f3n M\u00e9dica de Urgencia).<\/p>   <p>El equipo m\u00e9dico ha realizado la reanimaci\u00f3n cardiopulmonar avanzada al motorista, de 34 a\u00f1os, y otras t\u00e9cnicas de estabilizaci\u00f3n pero no ha habido respuesta y ha confirmado su fallecimiento.<\/p> ","protected":false},"excerpt":{"rendered":"<p>El equipo m\u00e9dico ha realizado la reanimaci\u00f3n cardiopulmonar avanzada al motorista, de 34 a\u00f1os, y otras t\u00e9cnicas de estabilizaci\u00f3n pero no ha habido respuesta y ha confirmado su fallecimiento<\/p>\n","protected":false},"author":0,"featured_media":5959,"comment_status":"open","ping_status":"open","sticky":false,"template":"","format":"standard","meta":{"_acf_changed":false,"footnotes":""},"categories":[1],"tags":[],"class_list":["post-5958","post","type-post","status-publish","format-standard","has-post-thumbnail","hentry","category-sin-categoria"],"acf":{"ser_id":"6X24C2426NA45C7BD2WDSUSZLA","ser_url":"https:\/\/cadenaser.com\/comunitat-valenciana\/2024\/06\/09\/fallece-un-motorista-de-34-anos-tras-sufrir-un-accidente-en-relleu-radio-alicante\/"},"_links":{"self":[{"href":"https:\/\/serbenidorm.daliisolutions.com\/index.php\/wp-json\/wp\/v2\/posts\/5958","targetHints":{"allow":["GET"]}}],"collection":[{"href":"https:\/\/serbenidorm.daliisolutions.com\/index.php\/wp-json\/wp\/v2\/posts"}],"about":[{"href":"https:\/\/serbenidorm.daliisolutions.com\/index.php\/wp-json\/wp\/v2\/types\/post"}],"replies":[{"embeddable":true,"href":"https:\/\/serbenidorm.daliisolutions.com\/index.php\/wp-json\/wp\/v2\/comments?post=5958"}],"version-history":[{"count":0,"href":"https:\/\/serbenidorm.daliisolutions.com\/index.php\/wp-json\/wp\/v2\/posts\/5958\/revisions"}],"wp:featuredmedia":[{"embeddable":true,"href":"https:\/\/serbenidorm.daliisolutions.com\/index.php\/wp-json\/wp\/v2\/media\/5959"}],"wp:attachment":[{"href":"https:\/\/serbenidorm.daliisolutions.com\/index.php\/wp-json\/wp\/v2\/media?parent=5958"}],"wp:term":[{"taxonomy":"category","embeddable":true,"href":"https:\/\/serbenidorm.daliisolutions.com\/index.php\/wp-json\/wp\/v2\/categories?post=5958"},{"taxonomy":"post_tag","embeddable":true,"href":"https:\/\/serbenidorm.daliisolutions.com\/index.php\/wp-json\/wp\/v2\/tags?post=5958"}],"curies":[{"name":"wp","href":"https:\/\/api.w.org\/{rel}","templated":true}]}}