{"id":5974,"date":"2024-06-10T08:57:48","date_gmt":"2024-06-10T06:57:48","guid":{"rendered":"https:\/\/serbenidorm.daliisolutions.com\/index.php\/2024\/06\/10\/el-pp-gana-las-elecciones-europeas-en-la-comunitat-valenciana-con-el-358-de-los-votos-cuatro-puntos-mas-que-el-psoe\/"},"modified":"2024-06-10T08:57:48","modified_gmt":"2024-06-10T06:57:48","slug":"el-pp-gana-las-elecciones-europeas-en-la-comunitat-valenciana-con-el-358-de-los-votos-cuatro-puntos-mas-que-el-psoe","status":"publish","type":"post","link":"https:\/\/serbenidorm.daliisolutions.com\/index.php\/2024\/06\/10\/el-pp-gana-las-elecciones-europeas-en-la-comunitat-valenciana-con-el-358-de-los-votos-cuatro-puntos-mas-que-el-psoe\/","title":{"rendered":"El PP gana las elecciones europeas en la Comunitat Valenciana con el 35,8% de los votos, cuatro puntos m\u00e1s que el PSOE"},"content":{"rendered":"  <p>El PP ha ganado las elecciones europeas en la Comunitat Valenciana <a href=\"https:\/\/cadenaser.com\/comunitat-valenciana\/2024\/06\/09\/sigue-la-ultima-hora-de-las-elecciones-europeas-en-la-comunitat-valenciana-radio-valencia\/\" target=\"_blank\" rel=\"noopener\">que se han celebrado este domingo 9 de junio<\/a>, con el 35,85% de los votos y 703.886 sufragios. Seg\u00fan los datos del Ministerio del Interior, con el 99,84 por ciento de los votos ya escrutados, los populares suben 13,28 puntos respecto a hace cinco a\u00f1os y el PSOE, que en 2019 fue el partido ganador de estos comicios en la Comunitat Valenciana, se queda en la segunda posici\u00f3n, con el 31,41 por ciento y 616.658 votos, bajando un 1,56 por ciento respecto a la anterior convocatoria.<\/p>   <p>Los resultados sit\u00faan a Vox como tercera fuerza pol\u00edtica, con el 11,51% de los votos y un aumento de cuatro puntos, seguido de Comprom\u00eds-Sumar, que consigue en estas elecciones el 7,63% de los votos, m\u00e1s de un punto menos de lo que consigui\u00f3 Comprom\u00eds en solitario hace cinco a\u00f1os. La agrupaci\u00f3n de electores \u00abSe acab\u00f3 la fiesta\u00bb consigue 113.400 votos y el 5,77% del total y Podemos se queda en el 3% y poco m\u00e1s de 59.000 votos, seis puntos menos que hace cinco a\u00f1os.<\/p>  <p><figure><img loading=\"lazy\" decoding=\"async\" src=\"https:\/\/cadenaser.com\/resizer\/v2\/C7YXUL72LRFBBCKPSN6KDRSIIU.png?auth=344610a68c1ef49329bd62ee57ac8de42f75ebf9ac7c8f1889724de4aeb5c318&amp;quality=70&amp;width=360&amp;height=202&amp;smart=true\" alt=\"Consulta los datos completos de las elecciones europeas en la Comunitat Valenciana\" width=\"240\" height=\"135\" \/><\/figure><div><a href=\"https:\/\/cadenaser.com\/internacional\/elecciones\/europeas\/19\/17\/\">Consulta los datos completos de las elecciones europeas en la Comunitat Valenciana<\/a><p><\/p><\/div><\/p>   <p>Ciudadanos, que en las elecciones europeas de 2019 fue tercera fuerza, solo ha recabado el 0,75 %, tras caer 13,50 puntos.<\/p>   <p>El PP gana en todas las provincias y grandes ciudades<\/p>   <p>Por provincias, el PP ha ganado tanto en Alicante (con el 38,26% de los votos) como en Castell\u00f3n (36,15%) y en Valencia (34,37%). En la primera destaca la agrupaci\u00f3n de electores \u00abSe acab\u00f3 la fiesta\u00bb, que se sit\u00faa por delante de Comprom\u00eds-Sumar con el 6,02% de los votos, cuatro d\u00e9cimas m\u00e1s que la coalici\u00f3n valencianista. En la provincia de Valencia es donde el PSOE se ha quedado m\u00e1s cerca del PP (a menos de tres puntos).<\/p>   <p>En cuanto <a href=\"https:\/\/cadenaser.com\/comunitat-valenciana\/2024\/06\/09\/el-pp-gana-las-elecciones-europeas-en-la-ciudad-de-valencia-con-el-37-de-los-votos-16-puntos-mas-que-en-2019-radio-valencia\/\" target=\"_blank\" rel=\"noopener\">a las grandes ciudades<\/a>, el PP ha ganado en las tres capitales de provincia y en Elche, adem\u00e1s de imponerse tambi\u00e9n en Torrevieja, Torrent, Orihuela, Gandia, Paterna o Benidorm. Los municipios m\u00e1s grandes donde ha ganado el PSOE son Sagunt y Alcoi. En Sant Vicent del Raspeig, Elda y Vila-real tambi\u00e9n ha ganado el PP.<\/p>   <p>     .c-w{         max-width:444px;         width:100%;         margin:16px auto;      background:#00755E;         border-radius:4px;         display:flex;         align-items:center;         justify-content:center;     }     .c-w a{         display:flex;         align-items:center;         justify-content:center;         padding:4px 24px;     }     .c-w img{         width:24px;         margin-right:12px;     }     .c-w p{         font:18px\/25px Poppins;         text-align:center;         color:#fff;         margin:0;     }     @media (max-width:444px){         .c-w a{             padding:4px 12px;         }         .c-w img{             width:24px;             margin-right:8px;         }         .c-w p{             font:14px\/25px Poppins;         }     }     @media (max-width:335px){         .c-w p{             font:13px\/25px Poppins;         }     }  <div class=\"c-w\">     <a href=\"https:\/\/www.whatsapp.com\/channel\/0029Va633PF9WtC4l7XUzh1e\" target=\"_blank\" rel=\"noopener\">         <img decoding=\"async\" src=\"https:\/\/cadenaser.com\/estaticos\/recursosgraficos\/responsive\/img\/ico-whatsapp.svg\" alt=\"Whatsapp\">         <p>\u00danete al <b>canal de WhatsApp<\/b> de la SER<\/p>     <\/a> <\/div><\/p>   <p>Sobre el detalle de las provincias, en la de Alicante el PP es el m\u00e1s votado, con 245.983 votos (el 38,26 %, un aumento de 13,66 puntos respecto a 2019), seguido del PSOE con 200.580 (el 31,20 %, baja 2,51 puntos); de Vox, con 75.184 sufragios (11,69, sube 4,51); Se Acab\u00f3 la Fiesta, con 38.715 (el 6,02 %); Comprom\u00eds-Sumar con 36.141 (5,62 %) y Podemos con 16.319 (2,54 %, baja 6,77 puntos).<\/p>   <p>En la provincia de Valencia el PP es primera fuerza, con 375.772 votos (el 34,37 %, sube 13,42 puntos), seguido del PSOE con 343.754 votos (el 31,44 %, baja 0,8 puntos), de Vox con 124.186 sufragios (11,35 %, sube 4,10 puntos), Comprom\u00eds-Sumar con 97.234 votos (8,89 %), Se Acab\u00f3 La Fiesta con 63.100 (5,77 %) y Podemos con 36.692 (3,35 %, cae 6,74 puntos).<\/p>   <p>En la provincia de Castell\u00f3n gana el PP con 82.855 votos (el 36,15 %, sube 11,71 puntos), seguido del PSOE con 72.986 (el 31,84 %, baja 2,41 puntos), de Vox con 26.970 puntos (11,76 %, sube 4,55), de Comprom\u00eds-Sumar con 16.666 votos (el 7,27 %), Se Acab\u00f3 La Fiesta con 11.712 (el 5,11%) y Podemos con 6.090 (el 2,65 %, baja 6,23 puntos).<\/p>   <p>Reacciones pol\u00edticas<\/p>   <p>Tras conocer los resultados, el president de la Generalitat y presidente del PP de la Comunitat Valenciana, Carlos Maz\u00f3n, ha celebrado la victoria \u00abclara y contundente\u00bb del PP en las elecciones europeas de este 9 de junio en la Comunitat Valenciana y ha considerado el resultado de la formaci\u00f3n un \u00abrespaldo\u00bb y una \u00abconsolidaci\u00f3n\u00bb a las \u00abpol\u00edticas del cambio\u00bb que desarrolla el gobierno que preside en la autonom\u00eda. \u00abEs una gran victoria y una gran ratificaci\u00f3n\u00bb, ha valorado.<\/p>   <p>Al mismo tiempo, ha considerado que los resultados de este domingo son tambi\u00e9n \u00abun aviso claro\u00bb al presidente del Gobierno y secretario general del PSOE, Pedro S\u00e1nchez, y a sus pol\u00edticas. \u00abNo ha hecho m\u00e1s que perder elecciones\u00bb, ha remarcado. Por su parte, el secretario general del PP valenciano, Juanfran P\u00e9rez Llorca, afirma que los resultados avalan la pol\u00edtica puesta en marcha por el president Carlos Maz\u00f3n y destaca que la derecha aventaja al bloque del Bot\u00e0nico en 8,3 puntos.<\/p>  <p><p class=\"tit\"><span>Juanfran P\u00e9rez Llorca (PPCV): \u00abEstem molt satisfets pels resultats electorals\u00bb<\/span><\/p> <p class=\"emb\"><iframe loading=\"lazy\" src=\"https:\/\/cadenaser.com\/embed\/audio\/460\/1717973022814\/\" width=\"100%\" height=\"360\" frameborder=\"0\" allowfullscreen><\/iframe><\/p><\/p>   <p>Desde el PSPV rechazan hablar de \u00abefecto Maz\u00f3n\u00bb y argumentan que la Comunitat Valenciana es el territorio gobernado por el PP en el que menos distancia hay entre populares y socialistas. El portavoz de la ejecutiva del PSPV, Rub\u00e9n Alfaro, asegura que esto demuestra que son la alternativa al gobierno de PP y Vox. Conf\u00eda en que haya un margen de tiempo suficiente para construir un proyecto que permita ganar las pr\u00f3ximas elecciones auton\u00f3micas y municipales.<\/p>  <p><p class=\"tit\"><span>Rub\u00e9n Alfaro (PSPV): \u00abTenemos un s\u00f3lido apoyo por parte de los valencianos\u00bb<\/span><\/p> <p class=\"emb\"><iframe loading=\"lazy\" src=\"https:\/\/cadenaser.com\/embed\/audio\/460\/1717973870169\/\" width=\"100%\" height=\"360\" frameborder=\"0\" allowfullscreen><\/iframe><\/p><\/p>   <p>La presidenta de Les Corts Valencianes, presidenta provincial de Vox en Castell\u00f3n y candidata de esta formaci\u00f3n al Parlamento Europeo, Llanos Mass\u00f3, subraya el crecimiento de su formaci\u00f3n en las elecciones y pide a Pedro S\u00e1nchez que haga como Emmanuel Macron en Francia y convoque elecciones.<\/p>  <p><p class=\"tit\"><span>Llanos Mass\u00f3 (Vox): \u00abEn la Comunitat Valenciana hemos crecido cuatro puntos\u00bb<\/span><\/p> <p class=\"emb\"><iframe loading=\"lazy\" src=\"https:\/\/cadenaser.com\/embed\/audio\/460\/1717973023724\/\" width=\"100%\" height=\"360\" frameborder=\"0\" allowfullscreen><\/iframe><\/p><\/p>   <p>Y Vicent Marz\u00e0, candidato de Comprom\u00eds-Sumar en el n\u00famero tres de la lista y que, por tanto, se convertir\u00e1 en eurodiputado ya que Sumar ha conseguido tres esca\u00f1os, afirma que han conseguido su objetivo, que era conseguir una voz propia en el Parlamento Europeo. Admite que les hubiera gustado que los resultados fueran mejores, pero pone el foco en lo preocupante que, para \u00e9l, es el ascenso de la ultraderecha.<\/p>  <p><p class=\"tit\"><span>Vicent Marz\u00e0 (Comprom\u00eds-Sumar): \u00abSabiem que anava a ser una campanya dif\u00edcil\u00bb<\/span><\/p> <p class=\"emb\"><iframe loading=\"lazy\" src=\"https:\/\/cadenaser.com\/embed\/audio\/460\/1717971017680\/\" width=\"100%\" height=\"360\" frameborder=\"0\" allowfullscreen><\/iframe><\/p><\/p>   <p>Cuatro europarlamentarios valencianos<\/p>   <p>Con este resultado, la representaci\u00f3n valenciana en el europarlamento ser\u00e1 de cuatro eurodiputados. Entre ellos, el vicesecretario de Asuntos Institucionales e Internacionales del PP y eurodiputado desde 2014, Esteban Gonz\u00e1lez Pons, que iba en cuarto lugar en la lista de los &#8216;populares&#8217;.<\/p>   <p>Tambi\u00e9n estar\u00e1n en Europa la recuperada exministra socialista alicantina Leire Paj\u00edn, la octava en la candidatura del PSOE. Paj\u00edn ocup\u00f3 la cartera de Sanidad, Pol\u00edtica Social e Igualdad en la etapa final del Gobierno de Jos\u00e9 Luis Rodr\u00edguez Zapatero y fue secretaria de Organizaci\u00f3n del PSOE entre 2008 y 2010.<\/p>   <p>Igualmente estar\u00e1 en Europa la exvicealcaldesa de Val\u00e8ncia con los gobiernos de la Nau y el Rialto y secretaria general del PSPV en la ciudad, Sandra G\u00f3mez. Durante su etapa en el equipo de gobierno municipal se ocup\u00f3 de las Concejal\u00edas de Desarrollo Urbano y Envejecimiento Activo.<\/p>   <p>El exconseller de Educaci\u00f3n con el Bot\u00e0nic y diputado de Comprom\u00eds, Vicent Marz\u00e0, tambi\u00e9n ha logrado esca\u00f1o en el parlamento europeo ya que ocupaba el n\u00famero tres de la lista de Sumar, que ha obtenido tres eurodiputados.<\/p>   <p>Marz\u00e0, que se midi\u00f3 y gan\u00f3 en las primarias de Comprom\u00eds al exeurodiputado Jordi Sebasti\u00e0, entra, por tanto, gracias al puesto conseguido por la formaci\u00f3n despu\u00e9s de unas duras negociaciones con el partido que lidera Yolanda D\u00edaz y el resto de la coalici\u00f3n forjada en las elecciones al 23J. De hecho, con este resultado, IU que figuraba en cuarta posici\u00f3n no puede entrar en el europarlamento. Comprom\u00eds hab\u00eda perdido representaci\u00f3n en Europa en las elecciones de 2019.<\/p>   <p>Se queda tambi\u00e9n fuera del europarlamento Mar\u00eda Teresa P\u00e9rez, elegida en este a\u00f1o nueva coordinadora general de Podem y que era portavoz estatal, ex diputada estatal por Alicante y ex directora general de juventud en el Gobierno de Espa\u00f1a. P\u00e9rez figuraba en el quinto puesto de la lista de Podemos, que ha obtenido al final dos eurodiputados.<\/p>   <p>Resultados anteriores<\/p>   <p>En las elecciones europeas de mayo de 2019, convocatoria en la que los comicios al Parlamento Europeo coincidieron con las elecciones municipales en la Comunitat Valenciana, el PSOE fue la primera fuerza con el 32,97 por ciento de los votos y 763.120 votos, seguido del PP, con el 22,58% y 522.602 votos. Ciudadanos fue entonces la tercera fuerza, con el 14,26% de los votos y 329.926 votos y le sigui\u00f3 Unidas Podemos, con el 9,69% y 224.207. Comprom\u00eds obtuvo un 8,36% del total de votos en la Comunitat Valenciana y 193.506 papeletas y Vox se qued\u00f3 en el 7,23 por ciento y los 167.340 votos. La participaci\u00f3n entonces, al coincidir con las municipales (que siempre movilizan m\u00e1s votos), fue del 62,5% del total del censo.<\/p>   <p>Cinco a\u00f1os antes, en las elecciones europeas celebradas en el a\u00f1o 2014, con una participaci\u00f3n similar a la de estos comicios al celebrarse tambi\u00e9n por separado (vot\u00f3 el 49,06% del censo), el partido ganador fue el PP, que obtuvo el 29,01 por ciento del escrutinio y 510.586 votos. El PSOE fue segunda fuerza con el 21,56% y 379.541 votos y le sigui\u00f3 Esquerra Unida del Pa\u00eds Valenci\u00e0, con el 10,57% y 186.092 votos. En esos comicios de hace ya diez a\u00f1os UPyD fue el cuarto partido m\u00e1s votado en la Comunitat Valenciana, con 149.529 votos y Podemos consigui\u00f3 el 8,21% y 144.564 votos. Le sigui\u00f3 Comprom\u00eds, con 139.863 votos y el 7,95% del total.<\/p>   <p><i>Sigue toda la \u00faltima hora en el canal de Whatsapp de Radio Valencia: <\/i><a href=\"https:\/\/eur01.safelinks.protection.outlook.com\/?url=https%3A%2F%2Fwhatsapp.com%2Fchannel%2F0029VaHjyqSFHWq2Q3iHB33R&amp;data=05%7C02%7CASanchezSa%40prisaradio.com%7Cbcbba1a7cd834febfc0008dc718f345b%7Cc4fd49f3e15a44d882e2c909735d2e45%7C0%7C0%7C638510107081166370%7CUnknown%7CTWFpbGZsb3d8eyJWIjoiMC4wLjAwMDAiLCJQIjoiV2luMzIiLCJBTiI6Ik1haWwiLCJXVCI6Mn0%3D%7C0%7C%7C%7C&amp;sdata=WFs4%2BokiRyjbxmDJgRU9c1ksYZP%2F7O9hOQ0C1W8Esm0%3D&amp;reserved=0\" rel=\"nofollow noopener\" target=\"_blank\"><i>haz clic aqu\u00ed y suscr\u00edbete<\/i><\/a><i> para recibir toda la informaci\u00f3n y la actualidad del d\u00eda en tu m\u00f3vil.<\/i><\/p> ","protected":false},"excerpt":{"rendered":"<p>Vox es tercera fuerza, con el 11,51% de los votos, y Comprom\u00eds-Sumar se queda en cuarta posici\u00f3n con un 7,63% de los sufragios este 9 de junio<\/p>\n","protected":false},"author":0,"featured_media":5975,"comment_status":"open","ping_status":"open","sticky":false,"template":"","format":"standard","meta":{"_acf_changed":false,"footnotes":""},"categories":[1],"tags":[],"class_list":["post-5974","post","type-post","status-publish","format-standard","has-post-thumbnail","hentry","category-sin-categoria"],"acf":{"ser_id":"CANEH35V3JDCPCTM5FIDMKZ6SE","ser_url":"https:\/\/cadenaser.com\/comunitat-valenciana\/2024\/06\/09\/el-pp-gana-las-elecciones-europeas-en-la-comunitat-valenciana-con-el-35-de-los-votos-cuatro-puntos-mas-que-el-psoe-radio-valencia\/"},"_links":{"self":[{"href":"https:\/\/serbenidorm.daliisolutions.com\/index.php\/wp-json\/wp\/v2\/posts\/5974","targetHints":{"allow":["GET"]}}],"collection":[{"href":"https:\/\/serbenidorm.daliisolutions.com\/index.php\/wp-json\/wp\/v2\/posts"}],"about":[{"href":"https:\/\/serbenidorm.daliisolutions.com\/index.php\/wp-json\/wp\/v2\/types\/post"}],"replies":[{"embeddable":true,"href":"https:\/\/serbenidorm.daliisolutions.com\/index.php\/wp-json\/wp\/v2\/comments?post=5974"}],"version-history":[{"count":0,"href":"https:\/\/serbenidorm.daliisolutions.com\/index.php\/wp-json\/wp\/v2\/posts\/5974\/revisions"}],"wp:featuredmedia":[{"embeddable":true,"href":"https:\/\/serbenidorm.daliisolutions.com\/index.php\/wp-json\/wp\/v2\/media\/5975"}],"wp:attachment":[{"href":"https:\/\/serbenidorm.daliisolutions.com\/index.php\/wp-json\/wp\/v2\/media?parent=5974"}],"wp:term":[{"taxonomy":"category","embeddable":true,"href":"https:\/\/serbenidorm.daliisolutions.com\/index.php\/wp-json\/wp\/v2\/categories?post=5974"},{"taxonomy":"post_tag","embeddable":true,"href":"https:\/\/serbenidorm.daliisolutions.com\/index.php\/wp-json\/wp\/v2\/tags?post=5974"}],"curies":[{"name":"wp","href":"https:\/\/api.w.org\/{rel}","templated":true}]}}