{"id":5984,"date":"2024-06-10T15:49:22","date_gmt":"2024-06-10T13:49:22","guid":{"rendered":"https:\/\/serbenidorm.daliisolutions.com\/index.php\/2024\/06\/10\/incendio-en-benidorm-los-bomberos-controlan-un-fuego-en-armanello-visible-desde-gran-parte-de-la-ciudad\/"},"modified":"2024-06-10T15:49:22","modified_gmt":"2024-06-10T13:49:22","slug":"incendio-en-benidorm-los-bomberos-controlan-un-fuego-en-armanello-visible-desde-gran-parte-de-la-ciudad","status":"publish","type":"post","link":"https:\/\/serbenidorm.daliisolutions.com\/index.php\/2024\/06\/10\/incendio-en-benidorm-los-bomberos-controlan-un-fuego-en-armanello-visible-desde-gran-parte-de-la-ciudad\/","title":{"rendered":"Incendio en Benidorm: los bomberos controlan un fuego en Armanello visible desde gran parte de la ciudad"},"content":{"rendered":"  <p>Los bomberos han controlado ya el incendio declarado en la zona de Armanello de Benidorm este lunes por la ma\u00f1ana. La columna de humo negro que ha generado ha sido visible desde gran parte de la ciudad y <a href=\"https:\/\/cadenaser.com\/tag\/benidorm\/a\/\" target=\"_blank\" rel=\"noopener\">un fuerte olor a pl\u00e1stico quemado se ha extendido a causa del viento que soplaba en direcci\u00f3n al centro urbano<\/a>.<\/p>   <p>Fuentes municipales han confirmado a Radio Benidorm que el fuego se debe a una quema descontrolada y que la r\u00e1pida actuaci\u00f3n de los bomberos ha permitido controlar la situaci\u00f3n de manera r\u00e1pida y efectiva.<\/p>  <p><p class=\"tit\"><span>Hora 14 Benidorm (10\/06\/2024)<\/span><\/p> <p class=\"emb\"><iframe loading=\"lazy\" src=\"https:\/\/cadenaser.com\/embed\/audio\/460\/cadenaser_benidorm_hora14benidorm_20240610_141700_143000\/\" width=\"100%\" height=\"360\" frameborder=\"0\" allowfullscreen><\/iframe><\/p><\/p>   <p>A esta hora no se ha dado todav\u00eda por extinguido y los efectivos del Consorcio Provincial siguen trabajando en esa zona en la que hace un a\u00f1o otro incendio hizo arder durante d\u00edas varios terrenos donde se acumulan kilos de basura. <\/p>   <p><div class=\"oembed twitter\"><blockquote class=\"twitter-tweet\"><p lang=\"es\" dir=\"ltr\">\ud83d\udd34 Los bomberos trabajan en la extinci\u00f3n de un fuego en Armanello. Esc\u00fachalo en <a href=\"https:\/\/t.co\/C0ZHCB4CX3\">https:\/\/t.co\/C0ZHCB4CX3<\/a> <a href=\"https:\/\/t.co\/ZaHzxrnRjU\">pic.twitter.com\/ZaHzxrnRjU<\/a><\/p>\u2014 Radio Benidorm (@RadioBenidorm) <a href=\"https:\/\/twitter.com\/RadioBenidorm\/status\/1800141535541076452?ref_src=twsrc%5Etfw\">June 10, 2024<\/a><\/blockquote>   <\/div><\/p>   <p>A la espera de que el plan Ensanche Levante pueda ponerse en marcha y urbanizar el \u00e1rea, el fuego ha vuelto este lunes a poner en alerta a la ciudad.<\/p> ","protected":false},"excerpt":{"rendered":"<p>Por una quema descontrolada<\/p>\n","protected":false},"author":0,"featured_media":5985,"comment_status":"open","ping_status":"open","sticky":false,"template":"","format":"standard","meta":{"_acf_changed":false,"footnotes":""},"categories":[1],"tags":[],"class_list":["post-5984","post","type-post","status-publish","format-standard","has-post-thumbnail","hentry","category-sin-categoria"],"acf":{"ser_id":"UFCXWPBG7ZAEBB6BMTXD54N3LU","ser_url":"https:\/\/cadenaser.com\/comunitat-valenciana\/2024\/06\/10\/incendio-en-benidorm-los-bomberos-controlan-un-fuego-en-armanello-visible-desde-gran-parte-de-la-ciudad-radio-benidorm\/"},"_links":{"self":[{"href":"https:\/\/serbenidorm.daliisolutions.com\/index.php\/wp-json\/wp\/v2\/posts\/5984","targetHints":{"allow":["GET"]}}],"collection":[{"href":"https:\/\/serbenidorm.daliisolutions.com\/index.php\/wp-json\/wp\/v2\/posts"}],"about":[{"href":"https:\/\/serbenidorm.daliisolutions.com\/index.php\/wp-json\/wp\/v2\/types\/post"}],"replies":[{"embeddable":true,"href":"https:\/\/serbenidorm.daliisolutions.com\/index.php\/wp-json\/wp\/v2\/comments?post=5984"}],"version-history":[{"count":0,"href":"https:\/\/serbenidorm.daliisolutions.com\/index.php\/wp-json\/wp\/v2\/posts\/5984\/revisions"}],"wp:featuredmedia":[{"embeddable":true,"href":"https:\/\/serbenidorm.daliisolutions.com\/index.php\/wp-json\/wp\/v2\/media\/5985"}],"wp:attachment":[{"href":"https:\/\/serbenidorm.daliisolutions.com\/index.php\/wp-json\/wp\/v2\/media?parent=5984"}],"wp:term":[{"taxonomy":"category","embeddable":true,"href":"https:\/\/serbenidorm.daliisolutions.com\/index.php\/wp-json\/wp\/v2\/categories?post=5984"},{"taxonomy":"post_tag","embeddable":true,"href":"https:\/\/serbenidorm.daliisolutions.com\/index.php\/wp-json\/wp\/v2\/tags?post=5984"}],"curies":[{"name":"wp","href":"https:\/\/api.w.org\/{rel}","templated":true}]}}