{"id":5986,"date":"2024-06-10T15:49:23","date_gmt":"2024-06-10T13:49:23","guid":{"rendered":"https:\/\/serbenidorm.daliisolutions.com\/index.php\/2024\/06\/10\/sopar-de-sant-joan-en-callosa-den-sarria-el-proximo-23-de-junio\/"},"modified":"2024-06-10T15:49:23","modified_gmt":"2024-06-10T13:49:23","slug":"sopar-de-sant-joan-en-callosa-den-sarria-el-proximo-23-de-junio","status":"publish","type":"post","link":"https:\/\/serbenidorm.daliisolutions.com\/index.php\/2024\/06\/10\/sopar-de-sant-joan-en-callosa-den-sarria-el-proximo-23-de-junio\/","title":{"rendered":"\u00abSopar de Sant Joan\u00bb en Callosa d&#8217;En Sarri\u00e0 el pr\u00f3ximo 23 de junio"},"content":{"rendered":"  <p>La Pla\u00e7a del Convent de Callosa d&#8217;En Sarri\u00e0 acoger\u00e1 el pr\u00f3ximo 23 de junio un \u00abSopar de Sant Joan\u00bb que pretende convertirse en una velada l\u00fadica y festera para toda la familia.<\/p>   <p>El concejal de Cultura, Carlos Segu\u00ed, ha explicado en <a href=\"\/\/radiobenidorm.es\" rel=\"nofollow noopener\" target=\"_blank\">Hoy por Hoy Benidorm<\/a> que se trata de \u00abuna cena de sobaquillo pero por cuestiones de espacio es necesario inscribirse para hacer la reserva, como fecha l\u00edmite, hasta el 18 de junio en la Casa de Cultura\u00bb.<\/p>   <p>Este a\u00f1o el evento cuenta con la colaboraci\u00f3n de la Fil\u00e0 Almogavars que ostenta la Capitan\u00eda Cristiana de las Fiestas de Moros y Cristianos y que montar\u00e1 una barra con precios populares para recaudar fondos para las fiestas.<\/p>   <p>La velada comenzar\u00e1 a las 20:00 horas con un \u201cCercavila de Fanalets\u201d, un pasacalles de farolillos confeccionados por ni\u00f1os y mayores con sand\u00edas, melones, calabazas e incluso pimientos. A las 20:30 horas comenzar\u00e1 la cena, amenizada por el Grupo de Baile Dance2Fly y Virginia Calvo, para posteriormente, disfrutar de una sesi\u00f3n de DJ. A las 12 de la noche se quemar\u00e1 una hoguera para alejar los malos augurios.<\/p>   <p>Las inscripciones para este \u201cSopar de Sant Joan\u201d se pueden realizar por tel\u00e9fono, llamando a la Casa de Cultura callosina al 96 588 09 46. El \u00faltimo d\u00eda para inscribirse ser\u00e1 el 18 de junio, antes de las 14:00 horas, momento en el que se cierra el plazo.<\/p>   <p>     .c-w{         max-width:444px;         width:100%;         margin:16px auto;      background:#00755E;         border-radius:4px;         display:flex;         align-items:center;         justify-content:center;     }     .c-w a{         display:flex;         align-items:center;         justify-content:center;         padding:4px 24px;     }     .c-w img{         width:24px;         margin-right:12px;     }     .c-w p{         font:18px\/25px Poppins;         text-align:center;         color:#fff;         margin:0;     }     @media (max-width:444px){         .c-w a{             padding:4px 12px;         }         .c-w img{             width:24px;             margin-right:8px;         }         .c-w p{             font:14px\/25px Poppins;         }     }     @media (max-width:335px){         .c-w p{             font:13px\/25px Poppins;         }     }  <div class=\"c-w\">     <a href=\"https:\/\/www.whatsapp.com\/channel\/0029Va633PF9WtC4l7XUzh1e\" target=\"_blank\" rel=\"noopener\">         <img decoding=\"async\" src=\"https:\/\/cadenaser.com\/estaticos\/recursosgraficos\/responsive\/img\/ico-whatsapp.svg\" alt=\"Whatsapp\">         <p>\u00danete al <b>canal de WhatsApp<\/b> de la SER<\/p>     <\/a> <\/div><\/p> ","protected":false},"excerpt":{"rendered":"<p>Habr\u00e1 pasacalles, actuaciones musicales y una barra a precios populares a cargo de la Fil\u00e0 Almogavars<\/p>\n","protected":false},"author":0,"featured_media":5987,"comment_status":"open","ping_status":"open","sticky":false,"template":"","format":"standard","meta":{"_acf_changed":false,"footnotes":""},"categories":[1],"tags":[],"class_list":["post-5986","post","type-post","status-publish","format-standard","has-post-thumbnail","hentry","category-sin-categoria"],"acf":{"ser_id":"F7ZYHH6RDNCT7O2EGM5GIPJA2U","ser_url":"https:\/\/cadenaser.com\/comunitat-valenciana\/2024\/06\/10\/sopar-de-sant-joan-en-callosa-den-sarria-el-proximo-23-de-junio-radio-benidorm\/"},"_links":{"self":[{"href":"https:\/\/serbenidorm.daliisolutions.com\/index.php\/wp-json\/wp\/v2\/posts\/5986","targetHints":{"allow":["GET"]}}],"collection":[{"href":"https:\/\/serbenidorm.daliisolutions.com\/index.php\/wp-json\/wp\/v2\/posts"}],"about":[{"href":"https:\/\/serbenidorm.daliisolutions.com\/index.php\/wp-json\/wp\/v2\/types\/post"}],"replies":[{"embeddable":true,"href":"https:\/\/serbenidorm.daliisolutions.com\/index.php\/wp-json\/wp\/v2\/comments?post=5986"}],"version-history":[{"count":0,"href":"https:\/\/serbenidorm.daliisolutions.com\/index.php\/wp-json\/wp\/v2\/posts\/5986\/revisions"}],"wp:featuredmedia":[{"embeddable":true,"href":"https:\/\/serbenidorm.daliisolutions.com\/index.php\/wp-json\/wp\/v2\/media\/5987"}],"wp:attachment":[{"href":"https:\/\/serbenidorm.daliisolutions.com\/index.php\/wp-json\/wp\/v2\/media?parent=5986"}],"wp:term":[{"taxonomy":"category","embeddable":true,"href":"https:\/\/serbenidorm.daliisolutions.com\/index.php\/wp-json\/wp\/v2\/categories?post=5986"},{"taxonomy":"post_tag","embeddable":true,"href":"https:\/\/serbenidorm.daliisolutions.com\/index.php\/wp-json\/wp\/v2\/tags?post=5986"}],"curies":[{"name":"wp","href":"https:\/\/api.w.org\/{rel}","templated":true}]}}