{"id":5988,"date":"2024-06-10T15:49:24","date_gmt":"2024-06-10T13:49:24","guid":{"rendered":"https:\/\/serbenidorm.daliisolutions.com\/index.php\/2024\/06\/10\/asi-ha-votado-benidorm-en-las-elecciones-europeas-la-participacion-baja-mas-de-un-9\/"},"modified":"2024-06-10T15:49:24","modified_gmt":"2024-06-10T13:49:24","slug":"asi-ha-votado-benidorm-en-las-elecciones-europeas-la-participacion-baja-mas-de-un-9","status":"publish","type":"post","link":"https:\/\/serbenidorm.daliisolutions.com\/index.php\/2024\/06\/10\/asi-ha-votado-benidorm-en-las-elecciones-europeas-la-participacion-baja-mas-de-un-9\/","title":{"rendered":"As\u00ed ha votado Benidorm en las elecciones europeas: la participaci\u00f3n baja m\u00e1s de un 9 %"},"content":{"rendered":"  <p>El PP ha sido el partido m\u00e1s votado en Benidorm en las elecciones europeas celebradas este domingo con el 42,42% de los apoyos y un total de 8.050 votos. La participaci\u00f3n ha sido del 43,37%, 9,26 puntos por debajo de la que se registr\u00f3 en los comicios al Parlamento Europeo de 2019, cita que coincidi\u00f3 con las Elecciones Municipales, y<a href=\"https:\/\/cadenaser.com\/tag\/benidorm\/a\/\" target=\"_blank\" rel=\"noopener\"> 5,83 puntos por debajo de la media estatal<\/a>. <\/p>   <p>En total, seg\u00fan los datos ofrecidos este domingo por el Ministerio del Interior, han pasado por las urnas 19.073 personas en una jornada que ha transcurrido sin incidencias. Seg\u00fan los datos provisionales al 100% del escrutinio, el segundo partido m\u00e1s votado en las elecciones europeas ha sido el PSOE, con el 32,69%  y un total de 6.204 votos; seguido por Vox, que ha obtenido el 10,56% de sufragios, con 2.004 papeletas.<\/p>  <p><figure><img loading=\"lazy\" decoding=\"async\" src=\"https:\/\/cadenaser.com\/resizer\/v2\/2AY56KPVDBAI5JXQHD5JBQOIH4.jpeg?auth=afd974384656ce5d4c67021a2905c52df7b57328163c1b4ea35d62c25b1eb6fb&amp;quality=70&amp;width=360&amp;height=202&amp;smart=true\" alt=\"l PP gana las elecciones europeas en la Comunitat Valenciana con el 35,8% de los votos, cuatro puntos m\u00e1s que el PSOE\" width=\"240\" height=\"135\" \/><\/figure><div><a href=\"https:\/\/cadenaser.com\/comunitat-valenciana\/2024\/06\/09\/el-pp-gana-las-elecciones-europeas-en-la-comunitat-valenciana-con-el-35-de-los-votos-cuatro-puntos-mas-que-el-psoe-radio-valencia\/\">l PP gana las elecciones europeas en la Comunitat Valenciana con el 35,8% de los votos, cuatro puntos m\u00e1s que el PSOE<\/a><p><\/p><\/div><\/p>   <p>La Agrupaci\u00f3n de Electores \u2018Se Acab\u00f3 la Fiesta\u2019, por su parte, ha logrado el respaldo del 5,18% de los votantes, con 984 votos; mientras que Comprom\u00eds-Sumar ha quedado en quinto lugar al obtener 580 sufragios, que representan el 3,05% del total de los votos emitidos. El resto de partidos que concurr\u00edan a las elecciones no han superado en la localidad el 3% de los votos. El 0,51% de los sufragios emitidos han sido nulos y el 0,50%, en blanco.<\/p>   <p>En las anteriores elecciones europeas, el PSOE fue el partido m\u00e1s votado con el 35,45% y 8.058 votos, seguido por el Partido Popular con el 29,53% y 6.713 votos y Ciudadanos Cs, con el 14% y 3.181 votos. Podemos cosech\u00f3 el 7,67% con 1.745 votos y Vox obtuvo el 6,21% y 1.412 votos. El resto de las candidaturas no superaron el 3% de los votos.<\/p> ","protected":false},"excerpt":{"rendered":"<p>El Partido Popular vence con el 42 % de los votos y &#8216;Se acab\u00f3 la fiesta&#8217; irrumpe como cuarta fuerza con el 5 % por delante de SUMAR (Comprom\u00eds)<\/p>\n","protected":false},"author":0,"featured_media":5989,"comment_status":"open","ping_status":"open","sticky":false,"template":"","format":"standard","meta":{"_acf_changed":false,"footnotes":""},"categories":[1],"tags":[],"class_list":["post-5988","post","type-post","status-publish","format-standard","has-post-thumbnail","hentry","category-sin-categoria"],"acf":{"ser_id":"JKEY6AM3UJFJHIABNK753LE4CU","ser_url":"https:\/\/cadenaser.com\/comunitat-valenciana\/2024\/06\/10\/asi-ha-votado-benidorm-en-las-elecciones-europeas-la-participacion-baja-mas-de-un-9-radio-benidorm\/"},"_links":{"self":[{"href":"https:\/\/serbenidorm.daliisolutions.com\/index.php\/wp-json\/wp\/v2\/posts\/5988","targetHints":{"allow":["GET"]}}],"collection":[{"href":"https:\/\/serbenidorm.daliisolutions.com\/index.php\/wp-json\/wp\/v2\/posts"}],"about":[{"href":"https:\/\/serbenidorm.daliisolutions.com\/index.php\/wp-json\/wp\/v2\/types\/post"}],"replies":[{"embeddable":true,"href":"https:\/\/serbenidorm.daliisolutions.com\/index.php\/wp-json\/wp\/v2\/comments?post=5988"}],"version-history":[{"count":0,"href":"https:\/\/serbenidorm.daliisolutions.com\/index.php\/wp-json\/wp\/v2\/posts\/5988\/revisions"}],"wp:featuredmedia":[{"embeddable":true,"href":"https:\/\/serbenidorm.daliisolutions.com\/index.php\/wp-json\/wp\/v2\/media\/5989"}],"wp:attachment":[{"href":"https:\/\/serbenidorm.daliisolutions.com\/index.php\/wp-json\/wp\/v2\/media?parent=5988"}],"wp:term":[{"taxonomy":"category","embeddable":true,"href":"https:\/\/serbenidorm.daliisolutions.com\/index.php\/wp-json\/wp\/v2\/categories?post=5988"},{"taxonomy":"post_tag","embeddable":true,"href":"https:\/\/serbenidorm.daliisolutions.com\/index.php\/wp-json\/wp\/v2\/tags?post=5988"}],"curies":[{"name":"wp","href":"https:\/\/api.w.org\/{rel}","templated":true}]}}