{"id":5990,"date":"2024-06-10T15:49:25","date_gmt":"2024-06-10T13:49:25","guid":{"rendered":"https:\/\/serbenidorm.daliisolutions.com\/index.php\/2024\/06\/10\/la-nucia-y-manresa-se-vuelven-a-ver-las-caras-en-la-gran-final-por-el-ascenso\/"},"modified":"2024-06-10T15:49:25","modified_gmt":"2024-06-10T13:49:25","slug":"la-nucia-y-manresa-se-vuelven-a-ver-las-caras-en-la-gran-final-por-el-ascenso","status":"publish","type":"post","link":"https:\/\/serbenidorm.daliisolutions.com\/index.php\/2024\/06\/10\/la-nucia-y-manresa-se-vuelven-a-ver-las-caras-en-la-gran-final-por-el-ascenso\/","title":{"rendered":"La Nuc\u00eda y Manresa se vuelven a ver las caras en la gran final por el ascenso"},"content":{"rendered":"  <p>El d\u00eda 4 de mayo, con el play-off por el ascenso ya amarrado de manera matem\u00e1tica, el Sporting La Nuc\u00eda visitaba la cancha del Manresa, su rival m\u00e1s directo a lo largo de toda la temporada para la disputa de un partido en el que \u00fanicamente quedaba en juego el t\u00edtulo oficioso de campe\u00f3n del grupo 6 de la Segunda Divisi\u00f3n B del f\u00fatbol sala nacional.<\/p>   <p>Los nucieros, que se hab\u00edan impuesto por 7-4 en el choque de la primera vuelta (disputado el 23 de diciembre), llegaban como l\u00edderes con un solo punto de ventaja sobre los catalanes que en esa pen\u00faltima jornada de la fase regular devolvieron la afrenta a los rojillos imponi\u00e9ndose en su cancha por, precisamente, 7-4.<\/p>   <p>S\u00f3lo una semana m\u00e1s tarde acabar\u00eda esa fase regular con el Manresa ocupando la primera posici\u00f3n de la clasificaci\u00f3n con 72 puntos, dos m\u00e1s que el Sporting La Nuc\u00eda tras 30 jornadas en las que la igualdad, ejemplificada en esos marcadores id\u00e9nticos en sus enfrentamientos directos, qued\u00f3 patente en sus n\u00fameros globales. Catalanes y alicantinos ganaron 23 partidos y en el que s\u00f3lo la estad\u00edstica de los goles a favor decanta la balanza claramente a favor del Manresa gracias a los 193 tantos que pudo celebrar en esa fase de la competici\u00f3n por los 152 de los nucieros.<\/p>   <p>Todo eso no son ahora m\u00e1s que n\u00fameros. Cifras sobre las que reflexionar y tratar con ello de adivinar qu\u00e9 podr\u00e1n deparar los dos partidos que volver\u00e1n a enfrentar a los dos equipos con el ascenso a la Segunda Divisi\u00f3n en juego.<\/p>   <p>As\u00ed valora Dada al rival de la final<\/p>  <p><p class=\"tit\"><span>Dada sobre la final ante Manresa<\/span><\/p> <p class=\"emb\"><iframe loading=\"lazy\" src=\"https:\/\/cadenaser.com\/embed\/audio\/460\/1718012967866\/\" width=\"100%\" height=\"360\" frameborder=\"0\" allowfullscreen><\/iframe><\/p><\/p>   <p>El pasado mes de septiembre eran 96 los equipos los que comenzaban la competici\u00f3n encuadrados en los seis grupos de la categor\u00eda. Ahora, llegados a este asalto final del play-off por el ascenso, s\u00f3lo seis aspiran a las tres plazas que quedan libres en la categor\u00eda de plata del f\u00fatbol sala nacional. Tres plazas que ser\u00e1n para los ganadores de esas tres finales, a partido de ida y vuelta, que se disputar\u00e1n los dos pr\u00f3ximos fines de semana.<\/p>   <p>     .c-w{         max-width:444px;         width:100%;         margin:16px auto;      background:#00755E;         border-radius:4px;         display:flex;         align-items:center;         justify-content:center;     }     .c-w a{         display:flex;         align-items:center;         justify-content:center;         padding:4px 24px;     }     .c-w img{         width:24px;         margin-right:12px;     }     .c-w p{         font:18px\/25px Poppins;         text-align:center;         color:#fff;         margin:0;     }     @media (max-width:444px){         .c-w a{             padding:4px 12px;         }         .c-w img{             width:24px;             margin-right:8px;         }         .c-w p{             font:14px\/25px Poppins;         }     }     @media (max-width:335px){         .c-w p{             font:13px\/25px Poppins;         }     }  <div class=\"c-w\">     <a href=\"https:\/\/www.whatsapp.com\/channel\/0029Va633PF9WtC4l7XUzh1e\" target=\"_blank\" rel=\"noopener\">         <img decoding=\"async\" src=\"https:\/\/cadenaser.com\/estaticos\/recursosgraficos\/responsive\/img\/ico-whatsapp.svg\" alt=\"Whatsapp\">         <p>\u00danete al <b>canal de WhatsApp<\/b> de la SER<\/p>     <\/a> <\/div><\/p>   <p>Y es ahora cuando ese t\u00edtulo honor\u00edfico de campe\u00f3n de grupo adquiere toda su relevancia ya que le ha dado al Manresa el factor cancha a favor toda vez que el partido de ida se disputar\u00e1 el pr\u00f3ximo s\u00e1bado o domingo (todav\u00eda no se ha fijado fecha) en el pabell\u00f3n Camilo Cano mientras que la vuelta tendr\u00e1 lugar siete d\u00edas m\u00e1s tarde en la cancha catalana.<\/p>   <p><p><strong>Sigue el canal de Carrusel en WhatsApp<\/strong><br \/>\u00a1Bienvenido al canal de Whatsapp de Carrusel! Toda la emoci\u00f3n del deporte, EN DIRECTO. Dirige Dani Garrido<\/p><a href=\"https:\/\/whatsapp.com\/channel\/0029Va8gTnP3rZZcN6Uzfi1x\" title=\"Suscr\u00edbete\">Suscr\u00edbete ahora<\/a><\/p> ","protected":false},"excerpt":{"rendered":"<p>Rivales directos en la fase regular de la competici\u00f3n, s\u00f3lo uno de los dos conseguir\u00e1 el pase a Segunda Divisi\u00f3n<\/p>\n","protected":false},"author":0,"featured_media":5991,"comment_status":"open","ping_status":"open","sticky":false,"template":"","format":"standard","meta":{"_acf_changed":false,"footnotes":""},"categories":[16],"tags":[],"class_list":["post-5990","post","type-post","status-publish","format-standard","has-post-thumbnail","hentry","category-deportes"],"acf":{"ser_id":"UJBRCHNRK5GIXD6JSIDIFDBPBU","ser_url":"https:\/\/cadenaser.com\/comunitat-valenciana\/2024\/06\/10\/la-nucia-y-manresa-se-vuelven-a-ver-las-caras-en-la-gran-final-por-el-ascenso-radio-benidorm\/"},"_links":{"self":[{"href":"https:\/\/serbenidorm.daliisolutions.com\/index.php\/wp-json\/wp\/v2\/posts\/5990","targetHints":{"allow":["GET"]}}],"collection":[{"href":"https:\/\/serbenidorm.daliisolutions.com\/index.php\/wp-json\/wp\/v2\/posts"}],"about":[{"href":"https:\/\/serbenidorm.daliisolutions.com\/index.php\/wp-json\/wp\/v2\/types\/post"}],"replies":[{"embeddable":true,"href":"https:\/\/serbenidorm.daliisolutions.com\/index.php\/wp-json\/wp\/v2\/comments?post=5990"}],"version-history":[{"count":0,"href":"https:\/\/serbenidorm.daliisolutions.com\/index.php\/wp-json\/wp\/v2\/posts\/5990\/revisions"}],"wp:featuredmedia":[{"embeddable":true,"href":"https:\/\/serbenidorm.daliisolutions.com\/index.php\/wp-json\/wp\/v2\/media\/5991"}],"wp:attachment":[{"href":"https:\/\/serbenidorm.daliisolutions.com\/index.php\/wp-json\/wp\/v2\/media?parent=5990"}],"wp:term":[{"taxonomy":"category","embeddable":true,"href":"https:\/\/serbenidorm.daliisolutions.com\/index.php\/wp-json\/wp\/v2\/categories?post=5990"},{"taxonomy":"post_tag","embeddable":true,"href":"https:\/\/serbenidorm.daliisolutions.com\/index.php\/wp-json\/wp\/v2\/tags?post=5990"}],"curies":[{"name":"wp","href":"https:\/\/api.w.org\/{rel}","templated":true}]}}