{"id":5992,"date":"2024-06-10T15:49:26","date_gmt":"2024-06-10T13:49:26","guid":{"rendered":"https:\/\/serbenidorm.daliisolutions.com\/index.php\/2024\/06\/10\/los-argentinos-vainstein-y-moscariello-estaran-en-paris\/"},"modified":"2024-06-10T15:49:26","modified_gmt":"2024-06-10T13:49:26","slug":"los-argentinos-vainstein-y-moscariello-estaran-en-paris","status":"publish","type":"post","link":"https:\/\/serbenidorm.daliisolutions.com\/index.php\/2024\/06\/10\/los-argentinos-vainstein-y-moscariello-estaran-en-paris\/","title":{"rendered":"Los argentinos Vainstein y Moscariello estar\u00e1n en Par\u00eds"},"content":{"rendered":"  <p>El <a href=\"https:\/\/cadenaser.com\/tag\/club_balonmano_benidorm\/a\/\" target=\"_blank\" rel=\"noopener\">TM Benidorm<\/a> estar\u00e1 presente en la pr\u00f3xima edici\u00f3n de los Juegos Ol\u00edmpicos despu\u00e9s de que Argentina haya confirmado la convocatoria de Pablo \u2018Colo\u2019 Vainstein y de Lucas Moscariello.<\/p>  <p><p>M\u00e1s informaci\u00f3n<\/p><figure><img loading=\"lazy\" decoding=\"async\" src=\"https:\/\/cadenaser.com\/resizer\/v2\/OAKMBNI4ZFETHMSLQCGXLEMVPA.jpg?auth=f0d33d2c2b861ba4492ca43ffe1505137f7c29237b35458ccc1706c90c14be00&amp;quality=70&amp;width=360&amp;height=202&amp;smart=true\" width=\"820\" height=\"621\" \/><\/figure><ul><li><a href=\"https:\/\/cadenaser.com\/tag\/club_balonmano_benidorm\/a\/\"><span>Todas las noticias del TM Benidorm<\/span><\/a><\/li><\/ul><\/p>   <p>La selecci\u00f3n albiceleste, encuadrada en el Grupo B, arrancar\u00e1 su participaci\u00f3n en la cita ol\u00edmpica el d\u00eda 27 de julio midi\u00e9ndose, a las 16:00 horas, a Noruega. Despu\u00e9s de ese choque inicial, se las ver\u00e1 con Hungr\u00eda, Dinamarca, Francia y Egipto. Dependiendo de sus resultados, los argentinos seguir\u00e1n o no adelante en la competici\u00f3n con la disputa de los cuartos de final, que arrancar\u00e1n, para el cuadro masculino, el d\u00eda 7 de agosto.<\/p>   <p><p><strong>Sigue el canal de Carrusel en WhatsApp<\/strong><br \/>\u00a1Bienvenido al canal de Whatsapp de Carrusel! Toda la emoci\u00f3n del deporte, EN DIRECTO. Dirige Dani Garrido<\/p><a href=\"https:\/\/whatsapp.com\/channel\/0029Va8gTnP3rZZcN6Uzfi1x\" title=\"Suscr\u00edbete\">Suscr\u00edbete ahora<\/a><\/p> ","protected":false},"excerpt":{"rendered":"<p>Los jugadores del TM Benidorm han sido convocados por Argentina para los Juegos Ol\u00edmpicos<\/p>\n","protected":false},"author":0,"featured_media":5993,"comment_status":"open","ping_status":"open","sticky":false,"template":"","format":"standard","meta":{"_acf_changed":false,"footnotes":""},"categories":[16],"tags":[],"class_list":["post-5992","post","type-post","status-publish","format-standard","has-post-thumbnail","hentry","category-deportes"],"acf":{"ser_id":"C7KZAALCORA27FHLHB5YOZOQUI","ser_url":"https:\/\/cadenaser.com\/comunitat-valenciana\/2024\/06\/10\/los-argentinos-vainstein-y-moscariello-estaran-en-paris-radio-benidorm\/"},"_links":{"self":[{"href":"https:\/\/serbenidorm.daliisolutions.com\/index.php\/wp-json\/wp\/v2\/posts\/5992","targetHints":{"allow":["GET"]}}],"collection":[{"href":"https:\/\/serbenidorm.daliisolutions.com\/index.php\/wp-json\/wp\/v2\/posts"}],"about":[{"href":"https:\/\/serbenidorm.daliisolutions.com\/index.php\/wp-json\/wp\/v2\/types\/post"}],"replies":[{"embeddable":true,"href":"https:\/\/serbenidorm.daliisolutions.com\/index.php\/wp-json\/wp\/v2\/comments?post=5992"}],"version-history":[{"count":0,"href":"https:\/\/serbenidorm.daliisolutions.com\/index.php\/wp-json\/wp\/v2\/posts\/5992\/revisions"}],"wp:featuredmedia":[{"embeddable":true,"href":"https:\/\/serbenidorm.daliisolutions.com\/index.php\/wp-json\/wp\/v2\/media\/5993"}],"wp:attachment":[{"href":"https:\/\/serbenidorm.daliisolutions.com\/index.php\/wp-json\/wp\/v2\/media?parent=5992"}],"wp:term":[{"taxonomy":"category","embeddable":true,"href":"https:\/\/serbenidorm.daliisolutions.com\/index.php\/wp-json\/wp\/v2\/categories?post=5992"},{"taxonomy":"post_tag","embeddable":true,"href":"https:\/\/serbenidorm.daliisolutions.com\/index.php\/wp-json\/wp\/v2\/tags?post=5992"}],"curies":[{"name":"wp","href":"https:\/\/api.w.org\/{rel}","templated":true}]}}