{"id":5994,"date":"2024-06-10T15:49:27","date_gmt":"2024-06-10T13:49:27","guid":{"rendered":"https:\/\/serbenidorm.daliisolutions.com\/index.php\/2024\/06\/10\/exito-del-c-n-benidorm-en-el-autonomico-de-salvamento-y-socorrismo\/"},"modified":"2024-06-10T15:49:27","modified_gmt":"2024-06-10T13:49:27","slug":"exito-del-c-n-benidorm-en-el-autonomico-de-salvamento-y-socorrismo","status":"publish","type":"post","link":"https:\/\/serbenidorm.daliisolutions.com\/index.php\/2024\/06\/10\/exito-del-c-n-benidorm-en-el-autonomico-de-salvamento-y-socorrismo\/","title":{"rendered":"\u00c9xito del C.N. Benidorm en el Auton\u00f3mico de Salvamento y Socorrismo"},"content":{"rendered":"  <p>La Vila Joiosa acogi\u00f3 este fin de semana el Campeonato Auton\u00f3mico de Salvamento y Socorrismo en su modalidad de playa en el que los nadadores del Club Nataci\u00f3n Benidorm se alzaron con la medalla de plata en las categor\u00edas Benjam\u00edn y Alev\u00edn y con el tercer puesto en Infantil y Cadete.<\/p>   <p>En total, los deportistas del Club Nataci\u00f3n Benidorm se colgaron hasta 30 medallas. Entre los Infantiles y Cadetes, los benidormenses se hicieron con seis oros, diez platas y tres bronces mientras que los Benjamines y Alevines se embolsaron once metales con tres oros, tres platas y cinco bronces.<\/p>   <p>Desde el Club Nataci\u00f3n Benidorm han querido \u201cdestacar el esfuerzo realizado en unas jornadas con mucho calor y con un estado del mar adverso, sobretodo el domingo con los peque\u00f1os de entre ocho y diez a\u00f1os luchando contra las olas y las corrientes, demostrando su valor y preparaci\u00f3n\u201d.<\/p>   <p>La participaci\u00f3n alcanz\u00f3 124 deportistas en Infantil y Cadete y 107 en Benjam\u00edn y Alev\u00edn.<\/p>   <p><p><strong>Sigue el canal de Carrusel en WhatsApp<\/strong><br \/>\u00a1Bienvenido al canal de Whatsapp de Carrusel! Toda la emoci\u00f3n del deporte, EN DIRECTO. Dirige Dani Garrido<\/p><a href=\"https:\/\/whatsapp.com\/channel\/0029Va8gTnP3rZZcN6Uzfi1x\" title=\"Suscr\u00edbete\">Suscr\u00edbete ahora<\/a><\/p> ","protected":false},"excerpt":{"rendered":"<p>El club se alz\u00f3 con el subcampeonato en Benjam\u00edn y Alev\u00edn y el bronce en Infantil y Cadete<\/p>\n","protected":false},"author":0,"featured_media":5995,"comment_status":"open","ping_status":"open","sticky":false,"template":"","format":"standard","meta":{"_acf_changed":false,"footnotes":""},"categories":[16],"tags":[],"class_list":["post-5994","post","type-post","status-publish","format-standard","has-post-thumbnail","hentry","category-deportes"],"acf":{"ser_id":"MYYT3XIYLVFPLD2O2TZKZRYFWU","ser_url":"https:\/\/cadenaser.com\/comunitat-valenciana\/2024\/06\/10\/exito-del-cn-benidorm-en-el-autonomico-de-salvamento-y-socorrismo-radio-benidorm\/"},"_links":{"self":[{"href":"https:\/\/serbenidorm.daliisolutions.com\/index.php\/wp-json\/wp\/v2\/posts\/5994","targetHints":{"allow":["GET"]}}],"collection":[{"href":"https:\/\/serbenidorm.daliisolutions.com\/index.php\/wp-json\/wp\/v2\/posts"}],"about":[{"href":"https:\/\/serbenidorm.daliisolutions.com\/index.php\/wp-json\/wp\/v2\/types\/post"}],"replies":[{"embeddable":true,"href":"https:\/\/serbenidorm.daliisolutions.com\/index.php\/wp-json\/wp\/v2\/comments?post=5994"}],"version-history":[{"count":0,"href":"https:\/\/serbenidorm.daliisolutions.com\/index.php\/wp-json\/wp\/v2\/posts\/5994\/revisions"}],"wp:featuredmedia":[{"embeddable":true,"href":"https:\/\/serbenidorm.daliisolutions.com\/index.php\/wp-json\/wp\/v2\/media\/5995"}],"wp:attachment":[{"href":"https:\/\/serbenidorm.daliisolutions.com\/index.php\/wp-json\/wp\/v2\/media?parent=5994"}],"wp:term":[{"taxonomy":"category","embeddable":true,"href":"https:\/\/serbenidorm.daliisolutions.com\/index.php\/wp-json\/wp\/v2\/categories?post=5994"},{"taxonomy":"post_tag","embeddable":true,"href":"https:\/\/serbenidorm.daliisolutions.com\/index.php\/wp-json\/wp\/v2\/tags?post=5994"}],"curies":[{"name":"wp","href":"https:\/\/api.w.org\/{rel}","templated":true}]}}