{"id":6003,"date":"2024-06-11T08:27:02","date_gmt":"2024-06-11T06:27:02","guid":{"rendered":"https:\/\/serbenidorm.daliisolutions.com\/index.php\/2024\/06\/11\/el-parque-de-elche-el-mirador-de-la-musica-o-el-castell-de-benidorm-el-ayuntamiento-pone-a-punto-algunos-de-los-lugares-mas-visitados\/"},"modified":"2024-06-11T08:27:02","modified_gmt":"2024-06-11T06:27:02","slug":"el-parque-de-elche-el-mirador-de-la-musica-o-el-castell-de-benidorm-el-ayuntamiento-pone-a-punto-algunos-de-los-lugares-mas-visitados","status":"publish","type":"post","link":"https:\/\/serbenidorm.daliisolutions.com\/index.php\/2024\/06\/11\/el-parque-de-elche-el-mirador-de-la-musica-o-el-castell-de-benidorm-el-ayuntamiento-pone-a-punto-algunos-de-los-lugares-mas-visitados\/","title":{"rendered":"El parque de Elche, el mirador de la M\u00fasica o el Castell de Benidorm: el Ayuntamiento pone a punto algunos de los lugares m\u00e1s visitados"},"content":{"rendered":"  <p>Ante la inminente llegada de turistas de la temporada alta, el Ayuntamiento de Benidorm ha iniciado las labores de puesta a punto de la escena urbana en algunas <a href=\"https:\/\/cadenaser.com\/tag\/benidorm\/a\/\" target=\"_blank\" rel=\"noopener\">zonas de la ciudad que lo requer\u00edan por su alto tr\u00e1nsito de personas<\/a>.<\/p>   <p>Se trata de trabajos como la reparaci\u00f3n de la balaustrada del Castell, el mantenimiento de los alrededores de esta zona, labores de repintado de jardineras en el Parque de Elche o en zona de juegos infantiles. Tambi\u00e9n se han instalado nuevos bancos en las avenidas Adolfo Su\u00e1rez y Juan Fuster Zaragoza.<\/p>  <p><p>M\u00e1s informaci\u00f3n<\/p><figure><img loading=\"lazy\" decoding=\"async\" src=\"https:\/\/cadenaser.com\/resizer\/v2\/5SLT3RBMTRBH7PCYSBSVJNSZ44.jpeg?auth=672521c7336ba3b4d2e35ce5d095fc452f449b097e465a34a7a349b479642be0&amp;quality=70&amp;width=360&amp;height=202&amp;smart=true\" width=\"820\" height=\"621\" \/><\/figure><ul><li><a href=\"https:\/\/cadenaser.com\/comunitat-valenciana\/2024\/06\/10\/incendio-en-benidorm-los-bomberos-controlan-un-fuego-en-armanello-visible-desde-gran-parte-de-la-ciudad-radio-benidorm\/\"><span>Incendio en Benidorm: los bomberos extinguen el fuego provocado por una quema en Armanello<\/span><\/a><\/li><\/ul><\/p>   <p>El Ayuntamiento tambi\u00e9n tiene previsto actuar en el Paseo de Tamarindos hasta el Mirador de la M\u00fasica realizando de trabajos de mejora y conservaci\u00f3n del mobiliario urbano.<\/p>   <p>Los trabajos de adecentamiento y mejora de la imagen de las zonas m\u00e1s emblem\u00e1ticas consisten en peque\u00f1as intervenciones en espacios p\u00fablicos que requieren de \u201cactuaciones sencillas pero que contribuyen a mejorar el aspecto general del lugar\u201d, seg\u00fan ha se\u00f1alado el edil de Espacio P\u00fablico, Francis Mu\u00f1oz.<\/p>  <p><p class=\"tit\"><span>Hora 14 Benidorm (10\/06\/2024)<\/span><\/p> <p class=\"emb\"><iframe loading=\"lazy\" src=\"https:\/\/cadenaser.com\/embed\/audio\/460\/cadenaser_benidorm_hora14benidorm_20240610_141700_143000\/\" width=\"100%\" height=\"360\" frameborder=\"0\" allowfullscreen><\/iframe><\/p><\/p>   <p>Asimismo las brigadas municipales tambi\u00e9n est\u00e1n eliminando grafitis y pintadas en especial en los pasos subterr\u00e1neos. Todas estas intervenciones finalizar\u00e1n antes de terminar el presente mes de junio.<\/p>   <p>     .c-w{         max-width:444px;         width:100%;         margin:16px auto;      background:#00755E;         border-radius:4px;         display:flex;         align-items:center;         justify-content:center;     }     .c-w a{         display:flex;         align-items:center;         justify-content:center;         padding:4px 24px;     }     .c-w img{         width:24px;         margin-right:12px;     }     .c-w p{         font:18px\/25px Poppins;         text-align:center;         color:#fff;         margin:0;     }     @media (max-width:444px){         .c-w a{             padding:4px 12px;         }         .c-w img{             width:24px;             margin-right:8px;         }         .c-w p{             font:14px\/25px Poppins;         }     }     @media (max-width:335px){         .c-w p{             font:13px\/25px Poppins;         }     }  <div class=\"c-w\">     <a href=\"https:\/\/www.whatsapp.com\/channel\/0029Va633PF9WtC4l7XUzh1e\" target=\"_blank\" rel=\"noopener\">         <img decoding=\"async\" src=\"https:\/\/cadenaser.com\/estaticos\/recursosgraficos\/responsive\/img\/ico-whatsapp.svg\" alt=\"Whatsapp\">         <p>\u00danete al <b>canal de WhatsApp<\/b> de la SER<\/p>     <\/a> <\/div><\/p> ","protected":false},"excerpt":{"rendered":"<p>El concejal de Espacio P\u00fablico explica que son \u201cactuaciones sencillas pero que contribuyen a mejorar el aspecto general del lugar\u201d<\/p>\n","protected":false},"author":0,"featured_media":6004,"comment_status":"open","ping_status":"open","sticky":false,"template":"","format":"standard","meta":{"_acf_changed":false,"footnotes":""},"categories":[1],"tags":[],"class_list":["post-6003","post","type-post","status-publish","format-standard","has-post-thumbnail","hentry","category-sin-categoria"],"acf":{"ser_id":"PJC2JAR2IVCDBA76BG332FO35Q","ser_url":"https:\/\/cadenaser.com\/comunitat-valenciana\/2024\/06\/10\/el-parque-de-elche-el-mirador-de-la-musica-o-el-castell-de-benidorm-el-ayuntamiento-pone-a-punto-algunos-de-los-lugares-mas-visitados-radio-benidorm\/"},"_links":{"self":[{"href":"https:\/\/serbenidorm.daliisolutions.com\/index.php\/wp-json\/wp\/v2\/posts\/6003","targetHints":{"allow":["GET"]}}],"collection":[{"href":"https:\/\/serbenidorm.daliisolutions.com\/index.php\/wp-json\/wp\/v2\/posts"}],"about":[{"href":"https:\/\/serbenidorm.daliisolutions.com\/index.php\/wp-json\/wp\/v2\/types\/post"}],"replies":[{"embeddable":true,"href":"https:\/\/serbenidorm.daliisolutions.com\/index.php\/wp-json\/wp\/v2\/comments?post=6003"}],"version-history":[{"count":0,"href":"https:\/\/serbenidorm.daliisolutions.com\/index.php\/wp-json\/wp\/v2\/posts\/6003\/revisions"}],"wp:featuredmedia":[{"embeddable":true,"href":"https:\/\/serbenidorm.daliisolutions.com\/index.php\/wp-json\/wp\/v2\/media\/6004"}],"wp:attachment":[{"href":"https:\/\/serbenidorm.daliisolutions.com\/index.php\/wp-json\/wp\/v2\/media?parent=6003"}],"wp:term":[{"taxonomy":"category","embeddable":true,"href":"https:\/\/serbenidorm.daliisolutions.com\/index.php\/wp-json\/wp\/v2\/categories?post=6003"},{"taxonomy":"post_tag","embeddable":true,"href":"https:\/\/serbenidorm.daliisolutions.com\/index.php\/wp-json\/wp\/v2\/tags?post=6003"}],"curies":[{"name":"wp","href":"https:\/\/api.w.org\/{rel}","templated":true}]}}