{"id":6019,"date":"2024-06-11T13:01:52","date_gmt":"2024-06-11T11:01:52","guid":{"rendered":"https:\/\/serbenidorm.daliisolutions.com\/index.php\/2024\/06\/11\/el-alcalde-de-benidorm-descarta-negociar-con-la-familia-murcia-puchades-tras-la-sentencia-de-serra-gelada-es-ilegal\/"},"modified":"2024-06-11T13:01:52","modified_gmt":"2024-06-11T11:01:52","slug":"el-alcalde-de-benidorm-descarta-negociar-con-la-familia-murcia-puchades-tras-la-sentencia-de-serra-gelada-es-ilegal","status":"publish","type":"post","link":"https:\/\/serbenidorm.daliisolutions.com\/index.php\/2024\/06\/11\/el-alcalde-de-benidorm-descarta-negociar-con-la-familia-murcia-puchades-tras-la-sentencia-de-serra-gelada-es-ilegal\/","title":{"rendered":"El alcalde de Benidorm descarta negociar con la familia Murcia Puchades tras la sentencia de Serra Gelada: \u00abEs ilegal\u00bb"},"content":{"rendered":"  <p>Han pasado menos de dos semanas desde que se conociera la sentencia del<a href=\"https:\/\/cadenaser.com\/comunitat-valenciana\/2024\/05\/30\/benidorm-luchara-por-recuperar-la-razon-tras-la-sentencia-que-le-obliga-a-pagar-330-millones-a-propietarios-de-terrenos-en-serra-gelada-radio-benidorm\/\" target=\"_blank\" rel=\"noopener\"> Tribunal Superior de Justicia de la Comunitat Valenciana (TSJCV) que da la raz\u00f3n a la familia Murcia Puchades, propietaria de suelos en el parque natural de Serra Gelada que dejaron de ser edificables y fijando la cantidad a pagar por el Ayuntamiento de Benidorm en 283 millones m\u00e1s otros cincuenta en concepto de intereses<\/a>.<\/p>   <p>Ese mismo d\u00eda Jos\u00e9 Domingo Monforte, abogado de Murcia Puchades Expansi\u00f3n SL y Urban Villajoyosa 2000 SL, las empresas de esta familia, se mostr\u00f3 dispuesto en <a href=\"https:\/\/cadenaser.com\/tag\/comarca_la_marina_baixa\/a\/\" target=\"_blank\" rel=\"noopener\">La Ventana de la Marina Baixa<\/a> a encarar una negociaci\u00f3n con el consistorio avisando de que <a href=\"https:\/\/cadenaser.com\/comunitat-valenciana\/2024\/05\/30\/la-familia-murcia-puchades-abierta-a-negociar-con-benidorm-si-en-lugar-de-eso-se-pretende-recobrar-la-razon-el-supremo-tendra-la-ultima-palabra-radio-benidorm\/\" target=\"_blank\" rel=\"noopener\">\u00absi en lugar de eso se pretende recobrar la raz\u00f3n el Supremo tendr\u00e1 la \u00faltima palabra\u00bb<\/a>.<\/p>  <p><p class=\"tit\"><span>Jos\u00e9 Domingo Monforte, abogado de la familia Murcia Puchades, en La Ventana de la Marina Baixa<\/span><\/p> <p class=\"emb\"><iframe loading=\"lazy\" src=\"https:\/\/cadenaser.com\/embed\/audio\/460\/1717092545181\/\" width=\"100%\" height=\"360\" frameborder=\"0\" allowfullscreen><\/iframe><\/p><\/p>   <p>No obstante, la l\u00ednea del gobierno local parece clara. Desde un primer momento el alcalde de la capital tur\u00edstica, Toni P\u00e9rez, defendi\u00f3 que seguir\u00edan el recorrido judicial de la cuesti\u00f3n primero pidiendo una aclaraci\u00f3n de la sentencia y, en funci\u00f3n de la respuesta, recurriendo al Tribunal Supremo la decisi\u00f3n del TSJCV.<\/p>   <p>P\u00e9rez ha reiterado en todo momento que no ha habido ning\u00fan cambio de criterio y que todas las acciones se han tomado siguiendo el criterio marcado por los t\u00e9cnicos; sin embargo la oposici\u00f3n del PSOE, pese a apoyar esa hoja de ruta marcada por el primer edil, tambi\u00e9n ha reclamado que se aborde una negociaci\u00f3n con la familia Murcia Puchades para conseguir un acuerdo beneficioso para los intereses de la ciudad.<\/p>  <p><p>M\u00e1s informaci\u00f3n<\/p><figure><img loading=\"lazy\" decoding=\"async\" src=\"https:\/\/cadenaser.com\/resizer\/v2\/7HUHBCOX6JDNBCMGBRMEOY4WX4.jpg?auth=bcbc4a8f41cac0c25ca165779a96b22e820ccf45cf87e6cdce124ec39af52d4c&amp;quality=70&amp;width=360&amp;height=202&amp;smart=true\" width=\"820\" height=\"621\" \/><\/figure><ul><li><a href=\"https:\/\/cadenaser.com\/comunitat-valenciana\/2024\/05\/30\/benidorm-luchara-por-recuperar-la-razon-tras-la-sentencia-que-le-obliga-a-pagar-330-millones-a-propietarios-de-terrenos-en-serra-gelada-radio-benidorm\/\"><span>Benidorm recurrir\u00e1 la sentencia que le obliga a pagar 330 millones a dos propietarios de terrenos en Serra Gelada<\/span><\/a><\/li><\/ul><\/p>   <p>Este martes, en una reuni\u00f3n con el Consejo Vecinal, el alcalde ha descartado ese punto por completo: \u201cLos pol\u00edticos no podemos negociar nada, es ilegal. Esas tasaciones las han de hacer los jueces\u201d.<\/p>   <p>     .c-w{         max-width:444px;         width:100%;         margin:16px auto;      background:#00755E;         border-radius:4px;         display:flex;         align-items:center;         justify-content:center;     }     .c-w a{         display:flex;         align-items:center;         justify-content:center;         padding:4px 24px;     }     .c-w img{         width:24px;         margin-right:12px;     }     .c-w p{         font:18px\/25px Poppins;         text-align:center;         color:#fff;         margin:0;     }     @media (max-width:444px){         .c-w a{             padding:4px 12px;         }         .c-w img{             width:24px;             margin-right:8px;         }         .c-w p{             font:14px\/25px Poppins;         }     }     @media (max-width:335px){         .c-w p{             font:13px\/25px Poppins;         }     }  <div class=\"c-w\">     <a href=\"https:\/\/www.whatsapp.com\/channel\/0029Va633PF9WtC4l7XUzh1e\" target=\"_blank\" rel=\"noopener\">         <img decoding=\"async\" src=\"https:\/\/cadenaser.com\/estaticos\/recursosgraficos\/responsive\/img\/ico-whatsapp.svg\" alt=\"Whatsapp\">         <p>\u00danete al <b>canal de WhatsApp<\/b> de la SER<\/p>     <\/a> <\/div><\/p>   <p>Adem\u00e1s ha aprovechado para rechazar la idea de que un hipot\u00e9tico pago de la sentencia incrementar\u00e1 las tasas de los benidormenses. \u201cEso es imposible porque las tasas no pueden ser afectadas por nada que sea ajeno al propio coste del servicio. Ninguna tasa subir\u00e1 por hacer frente a la sentencia\u201d ha subrayado.<\/p>   <p>La precaria situaci\u00f3n econ\u00f3mica de AFA Marina Baixa<\/p>   <p>En ese mismo Consejo Vecinal la Asociaci\u00f3n de Familiares de Enfermos de Alzheimer, AFA Marina Baixa, ha puesto de manifiesto sus problemas econ\u00f3micos como consecuencia de una convocatoria de subvenciones de la Generalitat que no sali\u00f3 el a\u00f1o pasado y que les dej\u00f3 sin unos recursos con los que contaban, que han cifrado en 52.000 euros.<\/p>   <p>En este sentido, Toni P\u00e9rez ha indicado que el Ayuntamiento \u201cest\u00e1 trabajando para solventar esta situaci\u00f3n\u201d y que ya se han convocado de nuevo esta subvenci\u00f3n \u201cpara dos anualidades\u201d, aunque ha admitido que \u201clo que nos preocupa es la demora que pueda haber en el pago y por eso trabajamos para que la resoluci\u00f3n llegue cuanto antes\u201d.<\/p> ","protected":false},"excerpt":{"rendered":"<p>As\u00ed lo ha explicado en una reuni\u00f3n con el Consejo Vecinal despu\u00e9s de que el TSJCV condenara al Ayuntamiento a pagar a los propietarios de los suelos que perdieron el car\u00e1cter de edificables 283 millones de euros m\u00e1s intereses<\/p>\n","protected":false},"author":0,"featured_media":6020,"comment_status":"open","ping_status":"open","sticky":false,"template":"","format":"standard","meta":{"_acf_changed":false,"footnotes":""},"categories":[1],"tags":[],"class_list":["post-6019","post","type-post","status-publish","format-standard","has-post-thumbnail","hentry","category-sin-categoria"],"acf":{"ser_id":"VEATDVRH45HW3DXYVZW4FX6374","ser_url":"https:\/\/cadenaser.com\/comunitat-valenciana\/2024\/06\/11\/el-alcalde-de-benidorm-descarta-negociar-con-la-familia-murcia-puchades-tras-la-sentencia-de-serra-gelada-es-ilegal-radio-benidorm\/"},"_links":{"self":[{"href":"https:\/\/serbenidorm.daliisolutions.com\/index.php\/wp-json\/wp\/v2\/posts\/6019","targetHints":{"allow":["GET"]}}],"collection":[{"href":"https:\/\/serbenidorm.daliisolutions.com\/index.php\/wp-json\/wp\/v2\/posts"}],"about":[{"href":"https:\/\/serbenidorm.daliisolutions.com\/index.php\/wp-json\/wp\/v2\/types\/post"}],"replies":[{"embeddable":true,"href":"https:\/\/serbenidorm.daliisolutions.com\/index.php\/wp-json\/wp\/v2\/comments?post=6019"}],"version-history":[{"count":0,"href":"https:\/\/serbenidorm.daliisolutions.com\/index.php\/wp-json\/wp\/v2\/posts\/6019\/revisions"}],"wp:featuredmedia":[{"embeddable":true,"href":"https:\/\/serbenidorm.daliisolutions.com\/index.php\/wp-json\/wp\/v2\/media\/6020"}],"wp:attachment":[{"href":"https:\/\/serbenidorm.daliisolutions.com\/index.php\/wp-json\/wp\/v2\/media?parent=6019"}],"wp:term":[{"taxonomy":"category","embeddable":true,"href":"https:\/\/serbenidorm.daliisolutions.com\/index.php\/wp-json\/wp\/v2\/categories?post=6019"},{"taxonomy":"post_tag","embeddable":true,"href":"https:\/\/serbenidorm.daliisolutions.com\/index.php\/wp-json\/wp\/v2\/tags?post=6019"}],"curies":[{"name":"wp","href":"https:\/\/api.w.org\/{rel}","templated":true}]}}