{"id":6021,"date":"2024-06-11T13:01:53","date_gmt":"2024-06-11T11:01:53","guid":{"rendered":"https:\/\/serbenidorm.daliisolutions.com\/index.php\/2024\/06\/11\/arnau-caparros-seguira-un-ano-mas-en-el-servigroup-benidorm\/"},"modified":"2024-06-11T13:01:53","modified_gmt":"2024-06-11T11:01:53","slug":"arnau-caparros-seguira-un-ano-mas-en-el-servigroup-benidorm","status":"publish","type":"post","link":"https:\/\/serbenidorm.daliisolutions.com\/index.php\/2024\/06\/11\/arnau-caparros-seguira-un-ano-mas-en-el-servigroup-benidorm\/","title":{"rendered":"Arnau Caparr\u00f3s seguir\u00e1 un a\u00f1o m\u00e1s en el Servigroup-Benidorm"},"content":{"rendered":"  <p>El <a href=\"https:\/\/cadenaser.com\/tag\/club_voleibol_playas_benidorm\/a\/\">Club Voleibol Playas de Benidorm<\/a> ha confirmado la continuidad del opuesto catal\u00e1n Arnau Caparr\u00f3s en el Servigroup-Benidorm de Superliga 2 masculina en la que ser\u00e1 la cuarta temporada para \u00e9l defendiendo los intereses del equipo del pabell\u00f3n Ra\u00fal Mesa.<\/p>   <p>En la reci\u00e9n terminada temporada, Caparr\u00f3s fue uno de los grandes puntales de <a href=\"https:\/\/cadenaser.com\/comunitat-valenciana\/2024\/04\/16\/adriano-lamb-seguira-siendo-el-dueno-del-banquillo-del-servigroup-benidorm-radio-benidorm\/\">la escuadra dirigida por Adriano Lamb<\/a> tras haber disputado 82 sets en 21 partidos situ\u00e1ndose, adem\u00e1s, entre los diez opuestos m\u00e1s valiosos del campeonato con 721 puntos de ataque, algo que, adem\u00e1s, le sirvi\u00f3 para hacerse con el trofeo del MVP en diversas jornadas.<\/p>   <p>Con esta decisi\u00f3n, el equipo masculino del Club Voleibol Playas de Benidorm sigue tomando forma de cara a la temporada 2024-2025 para la que recientemente ya se anunci\u00f3 <a href=\"https:\/\/cadenaser.com\/comunitat-valenciana\/2024\/06\/06\/el-club-voleibol-playas-de-benidorm-renueva-a-sus-capitanias-radio-benidorm\/\">la continuidad de Sergio Ram\u00edrez<\/a>.<\/p>   <p><p><strong>Sigue el canal de Carrusel en WhatsApp<\/strong><br \/>\u00a1Bienvenido al canal de Whatsapp de Carrusel! Toda la emoci\u00f3n del deporte, EN DIRECTO. Dirige Dani Garrido<\/p><a href=\"https:\/\/whatsapp.com\/channel\/0029Va8gTnP3rZZcN6Uzfi1x\" title=\"Suscr\u00edbete\">Suscr\u00edbete ahora<\/a><\/p> ","protected":false},"excerpt":{"rendered":"<p>El opuesto catal\u00e1n completar\u00e1 su cuarta temporada en el equipo del pabell\u00f3n Ra\u00fal Mesa<\/p>\n","protected":false},"author":0,"featured_media":6022,"comment_status":"open","ping_status":"open","sticky":false,"template":"","format":"standard","meta":{"_acf_changed":false,"footnotes":""},"categories":[16],"tags":[],"class_list":["post-6021","post","type-post","status-publish","format-standard","has-post-thumbnail","hentry","category-deportes"],"acf":{"ser_id":"SGJH5ZL4MNC6BLJPOFP5TATPYE","ser_url":"https:\/\/cadenaser.com\/comunitat-valenciana\/2024\/06\/11\/arnau-caparros-seguira-un-ano-mas-en-el-servigroup-benidorm-radio-benidorm\/"},"_links":{"self":[{"href":"https:\/\/serbenidorm.daliisolutions.com\/index.php\/wp-json\/wp\/v2\/posts\/6021","targetHints":{"allow":["GET"]}}],"collection":[{"href":"https:\/\/serbenidorm.daliisolutions.com\/index.php\/wp-json\/wp\/v2\/posts"}],"about":[{"href":"https:\/\/serbenidorm.daliisolutions.com\/index.php\/wp-json\/wp\/v2\/types\/post"}],"replies":[{"embeddable":true,"href":"https:\/\/serbenidorm.daliisolutions.com\/index.php\/wp-json\/wp\/v2\/comments?post=6021"}],"version-history":[{"count":0,"href":"https:\/\/serbenidorm.daliisolutions.com\/index.php\/wp-json\/wp\/v2\/posts\/6021\/revisions"}],"wp:featuredmedia":[{"embeddable":true,"href":"https:\/\/serbenidorm.daliisolutions.com\/index.php\/wp-json\/wp\/v2\/media\/6022"}],"wp:attachment":[{"href":"https:\/\/serbenidorm.daliisolutions.com\/index.php\/wp-json\/wp\/v2\/media?parent=6021"}],"wp:term":[{"taxonomy":"category","embeddable":true,"href":"https:\/\/serbenidorm.daliisolutions.com\/index.php\/wp-json\/wp\/v2\/categories?post=6021"},{"taxonomy":"post_tag","embeddable":true,"href":"https:\/\/serbenidorm.daliisolutions.com\/index.php\/wp-json\/wp\/v2\/tags?post=6021"}],"curies":[{"name":"wp","href":"https:\/\/api.w.org\/{rel}","templated":true}]}}