{"id":6025,"date":"2024-06-12T08:26:22","date_gmt":"2024-06-12T06:26:22","guid":{"rendered":"https:\/\/serbenidorm.daliisolutions.com\/index.php\/2024\/06\/12\/finestrat-declarara-en-ruinas-su-iglesia-tras-dos-anos-cerrada\/"},"modified":"2024-06-12T08:26:22","modified_gmt":"2024-06-12T06:26:22","slug":"finestrat-declarara-en-ruinas-su-iglesia-tras-dos-anos-cerrada","status":"publish","type":"post","link":"https:\/\/serbenidorm.daliisolutions.com\/index.php\/2024\/06\/12\/finestrat-declarara-en-ruinas-su-iglesia-tras-dos-anos-cerrada\/","title":{"rendered":"Finestrat declarar\u00e1 en ruinas su iglesia tras dos a\u00f1os cerrada"},"content":{"rendered":"  <p>En Finestrat llevan dos a\u00f1os con la iglesia en obras y cerrada al p\u00fablico y el Ayuntamiento ha decidido que los vecinos \u201cno podemos esperar mas\u201d ante \u201cla falta de respuesta del obispado\u201d por lo que su  alcalde, Juanfran P\u00e9rez, ha anunciado que elevar\u00e1 al pleno una moci\u00f3n para declarar la ruina del edificio y <a href=\"https:\/\/cadenaser.com\/tag\/finestrat\/a\/\" target=\"_blank\" rel=\"noopener\">\u201csi el obispado no lo hace, lo asumir\u00e1 el Ayuntamiento, a cargo de sus cuentas\u201d<\/a>.<\/p>   <p>P\u00e9rez considera \u201ctremendamente indignante\u201d tener la iglesia parroquial de Sant Bertomeu cerrada dos a\u00f1os y que el Obispado de Orihuela no solo no termine las obras del templo sino que no conteste a los requerimientos del Consistorio. \u201cLlevamos m\u00e1s de 2 a\u00f1os con la iglesia cerrada porque el Obispado no hace unas obras de rehabilitaci\u00f3n de un edificio que es de su propiedad. <\/p>   <p>\u201cEn todo este tiempo desde el Ayuntamiento hemos buscado f\u00f3rmulas de colaboraci\u00f3n como iniciar trabajos aportando el 90% de las obras, intentar firmar convenios de colaboraci\u00f3n econ\u00f3mica e incluso proponer que nos cedan la titularidad del inmueble para asumir desde el Ayuntamiento el 100% de la rehabilitaci\u00f3n\u201d, lamenta el alcalde.<\/p>  <p><p class=\"tit\"><span>Hora 14 Benidorm (11\/06\/2024)<\/span><\/p> <p class=\"emb\"><iframe loading=\"lazy\" src=\"https:\/\/cadenaser.com\/embed\/audio\/460\/cadenaser_benidorm_hora14benidorm_20240611_141700_143000\/\" width=\"100%\" height=\"360\" frameborder=\"0\" allowfullscreen><\/iframe><\/p><\/p>   <p>El alcalde anuncia que en los pr\u00f3ximos d\u00edas el consistorio instar\u00e1 a declarar la ruina del edificio: \u201cDaremos un plazo al Obispado para que  ejecute las obras. Si no lo hace, las ejecutar\u00e1 el Ayuntamiento a coste del propio Obispado\u201d, avisa.<\/p>   <p>El asunto se remonta a dos a\u00f1os atr\u00e1s cuando una empresa contratada por el Obispado de Orihuela-Alicante inici\u00f3 las obras de rehabilitaci\u00f3n de  la c\u00fapula y el techo del templo. Sin embargo las lluvias de las primeras semanas de mayo de 2022 provocaron varios derrumbamientos de parte del techo y de la b\u00f3veda. Desde entonces la obra est\u00e1 paralizada y la iglesia cerrada.<\/p>   <p>     .c-w{         max-width:444px;         width:100%;         margin:16px auto;      background:#00755E;         border-radius:4px;         display:flex;         align-items:center;         justify-content:center;     }     .c-w a{         display:flex;         align-items:center;         justify-content:center;         padding:4px 24px;     }     .c-w img{         width:24px;         margin-right:12px;     }     .c-w p{         font:18px\/25px Poppins;         text-align:center;         color:#fff;         margin:0;     }     @media (max-width:444px){         .c-w a{             padding:4px 12px;         }         .c-w img{             width:24px;             margin-right:8px;         }         .c-w p{             font:14px\/25px Poppins;         }     }     @media (max-width:335px){         .c-w p{             font:13px\/25px Poppins;         }     }  <div class=\"c-w\">     <a href=\"https:\/\/www.whatsapp.com\/channel\/0029Va633PF9WtC4l7XUzh1e\" target=\"_blank\" rel=\"noopener\">         <img decoding=\"async\" src=\"https:\/\/cadenaser.com\/estaticos\/recursosgraficos\/responsive\/img\/ico-whatsapp.svg\" alt=\"Whatsapp\">         <p>\u00danete al <b>canal de WhatsApp<\/b> de la SER<\/p>     <\/a> <\/div><\/p> ","protected":false},"excerpt":{"rendered":"<p>Su alcalde denuncia la inacci\u00f3n del Obispado: \u00abEs tremendamente indignante\u00bb<\/p>\n","protected":false},"author":0,"featured_media":6026,"comment_status":"open","ping_status":"open","sticky":false,"template":"","format":"standard","meta":{"_acf_changed":false,"footnotes":""},"categories":[1],"tags":[],"class_list":["post-6025","post","type-post","status-publish","format-standard","has-post-thumbnail","hentry","category-sin-categoria"],"acf":{"ser_id":"CYVLE6JONRE6PCIUTRMBYSEKHI","ser_url":"https:\/\/cadenaser.com\/comunitat-valenciana\/2024\/06\/11\/finestrat-declarara-en-ruinas-su-iglesia-tras-dos-anos-cerrada-radio-benidorm\/"},"_links":{"self":[{"href":"https:\/\/serbenidorm.daliisolutions.com\/index.php\/wp-json\/wp\/v2\/posts\/6025","targetHints":{"allow":["GET"]}}],"collection":[{"href":"https:\/\/serbenidorm.daliisolutions.com\/index.php\/wp-json\/wp\/v2\/posts"}],"about":[{"href":"https:\/\/serbenidorm.daliisolutions.com\/index.php\/wp-json\/wp\/v2\/types\/post"}],"replies":[{"embeddable":true,"href":"https:\/\/serbenidorm.daliisolutions.com\/index.php\/wp-json\/wp\/v2\/comments?post=6025"}],"version-history":[{"count":0,"href":"https:\/\/serbenidorm.daliisolutions.com\/index.php\/wp-json\/wp\/v2\/posts\/6025\/revisions"}],"wp:featuredmedia":[{"embeddable":true,"href":"https:\/\/serbenidorm.daliisolutions.com\/index.php\/wp-json\/wp\/v2\/media\/6026"}],"wp:attachment":[{"href":"https:\/\/serbenidorm.daliisolutions.com\/index.php\/wp-json\/wp\/v2\/media?parent=6025"}],"wp:term":[{"taxonomy":"category","embeddable":true,"href":"https:\/\/serbenidorm.daliisolutions.com\/index.php\/wp-json\/wp\/v2\/categories?post=6025"},{"taxonomy":"post_tag","embeddable":true,"href":"https:\/\/serbenidorm.daliisolutions.com\/index.php\/wp-json\/wp\/v2\/tags?post=6025"}],"curies":[{"name":"wp","href":"https:\/\/api.w.org\/{rel}","templated":true}]}}