{"id":6027,"date":"2024-06-12T08:26:23","date_gmt":"2024-06-12T06:26:23","guid":{"rendered":"https:\/\/serbenidorm.daliisolutions.com\/index.php\/2024\/06\/12\/benidorm-celebra-su-xiv-concurso-de-tapas-y-pinchos-del-14-al-23-de-junio\/"},"modified":"2024-06-12T08:26:23","modified_gmt":"2024-06-12T06:26:23","slug":"benidorm-celebra-su-xiv-concurso-de-tapas-y-pinchos-del-14-al-23-de-junio","status":"publish","type":"post","link":"https:\/\/serbenidorm.daliisolutions.com\/index.php\/2024\/06\/12\/benidorm-celebra-su-xiv-concurso-de-tapas-y-pinchos-del-14-al-23-de-junio\/","title":{"rendered":"Benidorm celebra su XIV Concurso de Tapas y Pinchos del 14 al 23 de junio"},"content":{"rendered":"  <p>Diecisiete bares y restaurantes de Benidorm participan, del <a href=\"https:\/\/cadenaser.com\/comunitat-valenciana\/2023\/06\/16\/de-tapeo-por-benidorm-empieza-el-xiii-concurso-de-pinchos-radio-benidorm\/\" target=\"_blank\" rel=\"noopener\">14 al 23 de junio, en el XIV Concurso de Tapas y Pinchos<\/a> que forma parte de la marca paraguas \u201cBenidorm Gastron\u00f3mico\u201d.<\/p>   <p>EL CDT Domingo Devesa ha acogido este mediod\u00eda la presentaci\u00f3n del evento en la que los<a href=\"https:\/\/cadenaser.com\/comunitat-valenciana\/2022\/06\/07\/doce-restaurantes-participan-en-el-xii-concurso-de-tapas-y-pinchos-de-benidorm-del-10-al-19-de-junio-radio-benidorm\/\" target=\"_blank\" rel=\"noopener\"> establecimientos participantes <\/a>han mostrado sus propuestas de tapas y pinchos con las que concurren al concurso. Un jurado profesional se ha encargado de degustarlas y valoraras y dar\u00e1 a conocer su fallo al t\u00e9rmino de la edici\u00f3n.<\/p>   <p>El concurso, adem\u00e1s de premios para las tres mejores creaciones culinarias, incluye una votaci\u00f3n del publico que actuar\u00e1 tambi\u00e9n como jurado popular y un sorteo de diversos premios para los votantes.<\/p>   <p>Los 17 establecimientos que tomar\u00e1n parte en el Concurso de Tapas y Pinchos son: A bordo Gastrolounge, Braser\u00eda Aurrer\u00e1, Cervecer\u00eda L\u2019Abad\u00eda, Chiringuito Beach, DNI Ib\u00e9ricos, El Bodeg\u00f3n Aurrer\u00e1, El linaje de Castilla, La Cava Aragonesa, La Tabernita del Sur, La Taper\u00eda Aurrer\u00e1, Mallorca, Marisquer\u00eda El Puerto, Ma\u00fci Beach Gastrolounge, Pinocchio Playa, Pintxos Aurrer\u00e1, Taberna Andaluza y Zorzosa.<\/p>   <p>La secretaria auton\u00f3mica de Turismo, Cristina Moreno, presente en el evento ha resaltado \u201cel alt\u00edsimo nivel\u201d de las tapas y pinchos que concurren en esta edici\u00f3n. Por su parte el alcalde, Toni P\u00e9rez, ha recordado que este concurso fue \u201cel embri\u00f3n\u201d de lo que despu\u00e9s pas\u00f3 a ser el Benidorm Gastron\u00f3mico. <a href=\"https:\/\/cadenaser.com\/comunitat-valenciana\/2023\/08\/28\/benidorm-aspira-a-elevar-su-concurso-de-cocktails-a-nivel-nacional-radio-benidorm\/\" target=\"_blank\" rel=\"noopener\">\u201cLa gastronom\u00eda es un complemento y un gran atractivo de la actividad tur\u00edstica\u201d ha afirmado.<\/a><\/p>   <p>     .c-w{         max-width:444px;         width:100%;         margin:16px auto;      background:#00755E;         border-radius:4px;         display:flex;         align-items:center;         justify-content:center;     }     .c-w a{         display:flex;         align-items:center;         justify-content:center;         padding:4px 24px;     }     .c-w img{         width:24px;         margin-right:12px;     }     .c-w p{         font:18px\/25px Poppins;         text-align:center;         color:#fff;         margin:0;     }     @media (max-width:444px){         .c-w a{             padding:4px 12px;         }         .c-w img{             width:24px;             margin-right:8px;         }         .c-w p{             font:14px\/25px Poppins;         }     }     @media (max-width:335px){         .c-w p{             font:13px\/25px Poppins;         }     }  <div class=\"c-w\">     <a href=\"https:\/\/www.whatsapp.com\/channel\/0029Va633PF9WtC4l7XUzh1e\" target=\"_blank\" rel=\"noopener\">         <img decoding=\"async\" src=\"https:\/\/cadenaser.com\/estaticos\/recursosgraficos\/responsive\/img\/ico-whatsapp.svg\" alt=\"Whatsapp\">         <p>\u00danete al <b>canal de WhatsApp<\/b> de la SER<\/p>     <\/a> <\/div><\/p>   <p>El acto tambi\u00e9n ha servido para despedir a Diego Salinas, gerente de Abreca, que deja el puesto y dar la bienvenida a Irene Carre\u00f1o, que le sustituir\u00e1 en el cargo. S.Y.1012026<\/p> ","protected":false},"excerpt":{"rendered":"<p>17 establecimientos participan en este concurso que forma parte de la marca Benidorm Gastron\u00f3mico<\/p>\n","protected":false},"author":0,"featured_media":6028,"comment_status":"open","ping_status":"open","sticky":false,"template":"","format":"standard","meta":{"_acf_changed":false,"footnotes":""},"categories":[1],"tags":[],"class_list":["post-6027","post","type-post","status-publish","format-standard","has-post-thumbnail","hentry","category-sin-categoria"],"acf":{"ser_id":"53QCR7CNHNEG5LGB2IICGXHKO4","ser_url":"https:\/\/cadenaser.com\/comunitat-valenciana\/2024\/06\/11\/benidorm-celebra-su-xiv-concurso-de-tapas-y-pinchos-del-14-al-23-de-junio-radio-benidorm\/"},"_links":{"self":[{"href":"https:\/\/serbenidorm.daliisolutions.com\/index.php\/wp-json\/wp\/v2\/posts\/6027","targetHints":{"allow":["GET"]}}],"collection":[{"href":"https:\/\/serbenidorm.daliisolutions.com\/index.php\/wp-json\/wp\/v2\/posts"}],"about":[{"href":"https:\/\/serbenidorm.daliisolutions.com\/index.php\/wp-json\/wp\/v2\/types\/post"}],"replies":[{"embeddable":true,"href":"https:\/\/serbenidorm.daliisolutions.com\/index.php\/wp-json\/wp\/v2\/comments?post=6027"}],"version-history":[{"count":0,"href":"https:\/\/serbenidorm.daliisolutions.com\/index.php\/wp-json\/wp\/v2\/posts\/6027\/revisions"}],"wp:featuredmedia":[{"embeddable":true,"href":"https:\/\/serbenidorm.daliisolutions.com\/index.php\/wp-json\/wp\/v2\/media\/6028"}],"wp:attachment":[{"href":"https:\/\/serbenidorm.daliisolutions.com\/index.php\/wp-json\/wp\/v2\/media?parent=6027"}],"wp:term":[{"taxonomy":"category","embeddable":true,"href":"https:\/\/serbenidorm.daliisolutions.com\/index.php\/wp-json\/wp\/v2\/categories?post=6027"},{"taxonomy":"post_tag","embeddable":true,"href":"https:\/\/serbenidorm.daliisolutions.com\/index.php\/wp-json\/wp\/v2\/tags?post=6027"}],"curies":[{"name":"wp","href":"https:\/\/api.w.org\/{rel}","templated":true}]}}