{"id":6029,"date":"2024-06-12T08:26:24","date_gmt":"2024-06-12T06:26:24","guid":{"rendered":"https:\/\/serbenidorm.daliisolutions.com\/index.php\/2024\/06\/12\/la-vila-joiosa-activara-el-21-de-junio-un-bus-gratuito-para-unir-el-centro-y-la-playa\/"},"modified":"2024-06-12T08:26:24","modified_gmt":"2024-06-12T06:26:24","slug":"la-vila-joiosa-activara-el-21-de-junio-un-bus-gratuito-para-unir-el-centro-y-la-playa","status":"publish","type":"post","link":"https:\/\/serbenidorm.daliisolutions.com\/index.php\/2024\/06\/12\/la-vila-joiosa-activara-el-21-de-junio-un-bus-gratuito-para-unir-el-centro-y-la-playa\/","title":{"rendered":"La Vila Joiosa activar\u00e1 el 21 de junio un bus gratuito para unir el centro y la playa"},"content":{"rendered":"  <p>El Ayuntamiento de La Vila Joiosa ofrecer\u00e1 un servicio gratuito de autob\u00fas urbano para acceder a la playa centro durante este verano. Desde el 21 de junio y hasta el 15 de septiembre los vecinos dispondr\u00e1n de una lanzadera que realizar\u00e1 el recorrido de manera continua y circular durante todo el d\u00eda con la que podr\u00e1n bajar a la playa y subir al centro urbano c\u00f3modamente durante la temporada estival. <\/p>   <p>El trayecto circular partir\u00e1 desde la <a href=\"https:\/\/cadenaser.com\/tag\/vila_joiosa\/a\/\" target=\"_blank\" rel=\"noopener\">avenida del Pa\u00eds Valenci\u00e0, bajar\u00e1 por la avenida Varadero y continuar\u00e1 por la avenida del Puerto, en direcci\u00f3n a Alicante, para subir por la calle Censal hasta llegar de nuevo a Pa\u00eds Valenci\u00e0<\/a>. <\/p>  <p><p>M\u00e1s informaci\u00f3n<\/p><figure><img loading=\"lazy\" decoding=\"async\" src=\"https:\/\/cadenaser.com\/resizer\/v2\/T7RYKPBHORAMTBPIYXTZ2JMATE.jpg?auth=1e69d7675ec6fc66bf8136b7b1c05de8a8e3268be4d8189c5ff8de10d19b97c1&amp;quality=70&amp;width=360&amp;height=202&amp;smart=true\" width=\"820\" height=\"621\" \/><\/figure><ul><li><a href=\"https:\/\/cadenaser.com\/comunitat-valenciana\/2024\/06\/06\/la-vila-joiosa-estudia-paralizar-las-licencias-para-nuevas-viviendas-turisticas-radio-benidorm\/\"><span>La Vila Joiosa estudia paralizar las licencias para nuevas viviendas tur\u00edsticas<\/span><\/a><\/li><\/ul><\/p>   <p>Los usuarios podr\u00e1n acceder a la lanzadera en la parada de autob\u00fas ubicada en la avenida del Pa\u00eds Valenci\u00e0, 20, y en la playa centro, delante del hotel Allon. Se calcula que la frecuencia en cada parada ser\u00e1 de 15 minutos aproximadamente.<\/p>   <p>El alcalde Marcos Zaragoza ha se\u00f1alado que \u201ccon este servicio gratuito garantizamos la accesibilidad de todos los vecinos y turistas para trasladarse a la playa centro\u201d. Zaragoza ha explicado que esta lanzadera va a suplir el servicio accesible que ofrec\u00edan las rampas mec\u00e1nicas instaladas en el parque Censal. <\/p>   <p>\u201cEl parque Censal est\u00e1 en obras y, adem\u00e1s, hemos puesto en marcha un proyecto de renovaci\u00f3n de las rampas mec\u00e1nicas, que no inclu\u00eda el proyecto de rehabilitaci\u00f3n del parque, y que hemos considerado importante incorporar ahora que se est\u00e1 ejecutando las obras, puesto que las rampas mec\u00e1nicas est\u00e1n muy deterioradas ante la enorme falta de mantenimiento durante estos \u00faltimos a\u00f1os\u201d, ha subrayado.<\/p>   <p>     .c-w{         max-width:444px;         width:100%;         margin:16px auto;      background:#00755E;         border-radius:4px;         display:flex;         align-items:center;         justify-content:center;     }     .c-w a{         display:flex;         align-items:center;         justify-content:center;         padding:4px 24px;     }     .c-w img{         width:24px;         margin-right:12px;     }     .c-w p{         font:18px\/25px Poppins;         text-align:center;         color:#fff;         margin:0;     }     @media (max-width:444px){         .c-w a{             padding:4px 12px;         }         .c-w img{             width:24px;             margin-right:8px;         }         .c-w p{             font:14px\/25px Poppins;         }     }     @media (max-width:335px){         .c-w p{             font:13px\/25px Poppins;         }     }  <div class=\"c-w\">     <a href=\"https:\/\/www.whatsapp.com\/channel\/0029Va633PF9WtC4l7XUzh1e\" target=\"_blank\" rel=\"noopener\">         <img decoding=\"async\" src=\"https:\/\/cadenaser.com\/estaticos\/recursosgraficos\/responsive\/img\/ico-whatsapp.svg\" alt=\"Whatsapp\">         <p>\u00danete al <b>canal de WhatsApp<\/b> de la SER<\/p>     <\/a> <\/div><\/p> ","protected":false},"excerpt":{"rendered":"<p>Esta lanzadera realizar\u00e1 de manera continua hasta el 15 de septiembre el trayecto circular entre la avenida del Pa\u00eds Valenci\u00e0 y la playa centro <\/p>\n","protected":false},"author":0,"featured_media":6030,"comment_status":"open","ping_status":"open","sticky":false,"template":"","format":"standard","meta":{"_acf_changed":false,"footnotes":""},"categories":[1],"tags":[],"class_list":["post-6029","post","type-post","status-publish","format-standard","has-post-thumbnail","hentry","category-sin-categoria"],"acf":{"ser_id":"XPGKZEPEH5E2ZCFLM44ISTBCGU","ser_url":"https:\/\/cadenaser.com\/comunitat-valenciana\/2024\/06\/11\/la-vila-joiosa-activara-el-21-de-junio-un-bus-gratuito-para-unir-el-centro-y-la-playa-radio-benidorm\/"},"_links":{"self":[{"href":"https:\/\/serbenidorm.daliisolutions.com\/index.php\/wp-json\/wp\/v2\/posts\/6029","targetHints":{"allow":["GET"]}}],"collection":[{"href":"https:\/\/serbenidorm.daliisolutions.com\/index.php\/wp-json\/wp\/v2\/posts"}],"about":[{"href":"https:\/\/serbenidorm.daliisolutions.com\/index.php\/wp-json\/wp\/v2\/types\/post"}],"replies":[{"embeddable":true,"href":"https:\/\/serbenidorm.daliisolutions.com\/index.php\/wp-json\/wp\/v2\/comments?post=6029"}],"version-history":[{"count":0,"href":"https:\/\/serbenidorm.daliisolutions.com\/index.php\/wp-json\/wp\/v2\/posts\/6029\/revisions"}],"wp:featuredmedia":[{"embeddable":true,"href":"https:\/\/serbenidorm.daliisolutions.com\/index.php\/wp-json\/wp\/v2\/media\/6030"}],"wp:attachment":[{"href":"https:\/\/serbenidorm.daliisolutions.com\/index.php\/wp-json\/wp\/v2\/media?parent=6029"}],"wp:term":[{"taxonomy":"category","embeddable":true,"href":"https:\/\/serbenidorm.daliisolutions.com\/index.php\/wp-json\/wp\/v2\/categories?post=6029"},{"taxonomy":"post_tag","embeddable":true,"href":"https:\/\/serbenidorm.daliisolutions.com\/index.php\/wp-json\/wp\/v2\/tags?post=6029"}],"curies":[{"name":"wp","href":"https:\/\/api.w.org\/{rel}","templated":true}]}}