{"id":6056,"date":"2024-06-12T19:23:27","date_gmt":"2024-06-12T17:23:27","guid":{"rendered":"https:\/\/serbenidorm.daliisolutions.com\/index.php\/2024\/06\/12\/el-turista-aleman-asignatura-pendiente-para-los-hoteles-de-benidorm\/"},"modified":"2024-06-12T19:23:27","modified_gmt":"2024-06-12T17:23:27","slug":"el-turista-aleman-asignatura-pendiente-para-los-hoteles-de-benidorm","status":"publish","type":"post","link":"https:\/\/serbenidorm.daliisolutions.com\/index.php\/2024\/06\/12\/el-turista-aleman-asignatura-pendiente-para-los-hoteles-de-benidorm\/","title":{"rendered":"El turista alem\u00e1n, asignatura pendiente para los hoteles de Benidorm"},"content":{"rendered":"  <p>En Benidorm el turista ingl\u00e9s sigue mandando, el alem\u00e1n se qued\u00f3 por el camino y el polaco se abre paso. Son algunas de las conclusiones de cara a la temporada alta que la secretaria general de la patronal hotelera Hosbec, Mayte Garc\u00eda, ha dejado este mi\u00e9rcoles durante su entrevista en <a href=\"https:\/\/cadenaser.com\/tag\/benidorm\/a\/\" target=\"_blank\" rel=\"noopener\">Radio Benidorm<\/a>.<\/p>   <p>Garc\u00eda, que en julio cumplir\u00e1 un a\u00f1o en el cargo, celebra que las previsiones tur\u00edsticas se mantienen en niveles parecidos al verano pasado con un mercado nacional que cada vez apura m\u00e1s a \u00faltima hora y un internacional que cada vez cobra m\u00e1s importancia en la ciudad: \u00abEl polaco es uno de los mercados que genera m\u00e1s expectaci\u00f3n y que adem\u00e1s elige nuestro destino, les est\u00e1 gustando mucho y nosotros estamos trabajando en ellos desde hace a\u00f1os\u00bb.<\/p>  <p><p>M\u00e1s informaci\u00f3n<\/p><figure><img loading=\"lazy\" decoding=\"async\" src=\"https:\/\/cadenaser.com\/resizer\/v2\/TG2R3AMEE5CSDFDFNS2V3YJ6NM.jpg?auth=4fc5b64a81a72472781dac7a260864adc1c459cc0e72576ac69b8751b5e4dc1d&amp;quality=70&amp;width=360&amp;height=202&amp;smart=true\" width=\"820\" height=\"621\" \/><\/figure><ul><li><a href=\"https:\/\/cadenaser.com\/comunitat-valenciana\/2024\/06\/10\/el-parque-de-elche-el-mirador-de-la-musica-o-el-castell-de-benidorm-el-ayuntamiento-pone-a-punto-algunos-de-los-lugares-mas-visitados-radio-benidorm\/\"><span>El parque de Elche, el mirador de la M\u00fasica o el Castell de Benidorm: el Ayuntamiento pone a punto algunos de los lugares m\u00e1s visitados<\/span><\/a><\/li><\/ul><\/p>   <p>Francia y los mercados n\u00f3rdicos tambi\u00e9n se ponen de relieve mientras que el grueso de los turistas alemanes hace ya tiempo que di\u00f3 la espalda a la capital de la Costa Blanca: \u00abDebemos volver a fidelizarlos porque nos han querido mucho y son un mercado muy potencial para recuperarlo de nuevo\u00bb. <\/p>   <p>En ese sentido, la representante de Hosbec explica que ese perfil tiene la sostenibilidad entre sus actuales preferencias y los alojamientos de Benidorm han hecho los deberes. De hecho, ha se\u00f1alado, la patronal mantendr\u00e1 este jueves en Alicante capital una reuni\u00f3n sobre econom\u00eda circular con la <a href=\"https:\/\/cadenaser.com\/tag\/ocde_organizacion_cooperacion_desarrollo_economico\/a\/\" target=\"_blank\" rel=\"noopener\">Organizaci\u00f3n para la Cooperaci\u00f3n y el Desarrollo Econ\u00f3micos (OCDE)<\/a>.<\/p>   <p>Preguntada por los precios en el periodo estival, Garc\u00eda ha defendido la competitividad del sector y ha cifrado el precio de cuatro noches en una habitaci\u00f3n familiar, en un hotel de tres o cuatro estrellas de Benidorm, con pensi\u00f3n completa y el resto de servicios, en la horquilla de los 800 a los 1000 euros; es decir, entre 50 y 65 euros por persona y noche.<\/p>   <p>     .c-w{         max-width:444px;         width:100%;         margin:16px auto;      background:#00755E;         border-radius:4px;         display:flex;         align-items:center;         justify-content:center;     }     .c-w a{         display:flex;         align-items:center;         justify-content:center;         padding:4px 24px;     }     .c-w img{         width:24px;         margin-right:12px;     }     .c-w p{         font:18px\/25px Poppins;         text-align:center;         color:#fff;         margin:0;     }     @media (max-width:444px){         .c-w a{             padding:4px 12px;         }         .c-w img{             width:24px;             margin-right:8px;         }         .c-w p{             font:14px\/25px Poppins;         }     }     @media (max-width:335px){         .c-w p{             font:13px\/25px Poppins;         }     }  <div class=\"c-w\">     <a href=\"https:\/\/www.whatsapp.com\/channel\/0029Va633PF9WtC4l7XUzh1e\" target=\"_blank\" rel=\"noopener\">         <img decoding=\"async\" src=\"https:\/\/cadenaser.com\/estaticos\/recursosgraficos\/responsive\/img\/ico-whatsapp.svg\" alt=\"Whatsapp\">         <p>\u00danete al <b>canal de WhatsApp<\/b> de la SER<\/p>     <\/a> <\/div><\/p> ","protected":false},"excerpt":{"rendered":"<p>La secretaria general de Hosbec confirma las buenas perspectivas del sector de cara al verano y repasa la situaci\u00f3n de cada mercado<\/p>\n","protected":false},"author":0,"featured_media":6057,"comment_status":"open","ping_status":"open","sticky":false,"template":"","format":"standard","meta":{"_acf_changed":false,"footnotes":""},"categories":[1],"tags":[],"class_list":["post-6056","post","type-post","status-publish","format-standard","has-post-thumbnail","hentry","category-sin-categoria"],"acf":{"ser_id":"5YRWSTYWZJB6BMZZVVQ6PDXYOA","ser_url":"https:\/\/cadenaser.com\/comunitat-valenciana\/2024\/06\/12\/el-turista-aleman-asignatura-pendiente-para-los-hoteles-de-benidorm-radio-benidorm\/"},"_links":{"self":[{"href":"https:\/\/serbenidorm.daliisolutions.com\/index.php\/wp-json\/wp\/v2\/posts\/6056","targetHints":{"allow":["GET"]}}],"collection":[{"href":"https:\/\/serbenidorm.daliisolutions.com\/index.php\/wp-json\/wp\/v2\/posts"}],"about":[{"href":"https:\/\/serbenidorm.daliisolutions.com\/index.php\/wp-json\/wp\/v2\/types\/post"}],"replies":[{"embeddable":true,"href":"https:\/\/serbenidorm.daliisolutions.com\/index.php\/wp-json\/wp\/v2\/comments?post=6056"}],"version-history":[{"count":0,"href":"https:\/\/serbenidorm.daliisolutions.com\/index.php\/wp-json\/wp\/v2\/posts\/6056\/revisions"}],"wp:featuredmedia":[{"embeddable":true,"href":"https:\/\/serbenidorm.daliisolutions.com\/index.php\/wp-json\/wp\/v2\/media\/6057"}],"wp:attachment":[{"href":"https:\/\/serbenidorm.daliisolutions.com\/index.php\/wp-json\/wp\/v2\/media?parent=6056"}],"wp:term":[{"taxonomy":"category","embeddable":true,"href":"https:\/\/serbenidorm.daliisolutions.com\/index.php\/wp-json\/wp\/v2\/categories?post=6056"},{"taxonomy":"post_tag","embeddable":true,"href":"https:\/\/serbenidorm.daliisolutions.com\/index.php\/wp-json\/wp\/v2\/tags?post=6056"}],"curies":[{"name":"wp","href":"https:\/\/api.w.org\/{rel}","templated":true}]}}