{"id":6058,"date":"2024-06-12T19:23:28","date_gmt":"2024-06-12T17:23:28","guid":{"rendered":"https:\/\/serbenidorm.daliisolutions.com\/index.php\/2024\/06\/12\/lo-del-agua-en-serio-asi-es-la-campana-de-hidraqua-en-benidorm-para-promover-el-uso-responsable-del-agua\/"},"modified":"2024-06-12T19:23:28","modified_gmt":"2024-06-12T17:23:28","slug":"lo-del-agua-en-serio-asi-es-la-campana-de-hidraqua-en-benidorm-para-promover-el-uso-responsable-del-agua","status":"publish","type":"post","link":"https:\/\/serbenidorm.daliisolutions.com\/index.php\/2024\/06\/12\/lo-del-agua-en-serio-asi-es-la-campana-de-hidraqua-en-benidorm-para-promover-el-uso-responsable-del-agua\/","title":{"rendered":"\u00abLo del agua, en serio\u00bb: As\u00ed es la campa\u00f1a de Hidraqua en Benidorm para promover el uso responsable del agua"},"content":{"rendered":"  <p>Enfocada en el uso responsable del agua durante el a\u00f1o, El Ayuntamiento de Benidorm e Hidraqua arrancan la campa\u00f1a \u201cLo del agua, en serio\u201d. Una serie de recomendaciones que, ante el contexto global de sequ\u00eda, pretende acercar a los ciudadanos diferentes formas de reducir el consumo de agua durante estos meses.<\/p>   <p>Esta campa\u00f1a de concienciaci\u00f3n ciudadana propone varias formas cotidianas que permiten regular las grandes cantidades de agua en el hogar y en el mantenimiento de jardines. Consejos sencillos que trasladan informaci\u00f3n \u00fatil y que, en ocasiones, se desconoce. Estos contenidos pueden consultarse \u00edntegramente en la web de Hidraqua a trav\u00e9s del enlace <a href=\"https:\/\/www.hidraqua.es\/consejos-de-ahorro\" rel=\"nofollow\">https:\/\/www.hidraqua.es\/consejos-de-ahorro<\/a>.<\/p>   <p>Benidorm posee un clima de sol de m\u00e1s de 300 d\u00edas al a\u00f1o, pero este tiempo privilegiado tambi\u00e9n tiene sus inconvenientes, convirtiendo periodos secos que acaban en sequ\u00eda. Una situaci\u00f3n que, por el riesgo natural que esta conlleva, puede desembocar en el origen de una sequ\u00eda de consecuencias m\u00e1s visibles y relevantes. Ante ello, en el marco de la lucha contra el cambio clim\u00e1tico.<\/p>  <p><figure><img loading=\"lazy\" decoding=\"async\" src=\"https:\/\/cadenaser.com\/resizer\/v2\/PLIE3XPMJFP7JMGRVNUTZ4TC7M.jpg?auth=d744a7273bfb9f45e8909fa186ecec34c6a15783db7920fa93197d4d685fe27c&amp;quality=70&amp;width=360&amp;height=202&amp;smart=true\" alt=\"Otro efecto de la sequ\u00eda: la Marina Baixa comprar\u00e1 agua por casi cinco millones de euros\" width=\"240\" height=\"135\" \/><\/figure><div><a href=\"https:\/\/cadenaser.com\/comunitat-valenciana\/2024\/05\/10\/otro-efecto-de-la-sequia-la-marina-baixa-comprara-agua-por-casi-cinco-millones-de-euros-radio-benidorm\/\">Otro efecto de la sequ\u00eda: la Marina Baixa comprar\u00e1 agua por casi cinco millones de euros<\/a><p><\/p><\/div><\/p>   <p>Jos\u00e9 Ram\u00f3n Gonz\u00e1lez de Z\u00e1rate Unamuno, concejal del Ciclo del Agua en Benidorm, explica que <a href=\"https:\/\/cadenaser.com\/tag\/benidorm\/a\/\" target=\"_blank\" rel=\"noopener\">\u201cdada la ubicaci\u00f3n costera de la ciudad de Benidorm y su gran afluencia tur\u00edstica, es crucial implementar medidas de conservaci\u00f3n del agua. Esta campa\u00f1a es una de las formas m\u00e1s proactivas de concienciar al municipio de proteger sus recursos h\u00eddricos ante una sequ\u00eda, as\u00ed como garantizar un desarrollo tur\u00edstico m\u00e1s sostenible\u00bb.<\/a><\/p>   <p>Por su parte, Ciriaco Clemente, gerente de Hidraqua en la comarca de la Marina Baixa, reconoce que es necesario trasladar desde las instituciones un mensaje que sea eficaz en cuanto a la concienciaci\u00f3n. \u201cPara ello, contamos con esta campa\u00f1a que apela a la reutilizaci\u00f3n del agua, y el uso responsable del agua no solo en residentes de Benidorm, sino, tambi\u00e9n de visitantes\u201d, afirma Ciriaco Clemente.<\/p>   <p>     .c-w{         max-width:444px;         width:100%;         margin:16px auto;      background:#00755E;         border-radius:4px;         display:flex;         align-items:center;         justify-content:center;     }     .c-w a{         display:flex;         align-items:center;         justify-content:center;         padding:4px 24px;     }     .c-w img{         width:24px;         margin-right:12px;     }     .c-w p{         font:18px\/25px Poppins;         text-align:center;         color:#fff;         margin:0;     }     @media (max-width:444px){         .c-w a{             padding:4px 12px;         }         .c-w img{             width:24px;             margin-right:8px;         }         .c-w p{             font:14px\/25px Poppins;         }     }     @media (max-width:335px){         .c-w p{             font:13px\/25px Poppins;         }     }  <div class=\"c-w\">     <a href=\"https:\/\/www.whatsapp.com\/channel\/0029Va633PF9WtC4l7XUzh1e\" target=\"_blank\" rel=\"noopener\">         <img decoding=\"async\" src=\"https:\/\/cadenaser.com\/estaticos\/recursosgraficos\/responsive\/img\/ico-whatsapp.svg\" alt=\"Whatsapp\">         <p>\u00danete al <b>canal de WhatsApp<\/b> de la SER<\/p>     <\/a> <\/div><\/p>   <p>Recabar el apoyo de la ciudadan\u00eda<\/p>   <p>La campa\u00f1a propuesta est\u00e1 destinada a recabar el apoyo de la ciudadan\u00eda para evitar el incremento de la sequ\u00eda, as\u00ed como incrementar la concienciaci\u00f3n en torno a la especial importancia que tiene preservar el agua a lo largo del todo el a\u00f1o. Para ello, Hidraqua ha puesto en marcha una iniciativa a trav\u00e9s de diferentes canales de comunicaci\u00f3n.<\/p>   <p>Desde Hidraqua se anima a la ciudadan\u00eda a seguir estas recomendaciones para un uso responsable del agua. Conociendo la idiosincrasia del territorio y la situaci\u00f3n actual de sequ\u00eda, y el riesgo que ello conlleva, Hidraqua solicita el apoyo de todos los ciudadanos para ayudar a paliar esta situaci\u00f3n siguiendo los consejos que ofrecen.<\/p> ","protected":false},"excerpt":{"rendered":"<p>Una iniciativa que cuenta con diferentes recomendaciones enfocadas a mitigar la sequ\u00eda<\/p>\n","protected":false},"author":0,"featured_media":6059,"comment_status":"open","ping_status":"open","sticky":false,"template":"","format":"standard","meta":{"_acf_changed":false,"footnotes":""},"categories":[1],"tags":[],"class_list":["post-6058","post","type-post","status-publish","format-standard","has-post-thumbnail","hentry","category-sin-categoria"],"acf":{"ser_id":"5WTF26NPUFFCLFXHVW4VA5LPQY","ser_url":"https:\/\/cadenaser.com\/comunitat-valenciana\/2024\/06\/12\/lo-del-agua-en-serio-asi-es-la-campana-de-hidraqua-en-benidorm-para-promover-el-uso-responsable-del-agua-radio-benidorm\/"},"_links":{"self":[{"href":"https:\/\/serbenidorm.daliisolutions.com\/index.php\/wp-json\/wp\/v2\/posts\/6058","targetHints":{"allow":["GET"]}}],"collection":[{"href":"https:\/\/serbenidorm.daliisolutions.com\/index.php\/wp-json\/wp\/v2\/posts"}],"about":[{"href":"https:\/\/serbenidorm.daliisolutions.com\/index.php\/wp-json\/wp\/v2\/types\/post"}],"replies":[{"embeddable":true,"href":"https:\/\/serbenidorm.daliisolutions.com\/index.php\/wp-json\/wp\/v2\/comments?post=6058"}],"version-history":[{"count":0,"href":"https:\/\/serbenidorm.daliisolutions.com\/index.php\/wp-json\/wp\/v2\/posts\/6058\/revisions"}],"wp:featuredmedia":[{"embeddable":true,"href":"https:\/\/serbenidorm.daliisolutions.com\/index.php\/wp-json\/wp\/v2\/media\/6059"}],"wp:attachment":[{"href":"https:\/\/serbenidorm.daliisolutions.com\/index.php\/wp-json\/wp\/v2\/media?parent=6058"}],"wp:term":[{"taxonomy":"category","embeddable":true,"href":"https:\/\/serbenidorm.daliisolutions.com\/index.php\/wp-json\/wp\/v2\/categories?post=6058"},{"taxonomy":"post_tag","embeddable":true,"href":"https:\/\/serbenidorm.daliisolutions.com\/index.php\/wp-json\/wp\/v2\/tags?post=6058"}],"curies":[{"name":"wp","href":"https:\/\/api.w.org\/{rel}","templated":true}]}}