{"id":6060,"date":"2024-06-12T19:23:29","date_gmt":"2024-06-12T17:23:29","guid":{"rendered":"https:\/\/serbenidorm.daliisolutions.com\/index.php\/2024\/06\/12\/camela-celebrara-en-benidorm-el-3-de-agosto-30-anos-contigo\/"},"modified":"2024-06-12T19:23:29","modified_gmt":"2024-06-12T17:23:29","slug":"camela-celebrara-en-benidorm-el-3-de-agosto-30-anos-contigo","status":"publish","type":"post","link":"https:\/\/serbenidorm.daliisolutions.com\/index.php\/2024\/06\/12\/camela-celebrara-en-benidorm-el-3-de-agosto-30-anos-contigo\/","title":{"rendered":"Camela celebrar\u00e1 en Benidorm el 3 de agosto \u00ab30 a\u00f1os contigo\u00bb"},"content":{"rendered":"  <p>Los seguidores del ic\u00f3nico d\u00fao espa\u00f1ol Camela est\u00e1n de enhorabuena y es que el pr\u00f3ximo s\u00e1bado 3 de agosto \u00c1ngeles Mu\u00f1oz y Dioni Mart\u00edn har\u00e1n vibrar Benidorm con una parada de su gira \u00ab30 a\u00f1os contigo\u00bb. El concierto tendr\u00e1 lugar en el <a href=\"https:\/\/cadenaser.com\/tag\/benidorm\/a\/\" target=\"_blank\" rel=\"noopener\">auditorio Julio Iglesias del parque de l&#8217;Aig\u00fcera desde las 21:30 h<\/a>.<\/p>   <p>En sus tres d\u00e9cadas en el mundo de la m\u00fasica Camela ha conseguido sonar en todas las verbenas y fiestas populares de nuestro pa\u00eds con ese estilo que combina techno-rumba y flamenco. Temas como \u00abCuando zarpa el amor\u00bb o \u00abNunca deb\u00ed enamorarme\u00bb forman parte de la memoria sentimental de varias generaciones y su \u00faltimo \u00e1lbum, \u00abRebobinando\u00bb, ha venido a reafirmar su lugar en la escena musical espa\u00f1ola.<\/p>   <p>La elecci\u00f3n de la capital tur\u00edstica de la Comunitat Valenciana para este concierto no es casualidad y es que este verano, con unas previsiones tur\u00edsticas m\u00e1s que positivas, va a acoger varios festivales como el Low o el RBF, que ya acumulan a\u00f1os de trayectoria y miles de seguidores, as\u00ed como las actuaciones de artistas de la talla de Pablo L\u00f3pez o Status Quo.<\/p>  <p><p>M\u00e1s informaci\u00f3n<\/p><figure><img loading=\"lazy\" decoding=\"async\" src=\"https:\/\/cadenaser.com\/resizer\/v2\/VKG2SV5IPFFA3FEQP7HVJNVPEE.jfif?auth=5e8d3357c9475a080b5c71a639159fd40ea699bdcb18f6fc9469fdcdf4e4ef77&amp;quality=70&amp;width=360&amp;height=202&amp;smart=true\" width=\"820\" height=\"621\" \/><\/figure><ul><li><a href=\"https:\/\/cadenaser.com\/nacional\/2022\/10\/28\/camela-todos-los-concejales-de-fiestas-se-quieren-hacer-fotos-con-nosotros-cadena-ser\/\"><span>Camela: \u00abTodos los concejales de fiestas se quieren hacer fotos con nosotros\u00bb<\/span><\/a><\/li><\/ul><\/p>   <p>Las entradas para el concierto de Camela en Benidorm ya est\u00e1n a la venta en <a href=\"https:\/\/www.woutick.es\/\" rel=\"nofollow noopener\" target=\"_blank\">www.woutick.es<\/a> (portal afiliado al bono cultural joven) y todos los detalles de su gira en <a href=\"https:\/\/camelatour.com\/\" rel=\"nofollow noopener\" target=\"_blank\">www.camelatour.com<\/a>.<\/p>   <p>Tony Hadley, el 9 de agosto<\/p>   <p>Solo seis d\u00edas despu\u00e9s Anthony Patrick \u00abTony\u00bb Hadley pisar\u00e1 el mismo escenario del Julio Iglesias. El artista ingl\u00e9s, conocido por ser el vocalista del grupo de los a\u00f1os 80 Spandau Ballet, tambi\u00e9n es una referencia del pop internacional. Los pases para este evento est\u00e1n disponibles en la misma p\u00e1gina.<\/p>   <p>     .c-w{         max-width:444px;         width:100%;         margin:16px auto;      background:#00755E;         border-radius:4px;         display:flex;         align-items:center;         justify-content:center;     }     .c-w a{         display:flex;         align-items:center;         justify-content:center;         padding:4px 24px;     }     .c-w img{         width:24px;         margin-right:12px;     }     .c-w p{         font:18px\/25px Poppins;         text-align:center;         color:#fff;         margin:0;     }     @media (max-width:444px){         .c-w a{             padding:4px 12px;         }         .c-w img{             width:24px;             margin-right:8px;         }         .c-w p{             font:14px\/25px Poppins;         }     }     @media (max-width:335px){         .c-w p{             font:13px\/25px Poppins;         }     }  <div class=\"c-w\">     <a href=\"https:\/\/www.whatsapp.com\/channel\/0029Va633PF9WtC4l7XUzh1e\" target=\"_blank\" rel=\"noopener\">         <img decoding=\"async\" src=\"https:\/\/cadenaser.com\/estaticos\/recursosgraficos\/responsive\/img\/ico-whatsapp.svg\" alt=\"Whatsapp\">         <p>\u00danete al <b>canal de WhatsApp<\/b> de la SER<\/p>     <\/a> <\/div><\/p>  <p><figure><img loading=\"lazy\" decoding=\"async\" src=\"https:\/\/cadenaser.com\/resizer\/v2\/5P7YEGAXFJNTJG3LJQTQTNDIVA.jpg?auth=8a07fb8b83e966081c5696267e028ec8b6204e9c2c4266912470e248960a468b&amp;quality=70&amp;width=650&amp;height=487&amp;smart=true\" width=\"4\" height=\"3\" \/><figcaption class=\"fc\"><p><span>Tony Hadley<\/span><\/p><\/figcaption><\/figure><button class=\"bt-am\">Ampliar<\/button><\/p> ","protected":false},"excerpt":{"rendered":"<p>Con un concierto en el auditorio Julio Iglesias<\/p>\n","protected":false},"author":0,"featured_media":6061,"comment_status":"open","ping_status":"open","sticky":false,"template":"","format":"standard","meta":{"_acf_changed":false,"footnotes":""},"categories":[1],"tags":[],"class_list":["post-6060","post","type-post","status-publish","format-standard","has-post-thumbnail","hentry","category-sin-categoria"],"acf":{"ser_id":"I6MGETRZRRFIJE6267NOZN6UBY","ser_url":"https:\/\/cadenaser.com\/comunitat-valenciana\/2024\/06\/12\/camela-celebrara-en-benidorm-el-3-de-agosto-30-anos-contigo-radio-benidorm\/"},"_links":{"self":[{"href":"https:\/\/serbenidorm.daliisolutions.com\/index.php\/wp-json\/wp\/v2\/posts\/6060","targetHints":{"allow":["GET"]}}],"collection":[{"href":"https:\/\/serbenidorm.daliisolutions.com\/index.php\/wp-json\/wp\/v2\/posts"}],"about":[{"href":"https:\/\/serbenidorm.daliisolutions.com\/index.php\/wp-json\/wp\/v2\/types\/post"}],"replies":[{"embeddable":true,"href":"https:\/\/serbenidorm.daliisolutions.com\/index.php\/wp-json\/wp\/v2\/comments?post=6060"}],"version-history":[{"count":0,"href":"https:\/\/serbenidorm.daliisolutions.com\/index.php\/wp-json\/wp\/v2\/posts\/6060\/revisions"}],"wp:featuredmedia":[{"embeddable":true,"href":"https:\/\/serbenidorm.daliisolutions.com\/index.php\/wp-json\/wp\/v2\/media\/6061"}],"wp:attachment":[{"href":"https:\/\/serbenidorm.daliisolutions.com\/index.php\/wp-json\/wp\/v2\/media?parent=6060"}],"wp:term":[{"taxonomy":"category","embeddable":true,"href":"https:\/\/serbenidorm.daliisolutions.com\/index.php\/wp-json\/wp\/v2\/categories?post=6060"},{"taxonomy":"post_tag","embeddable":true,"href":"https:\/\/serbenidorm.daliisolutions.com\/index.php\/wp-json\/wp\/v2\/tags?post=6060"}],"curies":[{"name":"wp","href":"https:\/\/api.w.org\/{rel}","templated":true}]}}