{"id":6081,"date":"2024-06-13T13:21:14","date_gmt":"2024-06-13T11:21:14","guid":{"rendered":"https:\/\/serbenidorm.daliisolutions.com\/index.php\/2024\/06\/13\/el-presidente-de-los-empresarios-valencianos-defiende-en-benidorm-unas-reglas-claras-sin-prohibir-ni-demonizar-el-turismo\/"},"modified":"2024-06-13T13:21:14","modified_gmt":"2024-06-13T11:21:14","slug":"el-presidente-de-los-empresarios-valencianos-defiende-en-benidorm-unas-reglas-claras-sin-prohibir-ni-demonizar-el-turismo","status":"publish","type":"post","link":"https:\/\/serbenidorm.daliisolutions.com\/index.php\/2024\/06\/13\/el-presidente-de-los-empresarios-valencianos-defiende-en-benidorm-unas-reglas-claras-sin-prohibir-ni-demonizar-el-turismo\/","title":{"rendered":"El presidente de los empresarios valencianos defiende en Benidorm unas reglas \u00abclaras\u00bb sin \u00abprohibir ni demonizar\u00bb el turismo"},"content":{"rendered":"  <p>El presidente de la Asociaci\u00f3n Valenciana de Empresarios (AVE), Vicente Boluda, ha defendido unas reglas del juego \u00abclaras\u00bb en el sector tur\u00edstico y \u00abcompatibilizar la vida de los ciudadanos con los visitantes\u00bb con el fin de evitar que el sector \u00abmuera de \u00e9xito\u00bb.<\/p>   <p>En la inauguraci\u00f3n de la <a href=\"https:\/\/cadenaser.com\/tag\/benidorm\/a\/\" target=\"_blank\" rel=\"noopener\">XI Jornada de Turismo de Benidorm<\/a>, en el centro de convenciones de Terra M\u00edtica, Boluda se ha felicitado de los datos en crecimiento de turistas a la Comunitat durante 2024 pero ha advertido de que si no se trabaja en el futuro \u00abcon previsi\u00f3n y orden\u00bb se podr\u00edan \u00abgenerar distorsiones y malestar entre la ciudadan\u00eda\u00bb.<\/p>   <p>\u00abLa Comunidad Valenciana y Espa\u00f1a estamos en cifras r\u00e9cord de atracci\u00f3n de turistas, y debemos estar de enhorabuena por ello, pero tambi\u00e9n somos conscientes que, si no se trabaja de forma inteligente, con previsi\u00f3n y orden, podemos morir de \u00e9xito e, incluso, se puede generar distorsiones y malestar entre la ciudadan\u00eda\u00bb. <\/p>  <p><p>M\u00e1s informaci\u00f3n<\/p><figure><img loading=\"lazy\" decoding=\"async\" src=\"https:\/\/cadenaser.com\/resizer\/v2\/7VERKD4XN5AHDKEW7HONZGBVLU.jpeg?auth=73df36db8b0bfaac254c032d490f7b002c85ba5edbce0bb75ea074d3f159f799&amp;quality=70&amp;width=360&amp;height=202&amp;smart=true\" width=\"820\" height=\"621\" \/><\/figure><ul><li><a href=\"https:\/\/cadenaser.com\/comunitat-valenciana\/2024\/06\/12\/el-turista-aleman-asignatura-pendiente-para-los-hoteles-de-benidorm-radio-benidorm\/\"><span>El turista alem\u00e1n, asignatura pendiente para los hoteles de Benidorm<\/span><\/a><\/li><\/ul><\/p>   <p>Para el presidente de AVE, \u00abuna cosa es ordenar, poner reglas del juego claras y compatibilizar la vida de los ciudadanos con nuestros visitantes, y otra muy diferente es prohibir y demonizar, dej\u00e1ndose llevar por olas populistas y de la cultura del &#8216;no'\u00bb, ha proseguido.<\/p>   <p>En este sentido, ha se\u00f1alado que el turismo es, \u00absin duda\u00bb, el principal sector econ\u00f3mico y el que \u00abmantiene la balanza exterior y permite que la econom\u00eda est\u00e9 en las tasas de crecimiento y de generaci\u00f3n de empleo actuales\u00bb. <\/p>   <p>     .c-w{         max-width:444px;         width:100%;         margin:16px auto;      background:#00755E;         border-radius:4px;         display:flex;         align-items:center;         justify-content:center;     }     .c-w a{         display:flex;         align-items:center;         justify-content:center;         padding:4px 24px;     }     .c-w img{         width:24px;         margin-right:12px;     }     .c-w p{         font:18px\/25px Poppins;         text-align:center;         color:#fff;         margin:0;     }     @media (max-width:444px){         .c-w a{             padding:4px 12px;         }         .c-w img{             width:24px;             margin-right:8px;         }         .c-w p{             font:14px\/25px Poppins;         }     }     @media (max-width:335px){         .c-w p{             font:13px\/25px Poppins;         }     }  <div class=\"c-w\">     <a href=\"https:\/\/www.whatsapp.com\/channel\/0029Va633PF9WtC4l7XUzh1e\" target=\"_blank\" rel=\"noopener\">         <img decoding=\"async\" src=\"https:\/\/cadenaser.com\/estaticos\/recursosgraficos\/responsive\/img\/ico-whatsapp.svg\" alt=\"Whatsapp\">         <p>\u00danete al <b>canal de WhatsApp<\/b> de la SER<\/p>     <\/a> <\/div><\/p>   <p>\u00abTodos los empresarios tur\u00edsticos, sin excepci\u00f3n, han realizado esfuerzos enormes de innovaci\u00f3n, digitalizaci\u00f3n e inversi\u00f3n, y atacar al sector y, con ello, disuadir de la llegada de nuestros visitantes ser\u00eda hacernos un flaco favor como pa\u00eds y como sociedad\u00bb, ha recalcado Boluda, ante lo cual ha abogado por \u00abentre todos dignificar los oficios y profesionales del turismo y agradecer que nuestros turistas hayan escogido Espa\u00f1a y la Comunidad Valenciana como su destino\u00bb.<\/p>   <p>\u00abLa gallina de los huevos de oro\u00bb<\/p>   <p>Ante los principales empresarios valencianos reunidos en Benidorm, Boluda ha defendido ser \u00absensatos\u00bb para \u00abpotenciar tambi\u00e9n el resto de sectores, especialmente nuestra industria, pero no en detrimento del principal motor de nuestra econom\u00eda, nuestro \u201cpetr\u00f3leo\u201d o \u201cgallina de los huevos\u201d de oro: El turismo\u00bb.<\/p>   <p>De esta jornada, que cumple su und\u00e9cima edici\u00f3n con el lema &#8216;#EresTurismo&#8217;, Boluda ha se\u00f1alado que tiene el objetivo de ensalzar y reconocer la importancia, el impacto y los beneficios que el turismo genera en el conjunto de la econom\u00eda valenciana. <\/p>   <p>\u00abNo hay sector econ\u00f3mico y, en consecuencia, no hay ciudadano de la Comunidad Valenciana y de Espa\u00f1a que no se beneficie, de una forma u otra, del turismo\u00bb, ha subrayado Boluda, quien ha apuntado que este sector tiene muchas expresiones y variantes, entre los que ha citado el vacacional, gastron\u00f3mico, cultural, deportivo, estudios y de negocios. <\/p> ","protected":false},"excerpt":{"rendered":"<p>En la apertura de la 11\u00aa Jornada de Turismo de Benidorm que se celebra en el centro de convenciones de Terra M\u00edtica<\/p>\n","protected":false},"author":0,"featured_media":6082,"comment_status":"open","ping_status":"open","sticky":false,"template":"","format":"standard","meta":{"_acf_changed":false,"footnotes":""},"categories":[1],"tags":[],"class_list":["post-6081","post","type-post","status-publish","format-standard","has-post-thumbnail","hentry","category-sin-categoria"],"acf":{"ser_id":"ZILA32GKYJA57B3LJP3AHDWDAI","ser_url":"https:\/\/cadenaser.com\/comunitat-valenciana\/2024\/06\/13\/el-presidente-de-los-empresarios-valencianos-defiende-en-benidorm-unas-reglas-claras-sin-prohibir-ni-demonizar-el-turismo-radio-benidorm\/"},"_links":{"self":[{"href":"https:\/\/serbenidorm.daliisolutions.com\/index.php\/wp-json\/wp\/v2\/posts\/6081","targetHints":{"allow":["GET"]}}],"collection":[{"href":"https:\/\/serbenidorm.daliisolutions.com\/index.php\/wp-json\/wp\/v2\/posts"}],"about":[{"href":"https:\/\/serbenidorm.daliisolutions.com\/index.php\/wp-json\/wp\/v2\/types\/post"}],"replies":[{"embeddable":true,"href":"https:\/\/serbenidorm.daliisolutions.com\/index.php\/wp-json\/wp\/v2\/comments?post=6081"}],"version-history":[{"count":0,"href":"https:\/\/serbenidorm.daliisolutions.com\/index.php\/wp-json\/wp\/v2\/posts\/6081\/revisions"}],"wp:featuredmedia":[{"embeddable":true,"href":"https:\/\/serbenidorm.daliisolutions.com\/index.php\/wp-json\/wp\/v2\/media\/6082"}],"wp:attachment":[{"href":"https:\/\/serbenidorm.daliisolutions.com\/index.php\/wp-json\/wp\/v2\/media?parent=6081"}],"wp:term":[{"taxonomy":"category","embeddable":true,"href":"https:\/\/serbenidorm.daliisolutions.com\/index.php\/wp-json\/wp\/v2\/categories?post=6081"},{"taxonomy":"post_tag","embeddable":true,"href":"https:\/\/serbenidorm.daliisolutions.com\/index.php\/wp-json\/wp\/v2\/tags?post=6081"}],"curies":[{"name":"wp","href":"https:\/\/api.w.org\/{rel}","templated":true}]}}