{"id":6083,"date":"2024-06-13T13:21:15","date_gmt":"2024-06-13T11:21:15","guid":{"rendered":"https:\/\/serbenidorm.daliisolutions.com\/index.php\/2024\/06\/13\/benidorm-se-convierte-este-viernes-en-la-capital-de-la-publicidad-alicantina\/"},"modified":"2024-06-13T13:21:15","modified_gmt":"2024-06-13T11:21:15","slug":"benidorm-se-convierte-este-viernes-en-la-capital-de-la-publicidad-alicantina","status":"publish","type":"post","link":"https:\/\/serbenidorm.daliisolutions.com\/index.php\/2024\/06\/13\/benidorm-se-convierte-este-viernes-en-la-capital-de-la-publicidad-alicantina\/","title":{"rendered":"Benidorm se convierte este viernes en la capital de la publicidad alicantina"},"content":{"rendered":"  <p>La ciudad de Benidorm ser\u00e1 anfitriona de la XXII Gala de los Premios ALCE 2024 a la creaci\u00f3n publicitaria, un destacado evento que se celebrar\u00e1 el viernes 14 de junio <a href=\"https:\/\/cadenaser.com\/tag\/benidorm\/a\/\" target=\"_blank\" rel=\"noopener\">en el auditorio \u00d3scar Espl\u00e1 del Parque de l\u2019Aig\u00fcera<\/a>. La gala, organizada por la &#8216;Asociaci\u00f3n 361\u00ba&#8217;, no solo premiar\u00e1 la creatividad publicitaria, sino que tambi\u00e9n ofrecer\u00e1 una jornada formativa en la ma\u00f1ana, de 11 a 15 horas, donde reconocidas marcas compartir\u00e1n sus experiencias exitosas.<\/p>   <p>En la ceremonia nocturna, se entregar\u00e1n un total de 22 premios en las categor\u00edas de Craft y Creatividad. Adem\u00e1s, se otorgar\u00e1n cinco premios Especiales que incluyen reconocimientos a J\u00f3venes creativos, Alce de Honor, Sostenibilidad y Medio Ambiente (ODS), Agencia del A\u00f1o y Agencia Revelaci\u00f3n. La gala culminar\u00e1 con la entrega del Gran Premio ALCE a la mejor campa\u00f1a global.<\/p>   <p>Para participar, los trabajos deben haber sido realizados entre el 1 de junio de 2023 y el 1 de junio de 2024, con la inscripci\u00f3n cerrada recientemente. Podr\u00e1n participar agencias de publicidad, empresas de comunicaci\u00f3n, agencias de medios y estudios creativos, cada uno presentando hasta tres piezas por categor\u00eda. <\/p>  <p><p>M\u00e1s informaci\u00f3n<\/p><figure><img loading=\"lazy\" decoding=\"async\" src=\"https:\/\/cadenaser.com\/resizer\/v2\/7VERKD4XN5AHDKEW7HONZGBVLU.jpeg?auth=73df36db8b0bfaac254c032d490f7b002c85ba5edbce0bb75ea074d3f159f799&amp;quality=70&amp;width=360&amp;height=202&amp;smart=true\" width=\"820\" height=\"621\" \/><\/figure><ul><li><a href=\"https:\/\/cadenaser.com\/comunitat-valenciana\/2024\/06\/12\/el-turista-aleman-asignatura-pendiente-para-los-hoteles-de-benidorm-radio-benidorm\/\"><span>El turista alem\u00e1n, asignatura pendiente para los hoteles de Benidorm<\/span><\/a><\/li><\/ul><\/p>   <p>Un jurado compuesto por profesionales de renombre en el \u00e1mbito de la comunicaci\u00f3n y la publicidad evaluar\u00e1 las obras presentadas, anunciando a los finalistas el 10 de junio.<\/p>   <p>Durante la presentaci\u00f3n del evento, se destac\u00f3 la importancia de la publicidad en la vida diaria y el papel diferenciador de la creatividad en m\u00faltiples formatos. Los Premios ALCE, iniciados en 2004, celebran la creatividad de las empresas con sede en la provincia de Alicante, mostrando el talento y la vitalidad del sector.<\/p>   <p>     .c-w{         max-width:444px;         width:100%;         margin:16px auto;      background:#00755E;         border-radius:4px;         display:flex;         align-items:center;         justify-content:center;     }     .c-w a{         display:flex;         align-items:center;         justify-content:center;         padding:4px 24px;     }     .c-w img{         width:24px;         margin-right:12px;     }     .c-w p{         font:18px\/25px Poppins;         text-align:center;         color:#fff;         margin:0;     }     @media (max-width:444px){         .c-w a{             padding:4px 12px;         }         .c-w img{             width:24px;             margin-right:8px;         }         .c-w p{             font:14px\/25px Poppins;         }     }     @media (max-width:335px){         .c-w p{             font:13px\/25px Poppins;         }     }  <div class=\"c-w\">     <a href=\"https:\/\/www.whatsapp.com\/channel\/0029Va633PF9WtC4l7XUzh1e\" target=\"_blank\" rel=\"noopener\">         <img decoding=\"async\" src=\"https:\/\/cadenaser.com\/estaticos\/recursosgraficos\/responsive\/img\/ico-whatsapp.svg\" alt=\"Whatsapp\">         <p>\u00danete al <b>canal de WhatsApp<\/b> de la SER<\/p>     <\/a> <\/div><\/p>   <p>Con el lema \u00abLa terreta no tiene techo\u00bb, esta edici\u00f3n busca resaltar a Alicante como un n\u00facleo de creatividad a nivel nacional. Se espera que m\u00e1s de 500 personas asistan a esta gala, consolidando a Benidorm como un referente en la celebraci\u00f3n de eventos de gran relevancia en el \u00e1mbito publicitario.<\/p> ","protected":false},"excerpt":{"rendered":"<p>El Parque de l\u2019Aig\u00fcera acoger\u00e1 esta noche la prestigiosa Gala de los Premios ALCE 2024 <\/p>\n","protected":false},"author":0,"featured_media":6084,"comment_status":"open","ping_status":"open","sticky":false,"template":"","format":"standard","meta":{"_acf_changed":false,"footnotes":""},"categories":[1],"tags":[],"class_list":["post-6083","post","type-post","status-publish","format-standard","has-post-thumbnail","hentry","category-sin-categoria"],"acf":{"ser_id":"ZHBE6ML3O5A5XM7DIZVLPZDNMQ","ser_url":"https:\/\/cadenaser.com\/comunitat-valenciana\/2024\/06\/13\/benidorm-se-convierte-este-viernes-en-la-capital-de-la-publicidad-alicantina-radio-benidorm\/"},"_links":{"self":[{"href":"https:\/\/serbenidorm.daliisolutions.com\/index.php\/wp-json\/wp\/v2\/posts\/6083","targetHints":{"allow":["GET"]}}],"collection":[{"href":"https:\/\/serbenidorm.daliisolutions.com\/index.php\/wp-json\/wp\/v2\/posts"}],"about":[{"href":"https:\/\/serbenidorm.daliisolutions.com\/index.php\/wp-json\/wp\/v2\/types\/post"}],"replies":[{"embeddable":true,"href":"https:\/\/serbenidorm.daliisolutions.com\/index.php\/wp-json\/wp\/v2\/comments?post=6083"}],"version-history":[{"count":0,"href":"https:\/\/serbenidorm.daliisolutions.com\/index.php\/wp-json\/wp\/v2\/posts\/6083\/revisions"}],"wp:featuredmedia":[{"embeddable":true,"href":"https:\/\/serbenidorm.daliisolutions.com\/index.php\/wp-json\/wp\/v2\/media\/6084"}],"wp:attachment":[{"href":"https:\/\/serbenidorm.daliisolutions.com\/index.php\/wp-json\/wp\/v2\/media?parent=6083"}],"wp:term":[{"taxonomy":"category","embeddable":true,"href":"https:\/\/serbenidorm.daliisolutions.com\/index.php\/wp-json\/wp\/v2\/categories?post=6083"},{"taxonomy":"post_tag","embeddable":true,"href":"https:\/\/serbenidorm.daliisolutions.com\/index.php\/wp-json\/wp\/v2\/tags?post=6083"}],"curies":[{"name":"wp","href":"https:\/\/api.w.org\/{rel}","templated":true}]}}