{"id":6085,"date":"2024-06-13T13:21:16","date_gmt":"2024-06-13T11:21:16","guid":{"rendered":"https:\/\/serbenidorm.daliisolutions.com\/index.php\/2024\/06\/13\/el-c-f-benidorm-ficha-a-pascu-domingo-como-director-de-su-academia\/"},"modified":"2024-06-13T13:21:16","modified_gmt":"2024-06-13T11:21:16","slug":"el-c-f-benidorm-ficha-a-pascu-domingo-como-director-de-su-academia","status":"publish","type":"post","link":"https:\/\/serbenidorm.daliisolutions.com\/index.php\/2024\/06\/13\/el-c-f-benidorm-ficha-a-pascu-domingo-como-director-de-su-academia\/","title":{"rendered":"El C.F. Benidorm ficha a Pascu Domingo como director de su academia"},"content":{"rendered":"  <p>El <a href=\"https:\/\/cadenaser.com\/tag\/club_futbol_benidorm\/a\/\" target=\"_blank\" rel=\"noopener\">C.F. Benidorm<\/a> ha llegado a un acuerdo por el que Pascu Domingo se convierte en el nuevo director de su Academia. A sus 30 a\u00f1os, este Graduado en Actividades F\u00edsicas y del Deporte y entrenador Nivel III ya cuenta con experiencia en la UD Alzira como entrenador en Divisi\u00f3n de Honor juvenil (tres temporadas) y director deportivo de la cantera, as\u00ed como en las categor\u00edas inferiores del Rayo Vallecano o el Levante UD, dos temporadas en cada club, adem\u00e1s de haber trabajado con la cantera del Oporto para conocer al detalle su metodolog\u00eda.<\/p>  <p><p>M\u00e1s informaci\u00f3n<\/p><figure><img loading=\"lazy\" decoding=\"async\" src=\"https:\/\/cadenaser.com\/resizer\/v2\/AROXSKRLJ5H3VI3ECWOOGVSBLI.jpg?auth=1a22151cf70f04a7d07ddb6908e1615666bacb1603fca3e251da90a0c72f35db&amp;quality=70&amp;width=360&amp;height=202&amp;smart=true\" width=\"820\" height=\"621\" \/><\/figure><ul><li><a href=\"https:\/\/cadenaser.com\/tag\/club_futbol_benidorm\/a\/\"><span>Todas las noticias del C.F. Benidorm<\/span><\/a><\/li><\/ul><\/p>   <p>Domingo se mostr\u00f3 \u201cmuy contento\u201d por unirse a este ilusionante y exigente proyecto: \u201cLlego con la intenci\u00f3n de trabajar y exprimir todo el talento que tiene esta gran academia. Quiero futbolistas y familias que se diferencien por sus valores , profesionalidad y ambici\u00f3n\u201d.<\/p>   <p>Por su parte, el presidente, Jordi Bruixola, recalc\u00f3 que con esta incorporaci\u00f3n, \u201cseguimos dando pasos para reforzar la estructura del club; en breve anunciaremos una atractiva campa\u00f1a para abonarse al C.F. Benidorm la pr\u00f3xima temporada\u201d.<\/p>   <p>En este sentido, Claudio \u2018Piojo\u2019 L\u00f3pez, asesor deportivo de DV7 Group y el C.F. Benidorm, destac\u00f3 la importancia \u201cde seguir consolidando una cantera que permita el crecimiento a largo plazo que buscamos en este proyecto\u201d.<\/p> ","protected":false},"excerpt":{"rendered":"<p>Ha trabajado en las categor\u00edas inferiores de clubes como el Levante, Rayo Vallecano u Oporto<\/p>\n","protected":false},"author":0,"featured_media":6086,"comment_status":"open","ping_status":"open","sticky":false,"template":"","format":"standard","meta":{"_acf_changed":false,"footnotes":""},"categories":[16],"tags":[],"class_list":["post-6085","post","type-post","status-publish","format-standard","has-post-thumbnail","hentry","category-deportes"],"acf":{"ser_id":"SQ3U23YOLRFVPMD3EVZHZ3LWSI","ser_url":"https:\/\/cadenaser.com\/comunitat-valenciana\/2024\/06\/13\/el-cf-benidorm-ficha-a-pascu-domingo-como-director-de-su-academia-radio-benidorm\/"},"_links":{"self":[{"href":"https:\/\/serbenidorm.daliisolutions.com\/index.php\/wp-json\/wp\/v2\/posts\/6085","targetHints":{"allow":["GET"]}}],"collection":[{"href":"https:\/\/serbenidorm.daliisolutions.com\/index.php\/wp-json\/wp\/v2\/posts"}],"about":[{"href":"https:\/\/serbenidorm.daliisolutions.com\/index.php\/wp-json\/wp\/v2\/types\/post"}],"replies":[{"embeddable":true,"href":"https:\/\/serbenidorm.daliisolutions.com\/index.php\/wp-json\/wp\/v2\/comments?post=6085"}],"version-history":[{"count":0,"href":"https:\/\/serbenidorm.daliisolutions.com\/index.php\/wp-json\/wp\/v2\/posts\/6085\/revisions"}],"wp:featuredmedia":[{"embeddable":true,"href":"https:\/\/serbenidorm.daliisolutions.com\/index.php\/wp-json\/wp\/v2\/media\/6086"}],"wp:attachment":[{"href":"https:\/\/serbenidorm.daliisolutions.com\/index.php\/wp-json\/wp\/v2\/media?parent=6085"}],"wp:term":[{"taxonomy":"category","embeddable":true,"href":"https:\/\/serbenidorm.daliisolutions.com\/index.php\/wp-json\/wp\/v2\/categories?post=6085"},{"taxonomy":"post_tag","embeddable":true,"href":"https:\/\/serbenidorm.daliisolutions.com\/index.php\/wp-json\/wp\/v2\/tags?post=6085"}],"curies":[{"name":"wp","href":"https:\/\/api.w.org\/{rel}","templated":true}]}}