{"id":6103,"date":"2024-06-13T17:09:15","date_gmt":"2024-06-13T15:09:15","guid":{"rendered":"https:\/\/serbenidorm.daliisolutions.com\/index.php\/2024\/06\/13\/el-pp-hara-presion-en-el-congreso-y-el-senado-para-la-construccion-de-la-nueva-comisaria-de-la-policia-en-benidorm\/"},"modified":"2024-06-13T17:09:15","modified_gmt":"2024-06-13T15:09:15","slug":"el-pp-hara-presion-en-el-congreso-y-el-senado-para-la-construccion-de-la-nueva-comisaria-de-la-policia-en-benidorm","status":"publish","type":"post","link":"https:\/\/serbenidorm.daliisolutions.com\/index.php\/2024\/06\/13\/el-pp-hara-presion-en-el-congreso-y-el-senado-para-la-construccion-de-la-nueva-comisaria-de-la-policia-en-benidorm\/","title":{"rendered":"El PP har\u00e1 presi\u00f3n en el Congreso y el Senado para la construcci\u00f3n de la nueva comisar\u00eda de la Polic\u00eda en Benidorm"},"content":{"rendered":"  <p>Ha pasado casi una d\u00e9cada desde que el Ayuntamiento de Benidorm aprob\u00f3 la cesi\u00f3n de los terrenos sobre los que se tendr\u00eda que construir la nueva comisar\u00eda de la Polic\u00eda Nacional para darle el relevo a las instalaciones que desde 1972 viene utilizando este cuerpo.<\/p>   <p>Sin embargo, y pese a que ya en 2017 el propio consistorio redact\u00f3 el proyecto b\u00e1sico de construcci\u00f3n, la nueva infraestructura sigue paralizada. Es por ello que el senador del Partido Popular Agust\u00edn Almod\u00f3bar ha sido, tambi\u00e9n durante su etapa en el Congreso de los Diputados, especialmente activo en su <a href=\"https:\/\/cadenaser.com\/tag\/benidorm\/a\/\" target=\"_blank\" rel=\"noopener\">reclamaci\u00f3n al gobierno central para que incluya la comisar\u00eda en los Presupuestos Generales del Estado<\/a>.<\/p>   <p>El ahora senador ha vuelto ahora a la carga y ha visitado, junto a la diputada por Ourense y responsable de Interior de los populares, Ana Bel\u00e9n V\u00e1zquez, el solar sobre el que hace tiempo que deber\u00eda estar construida la comisar\u00eda. All\u00ed, ambos han exigido al ejecutivo que \u201ccumpla el compromiso adquirido con Benidorm y dote al proyecto de construcci\u00f3n de una nueva comisar\u00eda del Cuerpo Nacional de Polic\u00eda del presupuesto necesario para llevarlo a cabo\u201d.<\/p>  <p><p>M\u00e1s informaci\u00f3n<\/p><figure><img loading=\"lazy\" decoding=\"async\" src=\"https:\/\/cadenaser.com\/resizer\/v2\/Y7J3EL7FWVCO7GJSXILS3HERTA.jpeg?auth=266e4e37c91ee56610f1d83abec8463852a9d6b4b4d893483d1b8a1335f70f49&amp;quality=70&amp;width=360&amp;height=202&amp;smart=true\" width=\"820\" height=\"621\" \/><\/figure><ul><li><a href=\"https:\/\/cadenaser.com\/comunitat-valenciana\/2024\/06\/13\/el-presidente-de-los-empresarios-valencianos-defiende-en-benidorm-unas-reglas-claras-sin-prohibir-ni-demonizar-el-turismo-radio-benidorm\/\"><span>El presidente de los empresarios valencianos defiende en Benidorm unas reglas \u00abclaras\u00bb sin \u00abprohibir ni demonizar\u00bb el turismo<\/span><\/a><\/li><\/ul><\/p>   <p>V\u00e1zquez ha subrayado que se trata de un \u201cproyecto necesario\u201d porque las instalaciones actuales \u201cse han quedado obsoletas e inadecuadas y no tienen capacidad para albergar a la plantilla actual ni puede atender a los ciudadanos en condiciones \u00f3ptimas\u201d.<\/p>   <p>Por su parte Almod\u00f3bar ha insistido en que \u201cel crecimiento de la ciudad ha hecho que la actual ubicaci\u00f3n se convierta en un lugar inc\u00f3modo para desarrollar su servicio. En el a\u00f1o 1972, cuando se construy\u00f3 la actual Comisar\u00eda, Benidorm ten\u00eda una poblaci\u00f3n de 25.000 personas y hoy cuenta con m\u00e1s de 72.000, teniendo en cuenta adem\u00e1s que la ciudad recibe a casi 3 millones de turistas al a\u00f1o, poblaci\u00f3n a la que tambi\u00e9n hay dar seguridad y servicio\u201d.<\/p>   <p>     .c-w{         max-width:444px;         width:100%;         margin:16px auto;      background:#00755E;         border-radius:4px;         display:flex;         align-items:center;         justify-content:center;     }     .c-w a{         display:flex;         align-items:center;         justify-content:center;         padding:4px 24px;     }     .c-w img{         width:24px;         margin-right:12px;     }     .c-w p{         font:18px\/25px Poppins;         text-align:center;         color:#fff;         margin:0;     }     @media (max-width:444px){         .c-w a{             padding:4px 12px;         }         .c-w img{             width:24px;             margin-right:8px;         }         .c-w p{             font:14px\/25px Poppins;         }     }     @media (max-width:335px){         .c-w p{             font:13px\/25px Poppins;         }     }  <div class=\"c-w\">     <a href=\"https:\/\/www.whatsapp.com\/channel\/0029Va633PF9WtC4l7XUzh1e\" target=\"_blank\" rel=\"noopener\">         <img decoding=\"async\" src=\"https:\/\/cadenaser.com\/estaticos\/recursosgraficos\/responsive\/img\/ico-whatsapp.svg\" alt=\"Whatsapp\">         <p>\u00danete al <b>canal de WhatsApp<\/b> de la SER<\/p>     <\/a> <\/div><\/p>   <p>Competencia de Interior<\/p>   <p>As\u00ed, el senador benidormense ha explicado que el ayuntamiento de Benidorm se comprometi\u00f3 a ceder al Ministerio del Interior la parcela y redactar el proyecto para la futura comisar\u00eda. \u201cEl Ayuntamiento ha cumplido con su compromiso, la parcela es titularidad del Gobierno desde el a\u00f1o 2019 y el proyecto b\u00e1sico, elaborado siguiendo las instrucciones de los t\u00e9cnicos del Ministerio, tambi\u00e9n est\u00e1 en manos del Ejecutivo\u201d, ha a\u00f1adido el senador.<\/p>  <p><p class=\"tit\"><span>Hora 14 Benidorm (13\/06\/2024)<\/span><\/p> <p class=\"emb\"><iframe loading=\"lazy\" src=\"https:\/\/cadenaser.com\/embed\/audio\/460\/cadenaser_benidorm_hora14benidorm_20240613_141700_143000\/\" width=\"100%\" height=\"360\" frameborder=\"0\" allowfullscreen><\/iframe><\/p><\/p>   <p>Almod\u00f3bar y V\u00e1zquez han subrayado que \u201clos agentes y todo el personal que presta servicio en la comisar\u00eda de la Polic\u00eda Nacional de Benidorm merecen un espacio adecuado a sus necesidades y a las necesidades de los ciudadanos y turistas en consonancia con lo que representa Benidorm\u201d.<\/p>   <p>Por \u00faltimo, los dos parlamentarios han anunciado la presentaci\u00f3n de varias iniciativas en el Senado y en el Congreso instando al Gobierno a cumplir, de una vez por todas, con su compromiso y acelerar los tr\u00e1mites necesarios para que la nueva Comisar\u00eda del Cuerpo Nacional de Polic\u00eda \u201csea una realidad cuanto antes; porque no es de recibo que Benidorm tenga que renunciar a esta importante infraestructura por culpa de la mochila cargada de peajes que tiene el Gobierno de S\u00e1nchez con todos los que le mantienen en el poder\u201d.<\/p> ","protected":false},"excerpt":{"rendered":"<p>El Ayuntamiento cedi\u00f3 en 2015 los terrenos y dos a\u00f1os despu\u00e9s present\u00f3 el proyecto b\u00e1sico<\/p>\n","protected":false},"author":0,"featured_media":6104,"comment_status":"open","ping_status":"open","sticky":false,"template":"","format":"standard","meta":{"_acf_changed":false,"footnotes":""},"categories":[1],"tags":[],"class_list":["post-6103","post","type-post","status-publish","format-standard","has-post-thumbnail","hentry","category-sin-categoria"],"acf":{"ser_id":"FKTJOQ3UXRCHDAQDLFQKG57IIE","ser_url":"https:\/\/cadenaser.com\/comunitat-valenciana\/2024\/06\/13\/el-pp-hara-presion-en-el-congreso-y-el-senado-para-la-construccion-de-la-nueva-comisaria-de-la-policia-en-benidorm-radio-benidorm\/"},"_links":{"self":[{"href":"https:\/\/serbenidorm.daliisolutions.com\/index.php\/wp-json\/wp\/v2\/posts\/6103","targetHints":{"allow":["GET"]}}],"collection":[{"href":"https:\/\/serbenidorm.daliisolutions.com\/index.php\/wp-json\/wp\/v2\/posts"}],"about":[{"href":"https:\/\/serbenidorm.daliisolutions.com\/index.php\/wp-json\/wp\/v2\/types\/post"}],"replies":[{"embeddable":true,"href":"https:\/\/serbenidorm.daliisolutions.com\/index.php\/wp-json\/wp\/v2\/comments?post=6103"}],"version-history":[{"count":0,"href":"https:\/\/serbenidorm.daliisolutions.com\/index.php\/wp-json\/wp\/v2\/posts\/6103\/revisions"}],"wp:featuredmedia":[{"embeddable":true,"href":"https:\/\/serbenidorm.daliisolutions.com\/index.php\/wp-json\/wp\/v2\/media\/6104"}],"wp:attachment":[{"href":"https:\/\/serbenidorm.daliisolutions.com\/index.php\/wp-json\/wp\/v2\/media?parent=6103"}],"wp:term":[{"taxonomy":"category","embeddable":true,"href":"https:\/\/serbenidorm.daliisolutions.com\/index.php\/wp-json\/wp\/v2\/categories?post=6103"},{"taxonomy":"post_tag","embeddable":true,"href":"https:\/\/serbenidorm.daliisolutions.com\/index.php\/wp-json\/wp\/v2\/tags?post=6103"}],"curies":[{"name":"wp","href":"https:\/\/api.w.org\/{rel}","templated":true}]}}