{"id":6126,"date":"2024-06-14T13:49:57","date_gmt":"2024-06-14T11:49:57","guid":{"rendered":"https:\/\/serbenidorm.daliisolutions.com\/index.php\/2024\/06\/14\/el-buen-turista-encuentra-una-cartera-con-mas-de-6-000-euros-en-la-playa-de-benidorm-y-la-entrega-a-la-policia-local\/"},"modified":"2024-06-14T13:49:57","modified_gmt":"2024-06-14T11:49:57","slug":"el-buen-turista-encuentra-una-cartera-con-mas-de-6-000-euros-en-la-playa-de-benidorm-y-la-entrega-a-la-policia-local","status":"publish","type":"post","link":"https:\/\/serbenidorm.daliisolutions.com\/index.php\/2024\/06\/14\/el-buen-turista-encuentra-una-cartera-con-mas-de-6-000-euros-en-la-playa-de-benidorm-y-la-entrega-a-la-policia-local\/","title":{"rendered":"\u2018El buen turista\u2019: Encuentra una cartera con m\u00e1s de 6.000 euros en la playa de Benidorm y la entrega a la Polic\u00eda Local"},"content":{"rendered":"  <p>\u201cViva la gente buena que visita Benidorm\u201d. La Polic\u00eda Local de Benidorm celebraba as\u00ed en sus redes sociales haber podido devolver a su due\u00f1o una cartera extraviada que conten\u00eda m\u00e1s de 6.300 euros en su interior y que el propietario hab\u00eda perdido en la ya muy concurrida playa de Levante de la capital tur\u00edstica de la Costa Blanca apenas unas horas antes.<\/p>   <p>Una historia con final que arranc\u00f3 despu\u00e9s de que una mujer, turista en la ciudad, encontrara la billetera en el arenal m\u00e1s visitado de la ciudad. La protagonista de esta primera parte de la historia no s\u00f3lo no sucumbi\u00f3 a la tentaci\u00f3n de apropiarse de la misma y de su contenido, sino que la entreg\u00f3 a los agentes de la Polic\u00eda Local que patrullan habitualmente esa zona de Benidorm, que ya muestra un aspecto plenamente veraniego a dos semanas del arranque de la temporada alta.<\/p>  <p><p class=\"tit\"><span>\u2018El buen turista\u2019: Encuentra una cartera con m\u00e1s de 6.000 euros en la playa de Benidorm y la entrega a la Polic\u00eda Local<\/span><\/p> <p class=\"emb\"><iframe loading=\"lazy\" src=\"https:\/\/cadenaser.com\/embed\/audio\/460\/1718356759040\/\" width=\"100%\" height=\"360\" frameborder=\"0\" allowfullscreen><\/iframe><\/p><\/p>   <p>A partir de ese momento, se iniciaron las pesquisas para localizar al otro protagonista, en este caso desgraciado, del incidente. Una actuaci\u00f3n, que finalmente se desarroll\u00f3 de manera muy r\u00e1pida ya que, como ha confirmado a Radio Benidorm el portavoz de la Polic\u00eda Local, Kike Tortosa, todo se solvent\u00f3 en apenas dos horas.<\/p>   <p>El oficial ha explicado que fue en la tarde del jueves cuando \u201cnos avisaba una turista espa\u00f1ola del hallazgo de esta cartera en la playa de Levante conteniendo en su interior un cheque bancario y dinero en efectivo por un importe total de m\u00e1s de 6.300 euros\u201d.<\/p>   <p><div class=\"oembed facebook-post\"><div id=\"fb-root\"><\/div> <div class=\"fb-post\" data-href=\"https:\/\/www.facebook.com\/policialocalbenidorm\/posts\/pfbid028R1Hm1XM1XWUVTWC7av5EL4C1hMALicCJzNwhSApL7EiGjEq74shcRNVuSNS4q5Pl?rdid=sUos0rUM7buQqxct\" data-width=\"552\"><blockquote cite=\"https:\/\/graph.facebook.com\/100076567145064\/posts\/480218757873692\/\" class=\"fb-xfbml-parse-ignore\"><p>Encontrada!! Si esta cartera tambi\u00e9n es tuya&#8230; llegas tarde \ud83d\ude0e\ud83d\ude02. Ya se la hemos entregado a su due\u00f1o con m\u00e1s de 6.300e&#8230;<\/p>Publicada por <a href=\"https:\/\/www.facebook.com\/policialocalbenidorm\">Polic\u00eda Local Benidorm<\/a> en\u00a0<a href=\"https:\/\/graph.facebook.com\/100076567145064\/posts\/480218757873692\/\">Viernes, 14 de junio de 2024<\/a><\/blockquote><\/div><\/div><\/p>   <p>Tras comprobar el contenido de la cartera, \u201chicimos averiguaciones y conseguimos localizar en dos horas al due\u00f1o de la cartera que se encontraba tambi\u00e9n de vacaciones en Benidorm\u201d. Se trataba de un turista procedente de Euskadi que, al igual que la persona que encontr\u00f3 la cartera, se encontraba en Benidorm pasando unos d\u00edas de vacaciones.<\/p>   <p>     .c-w{         max-width:444px;         width:100%;         margin:16px auto;      background:#00755E;         border-radius:4px;         display:flex;         align-items:center;         justify-content:center;     }     .c-w a{         display:flex;         align-items:center;         justify-content:center;         padding:4px 24px;     }     .c-w img{         width:24px;         margin-right:12px;     }     .c-w p{         font:18px\/25px Poppins;         text-align:center;         color:#fff;         margin:0;     }     @media (max-width:444px){         .c-w a{             padding:4px 12px;         }         .c-w img{             width:24px;             margin-right:8px;         }         .c-w p{             font:14px\/25px Poppins;         }     }     @media (max-width:335px){         .c-w p{             font:13px\/25px Poppins;         }     }  <div class=\"c-w\">     <a href=\"https:\/\/www.whatsapp.com\/channel\/0029Va633PF9WtC4l7XUzh1e\" target=\"_blank\" rel=\"noopener\">         <img decoding=\"async\" src=\"https:\/\/cadenaser.com\/estaticos\/recursosgraficos\/responsive\/img\/ico-whatsapp.svg\" alt=\"Whatsapp\">         <p>\u00danete al <b>canal de WhatsApp<\/b> de la SER<\/p>     <\/a> <\/div><\/p>   <p>As\u00ed las cosas, una vez devuelta la cartera a su leg\u00edtimo due\u00f1o y tirando de su habitual humor sarc\u00e1stico, el community manager de la Polic\u00eda Local de Benidorm daba por cerrado el caso con un mensaje en el que avisaba de que \u201csi esta cartera tambi\u00e9n es tuya&#8230; llegas tarde. Ya se la hemos entregado a su due\u00f1o\u201d.<\/p> ","protected":false},"excerpt":{"rendered":"<p>Una mujer encontr\u00f3 la billetera en la playa de Levante y se la entreg\u00f3 a los agentes, que en s\u00f3lo dos horas dieron con su propietario<\/p>\n","protected":false},"author":0,"featured_media":6127,"comment_status":"open","ping_status":"open","sticky":false,"template":"","format":"standard","meta":{"_acf_changed":false,"footnotes":""},"categories":[1],"tags":[],"class_list":["post-6126","post","type-post","status-publish","format-standard","has-post-thumbnail","hentry","category-sin-categoria"],"acf":{"ser_id":"PHTCYT7FOBEGLN4RTU6JPKH6QY","ser_url":"https:\/\/cadenaser.com\/comunitat-valenciana\/2024\/06\/14\/el-buen-turista-encuentra-una-cartera-con-mas-de-6000-euros-en-la-playa-de-benidorm-y-la-entrega-a-la-policia-local-radio-benidorm\/"},"_links":{"self":[{"href":"https:\/\/serbenidorm.daliisolutions.com\/index.php\/wp-json\/wp\/v2\/posts\/6126","targetHints":{"allow":["GET"]}}],"collection":[{"href":"https:\/\/serbenidorm.daliisolutions.com\/index.php\/wp-json\/wp\/v2\/posts"}],"about":[{"href":"https:\/\/serbenidorm.daliisolutions.com\/index.php\/wp-json\/wp\/v2\/types\/post"}],"replies":[{"embeddable":true,"href":"https:\/\/serbenidorm.daliisolutions.com\/index.php\/wp-json\/wp\/v2\/comments?post=6126"}],"version-history":[{"count":0,"href":"https:\/\/serbenidorm.daliisolutions.com\/index.php\/wp-json\/wp\/v2\/posts\/6126\/revisions"}],"wp:featuredmedia":[{"embeddable":true,"href":"https:\/\/serbenidorm.daliisolutions.com\/index.php\/wp-json\/wp\/v2\/media\/6127"}],"wp:attachment":[{"href":"https:\/\/serbenidorm.daliisolutions.com\/index.php\/wp-json\/wp\/v2\/media?parent=6126"}],"wp:term":[{"taxonomy":"category","embeddable":true,"href":"https:\/\/serbenidorm.daliisolutions.com\/index.php\/wp-json\/wp\/v2\/categories?post=6126"},{"taxonomy":"post_tag","embeddable":true,"href":"https:\/\/serbenidorm.daliisolutions.com\/index.php\/wp-json\/wp\/v2\/tags?post=6126"}],"curies":[{"name":"wp","href":"https:\/\/api.w.org\/{rel}","templated":true}]}}