{"id":6128,"date":"2024-06-14T13:49:57","date_gmt":"2024-06-14T11:49:57","guid":{"rendered":"https:\/\/serbenidorm.daliisolutions.com\/index.php\/2024\/06\/14\/la-nucia-acoge-el-campeonato-de-espana-de-futbol-y-futbol-sala-para-ciegos\/"},"modified":"2024-06-14T13:49:57","modified_gmt":"2024-06-14T11:49:57","slug":"la-nucia-acoge-el-campeonato-de-espana-de-futbol-y-futbol-sala-para-ciegos","status":"publish","type":"post","link":"https:\/\/serbenidorm.daliisolutions.com\/index.php\/2024\/06\/14\/la-nucia-acoge-el-campeonato-de-espana-de-futbol-y-futbol-sala-para-ciegos\/","title":{"rendered":"La Nuc\u00eda acoge el Campeonato de Espa\u00f1a de f\u00fatbol y f\u00fatbol sala para ciegos"},"content":{"rendered":"  <p>El fin de semana deportivo de La Nuc\u00eda tendr\u00e1 un protagonista muy claro: el f\u00fatbol sala. En primero lugar, con ese <a href=\"https:\/\/cadenaser.com\/comunitat-valenciana\/2024\/06\/10\/la-nucia-y-manresa-se-vuelven-a-ver-las-caras-en-la-gran-final-por-el-ascenso-radio-benidorm\/\" target=\"_blank\" rel=\"noopener\">partido de ida de la final por el ascenso a la Segunda Divisi\u00f3n que el Sporting La Nuc\u00eda disputar\u00e1 el domingo (12:00 horas) ante el Manresa<\/a>. Adem\u00e1s de ese choque de alto voltaje para el equipo local, la Ciutat Esportiva Camilo Cano acoger\u00e1, entre el viernes y el domingo, el Campeonato de Espa\u00f1a de f\u00fatbol sala y f\u00fatbol para ciegos y personas con discapacidad visual grave, organizados por la Federaci\u00f3n Espa\u00f1ola de Deportes para Ciegos (FEDC) con la colaboraci\u00f3n de la ONCE y el ayuntamiento nuciero.<\/p>   <p>Ambos torneos se disputar\u00e1n en la Ciutat Esportiva Camilo Cano y reunir\u00e1n a los cuatro equipos mejor clasificados a lo largo de esta temporada en la liga nacional dentro de sus respectivas categor\u00edas.<\/p>  <p><p>M\u00e1s informaci\u00f3n<\/p><figure><img loading=\"lazy\" decoding=\"async\" src=\"https:\/\/cadenaser.com\/resizer\/v2\/YUTNTRMEPVBSZBR7YBPWG4FNFE.jpg?auth=859b0d461c812aa72985b4fd2ea65708ff37334c0987a81044a2bc597fc0eb34&amp;quality=70&amp;width=360&amp;height=202&amp;smart=true\" width=\"820\" height=\"621\" \/><\/figure><ul><li><a href=\"https:\/\/cadenaser.com\/comunitat-valenciana\/2024\/06\/10\/la-nucia-y-manresa-se-vuelven-a-ver-las-caras-en-la-gran-final-por-el-ascenso-radio-benidorm\/\"><span>La Nuc\u00eda y Manresa se vuelven a ver las caras en la gran final por el ascenso<\/span><\/a><\/li><\/ul><\/p>   <p>En el f\u00fatbol para ciegos (f\u00fatbol 5) se enfrentar\u00e1n los conjuntos: Luis Braille (Granada), M\u00e1laga, Sevilla y Madrid F\u00fatbol Ciegos. Por su parte, en la categor\u00eda para futbolistas con discapacidad visual (B2\/B3) participar\u00e1n los equipos de Fuenlabrada A (Madrid), Valencia, Barcelona y M\u00e1laga.<\/p>   <p>Los equipos disputar\u00e1n las semifinales este s\u00e1bado en funci\u00f3n de su clasificaci\u00f3n en la liga, y el domingo tendr\u00e1n lugar los partidos por el t\u00edtulo.<\/p>   <p><b>\u00a1Silencio, se juega!<\/b><\/p>   <p>Las personas ciegas y con discapacidad visual compiten en dos categor\u00edas distintas, existiendo grandes diferencias entre ambas. Los jugadores con discapacidad visual (B2\/B3) no necesitan apenas adaptaciones para poder competir. Estas adaptaciones van principalmente encaminadas a conseguir contraste entre el color del bal\u00f3n y el suelo, de la porter\u00eda y el fondo y una iluminaci\u00f3n de igual intensidad durante los 40 minutos de juego real que dura el partido. Por ello disputan sus partidos en pabell\u00f3n cubierto.<\/p>   <p>     .c-w{         max-width:444px;         width:100%;         margin:16px auto;      background:#00755E;         border-radius:4px;         display:flex;         align-items:center;         justify-content:center;     }     .c-w a{         display:flex;         align-items:center;         justify-content:center;         padding:4px 24px;     }     .c-w img{         width:24px;         margin-right:12px;     }     .c-w p{         font:18px\/25px Poppins;         text-align:center;         color:#fff;         margin:0;     }     @media (max-width:444px){         .c-w a{             padding:4px 12px;         }         .c-w img{             width:24px;             margin-right:8px;         }         .c-w p{             font:14px\/25px Poppins;         }     }     @media (max-width:335px){         .c-w p{             font:13px\/25px Poppins;         }     }  <div class=\"c-w\">     <a href=\"https:\/\/www.whatsapp.com\/channel\/0029Va633PF9WtC4l7XUzh1e\" target=\"_blank\" rel=\"noopener\">         <img decoding=\"async\" src=\"https:\/\/cadenaser.com\/estaticos\/recursosgraficos\/responsive\/img\/ico-whatsapp.svg\" alt=\"Whatsapp\">         <p>\u00danete al <b>canal de WhatsApp<\/b> de la SER<\/p>     <\/a> <\/div><\/p>   <p>Por otra parte, el f\u00fatbol para ciegos ha necesitado mayor n\u00famero de adaptaciones, estando en estos momentos bien desarrollado y reglamentado, lo que lo convierte en un deporte seguro y viable para las personas ciegas.<\/p>   <p>Las caracter\u00edsticas espec\u00edficas imprescindibles son: bal\u00f3n sonoro; vallas laterales que evitan los fueras de banda, salvo que el bal\u00f3n salga por encima de \u00e9stas, siendo adem\u00e1s un elemento de orientaci\u00f3n y seguridad para el jugador; el portero es vidente y tiene limitada su maniobrabilidad a una peque\u00f1a zona dentro del \u00e1rea de penalti; un gu\u00eda detr\u00e1s de la porter\u00eda orienta a los jugadores; y la obligatoriedad de los jugadores de decir, de forma clara y audible, la palabra \u201cvoy\u201d, para evitar golpes y orientar al jugador rival.<\/p>   <p>Dadas las necesidades espec\u00ed\u00adficas esta modalidad se juega en campo de c\u00e9sped artificial descubierto para facilitar la audici\u00f3n del bal\u00f3n. Por eso es necesario el silencio del p\u00fablico mientras est\u00e9 en juego la pelota y hasta que no se marque un gol o existan tiempos muertos.<\/p> ","protected":false},"excerpt":{"rendered":"<p>Los mejores equipos del pa\u00eds se jugar\u00e1n el t\u00edtulo nacional en la Ciutat Esportiva Camilo Cano<\/p>\n","protected":false},"author":0,"featured_media":6129,"comment_status":"open","ping_status":"open","sticky":false,"template":"","format":"standard","meta":{"_acf_changed":false,"footnotes":""},"categories":[16],"tags":[],"class_list":["post-6128","post","type-post","status-publish","format-standard","has-post-thumbnail","hentry","category-deportes"],"acf":{"ser_id":"3FRMLD2FPJDIJBUUHXDM5RVSE4","ser_url":"https:\/\/cadenaser.com\/comunitat-valenciana\/2024\/06\/14\/la-nucia-acoge-el-campeonato-de-espana-de-futbol-y-futbol-sala-para-ciegos-radio-benidorm\/"},"_links":{"self":[{"href":"https:\/\/serbenidorm.daliisolutions.com\/index.php\/wp-json\/wp\/v2\/posts\/6128","targetHints":{"allow":["GET"]}}],"collection":[{"href":"https:\/\/serbenidorm.daliisolutions.com\/index.php\/wp-json\/wp\/v2\/posts"}],"about":[{"href":"https:\/\/serbenidorm.daliisolutions.com\/index.php\/wp-json\/wp\/v2\/types\/post"}],"replies":[{"embeddable":true,"href":"https:\/\/serbenidorm.daliisolutions.com\/index.php\/wp-json\/wp\/v2\/comments?post=6128"}],"version-history":[{"count":0,"href":"https:\/\/serbenidorm.daliisolutions.com\/index.php\/wp-json\/wp\/v2\/posts\/6128\/revisions"}],"wp:featuredmedia":[{"embeddable":true,"href":"https:\/\/serbenidorm.daliisolutions.com\/index.php\/wp-json\/wp\/v2\/media\/6129"}],"wp:attachment":[{"href":"https:\/\/serbenidorm.daliisolutions.com\/index.php\/wp-json\/wp\/v2\/media?parent=6128"}],"wp:term":[{"taxonomy":"category","embeddable":true,"href":"https:\/\/serbenidorm.daliisolutions.com\/index.php\/wp-json\/wp\/v2\/categories?post=6128"},{"taxonomy":"post_tag","embeddable":true,"href":"https:\/\/serbenidorm.daliisolutions.com\/index.php\/wp-json\/wp\/v2\/tags?post=6128"}],"curies":[{"name":"wp","href":"https:\/\/api.w.org\/{rel}","templated":true}]}}