{"id":6130,"date":"2024-06-14T13:49:58","date_gmt":"2024-06-14T11:49:58","guid":{"rendered":"https:\/\/serbenidorm.daliisolutions.com\/index.php\/2024\/06\/14\/el-alcoyano-seguira-siendo-de-alcoy-no-habra-cambio-de-domicilio-social\/"},"modified":"2024-06-14T13:49:58","modified_gmt":"2024-06-14T11:49:58","slug":"el-alcoyano-seguira-siendo-de-alcoy-no-habra-cambio-de-domicilio-social","status":"publish","type":"post","link":"https:\/\/serbenidorm.daliisolutions.com\/index.php\/2024\/06\/14\/el-alcoyano-seguira-siendo-de-alcoy-no-habra-cambio-de-domicilio-social\/","title":{"rendered":"El Alcoyano seguir\u00e1 siendo de Alcoy, no habr\u00e1 cambio de domicilio social"},"content":{"rendered":"  <p>De momento final feliz salvo sorpresa de \u00faltima hora. El viernes a las 10 de la ma\u00f1ana los medios est\u00e1n convocados a una rueda de prensa en el Ayuntamiento de Alcoy para confirmar la noticia.<\/p>   <p>Juan Carlos Ram\u00edrez, propietario del Alcoyano desconvocar\u00e1 la Junta de Accionistas prevista para el d\u00eda 17 de junio donde el Consejo de Administraci\u00f3n iba a aprobar el cambio de domicilio social del Alcoyano, de Alcoy a La Nuc\u00eda.<\/p>   <p>Tras muchas horas de negociaciones en diferentes reuniones, todo se ha reconducido, el Alcoyano seguir\u00e1 siendo de Alcoy y los aficionados podr\u00e1n seguir disfrutando de su equipo en El Collao. Los acuerdos a los que se han llegado han satisfecho al empresario que mantendr\u00e1 el club en Alcoy y seguir\u00e1 jugando en El Collao<\/p>   <p>El tema de entrenamiento y trabajo diario es otra cosa, porque el equipo entrenar\u00e1 la mayor\u00eda de d\u00edas en La Nuc\u00eda, as\u00ed mismo, los trabajadores del club, tambi\u00e9n van a tener que desplazarse al Camilo Cano para trabajar.<\/p>   <p>Ahora toca el turno de los aficionados, que tienen que demostrar que con una campa\u00f1a acorde a precios \u201cnormales\u201d, si quieren que el Alcoyano siga en Alcoy y la \u00fanica forma de demostrarlo es haci\u00e9ndose socio del club. La cifra ideal ser\u00eda 2.500 abonados. La Plataforma La Moral no Morir\u00e1, ya se comprometi\u00f3 que si no hab\u00eda cambio de domicilio social, ayudar\u00eda al club a conseguir esta cifra.<\/p>   <p>     .c-w{         max-width:444px;         width:100%;         margin:16px auto;      background:#00755E;         border-radius:4px;         display:flex;         align-items:center;         justify-content:center;     }     .c-w a{         display:flex;         align-items:center;         justify-content:center;         padding:4px 24px;     }     .c-w img{         width:24px;         margin-right:12px;     }     .c-w p{         font:18px\/25px Poppins;         text-align:center;         color:#fff;         margin:0;     }     @media (max-width:444px){         .c-w a{             padding:4px 12px;         }         .c-w img{             width:24px;             margin-right:8px;         }         .c-w p{             font:14px\/25px Poppins;         }     }     @media (max-width:335px){         .c-w p{             font:13px\/25px Poppins;         }     }  <div class=\"c-w\">     <a href=\"https:\/\/www.whatsapp.com\/channel\/0029Va633PF9WtC4l7XUzh1e\" target=\"_blank\" rel=\"noopener\">         <img decoding=\"async\" src=\"https:\/\/cadenaser.com\/estaticos\/recursosgraficos\/responsive\/img\/ico-whatsapp.svg\" alt=\"Whatsapp\">         <p>\u00danete al <b>canal de WhatsApp<\/b> de la SER<\/p>     <\/a> <\/div><\/p>   <p>Con esto se cierra un culebr\u00f3n que ha mantenido en vilo a la afici\u00f3n del equipo de la moral y que los ha llevado a manifestarse para evitar el cambio de domicilio y evitar que el Alcoyano jugar\u00e1 en La Nuc\u00eda.<\/p>   <p><p><strong>Sigue el canal de Carrusel en WhatsApp <\/strong><br \/>\u00a1Bienvenido al canal de Whatsapp de Carrusel! Toda la emoci\u00f3n del deporte, EN DIRECTO. Dirige Dani Garrido <\/p><a href=\"https:\/\/whatsapp.com\/channel\/0029Va8gTnP3rZZcN6Uzfi1x\" title=\"Suscr\u00edbete\">Suscr\u00edbete ahora<\/a><\/p> ","protected":false},"excerpt":{"rendered":"<p>Salvo sorpresa este viernes se anunciar\u00e1n los acuerdos que han llegado el club y Ayuntamiento &#8211; El club desconvocar\u00e1  la Junta de Accionistas del d\u00eda 17 de junio donde se pretend\u00eda cambiar el domicilio a La Nucia<\/p>\n","protected":false},"author":0,"featured_media":6131,"comment_status":"open","ping_status":"open","sticky":false,"template":"","format":"standard","meta":{"_acf_changed":false,"footnotes":""},"categories":[16],"tags":[],"class_list":["post-6130","post","type-post","status-publish","format-standard","has-post-thumbnail","hentry","category-deportes"],"acf":{"ser_id":"2PXGNYRZWFDLNFNMHI2F4LAR6U","ser_url":"https:\/\/cadenaser.com\/comunitat-valenciana\/2024\/06\/13\/el-alcoyano-seguira-siendo-de-alcoy-no-habra-cambio-de-domicilio-social-radio-alcoy\/"},"_links":{"self":[{"href":"https:\/\/serbenidorm.daliisolutions.com\/index.php\/wp-json\/wp\/v2\/posts\/6130","targetHints":{"allow":["GET"]}}],"collection":[{"href":"https:\/\/serbenidorm.daliisolutions.com\/index.php\/wp-json\/wp\/v2\/posts"}],"about":[{"href":"https:\/\/serbenidorm.daliisolutions.com\/index.php\/wp-json\/wp\/v2\/types\/post"}],"replies":[{"embeddable":true,"href":"https:\/\/serbenidorm.daliisolutions.com\/index.php\/wp-json\/wp\/v2\/comments?post=6130"}],"version-history":[{"count":0,"href":"https:\/\/serbenidorm.daliisolutions.com\/index.php\/wp-json\/wp\/v2\/posts\/6130\/revisions"}],"wp:featuredmedia":[{"embeddable":true,"href":"https:\/\/serbenidorm.daliisolutions.com\/index.php\/wp-json\/wp\/v2\/media\/6131"}],"wp:attachment":[{"href":"https:\/\/serbenidorm.daliisolutions.com\/index.php\/wp-json\/wp\/v2\/media?parent=6130"}],"wp:term":[{"taxonomy":"category","embeddable":true,"href":"https:\/\/serbenidorm.daliisolutions.com\/index.php\/wp-json\/wp\/v2\/categories?post=6130"},{"taxonomy":"post_tag","embeddable":true,"href":"https:\/\/serbenidorm.daliisolutions.com\/index.php\/wp-json\/wp\/v2\/tags?post=6130"}],"curies":[{"name":"wp","href":"https:\/\/api.w.org\/{rel}","templated":true}]}}