{"id":6141,"date":"2024-06-15T09:07:32","date_gmt":"2024-06-15T07:07:32","guid":{"rendered":"https:\/\/serbenidorm.daliisolutions.com\/index.php\/2024\/06\/15\/asi-trabaja-el-community-manager-de-la-policia-local-de-benidorm\/"},"modified":"2024-06-15T09:07:32","modified_gmt":"2024-06-15T07:07:32","slug":"asi-trabaja-el-community-manager-de-la-policia-local-de-benidorm","status":"publish","type":"post","link":"https:\/\/serbenidorm.daliisolutions.com\/index.php\/2024\/06\/15\/asi-trabaja-el-community-manager-de-la-policia-local-de-benidorm\/","title":{"rendered":"As\u00ed trabaja el community manager de la Polic\u00eda Local de Benidorm"},"content":{"rendered":"  <p>Las redes sociales lo alcanzan pr\u00e1cticamente todo. Las empresas y las instituciones las tienen, la radio las tiene y de un tiempo a esta parte, tambi\u00e9n la polic\u00eda. Detr\u00e1s de ellas hay un agente que adapta los mensajes del orden a los nuevos lenguajes y c\u00f3digos de internet.<\/p>   <p><a href=\"https:\/\/cadenaser.com\/tag\/benidorm\/a\/\" target=\"_blank\" rel=\"noopener\">El primer community manager de la Polic\u00eda Local de Benidorm, en el cargo desde hace a\u00f1o y medio, prefiere no desvelar su identidad<\/a> porque \u00abuna de las premisas es no personalizar la acci\u00f3n de comunicaci\u00f3n\u00bb.<\/p>   <p>No obstante, este lunes ha compartido en <a href=\"https:\/\/cadenaser.com\/tag\/comarca_la_marina_baixa\/a\/\" target=\"_blank\" rel=\"noopener\">La Ventana de la Marina Baixa<\/a> algunos detalles de c\u00f3mo es esta responsabilidad: \u00abCon el inter\u00e9s y la carencia que he visto en las polic\u00edas locales sobre todo por mantener una buena reputaci\u00f3n institucional decidimos dar el salto y poner en marcha un proyecto de comunicaci\u00f3n que integra tambi\u00e9n las redes sociales\u00bb.<\/p>  <p><p>M\u00e1s informaci\u00f3n<\/p><figure><img loading=\"lazy\" decoding=\"async\" src=\"https:\/\/cadenaser.com\/resizer\/v2\/BC7ZRZK62JAOBA2AYG6PGSU5IM.jpg?auth=7dcccdf8c68cc53956e793f50c420bb1db822a90d8e224ac3f46a642e02a0aad&amp;quality=70&amp;width=360&amp;height=202&amp;smart=true\" width=\"820\" height=\"621\" \/><\/figure><ul><li><a href=\"https:\/\/cadenaser.com\/comunitat-valenciana\/2024\/05\/27\/un-detenido-tras-el-registro-en-benidorm-de-dos-clubes-cannabicos-sin-licencia-radio-benidorm\/\"><span>Un detenido tras el registro en Benidorm de dos clubes cann\u00e1bicos sin licencia<\/span><\/a><\/li><\/ul><\/p>   <p>\u00abCualquier exposici\u00f3n tiene un riesgo\u00bb, contin\u00faa, \u00abpero forma parte del servicio p\u00fablico que prestamos\u00bb. \u00abNo hay que perder la espontaneidad, esa primera chispa que enciende un comentario, un tweet o un post es la buena\u00bb, asegura, aunque hay que extremar el cuidado en las formas.<\/p>   <p>Hasta su llegada, las tres redes de la Polic\u00eda Local de Benidorm (<a href=\"https:\/\/www.facebook.com\/policialocalbenidorm\" rel=\"nofollow noopener\" target=\"_blank\">Facebook<\/a>, <a href=\"https:\/\/x.com\/POLICIALOCAL?ref_src=twsrc%5Egoogle%7Ctwcamp%5Eserp%7Ctwgr%5Eauthor\" rel=\"nofollow noopener\" target=\"_blank\">X -antes Twitter-<\/a> e <a href=\"https:\/\/www.instagram.com\/policialocalbenidorm\/\" rel=\"nofollow noopener\" target=\"_blank\">Instagram<\/a>) manten\u00edan perfiles m\u00e1s institucionales y de comunicaci\u00f3n de algunas iniciativas sociales; ahora, sin embargo, se est\u00e1 \u00abbuscando el efecto de la llamada, una comunicaci\u00f3n m\u00e1s directa con el ciudadano\u00bb.<\/p>   <p>     .c-w{         max-width:444px;         width:100%;         margin:16px auto;      background:#00755E;         border-radius:4px;         display:flex;         align-items:center;         justify-content:center;     }     .c-w a{         display:flex;         align-items:center;         justify-content:center;         padding:4px 24px;     }     .c-w img{         width:24px;         margin-right:12px;     }     .c-w p{         font:18px\/25px Poppins;         text-align:center;         color:#fff;         margin:0;     }     @media (max-width:444px){         .c-w a{             padding:4px 12px;         }         .c-w img{             width:24px;             margin-right:8px;         }         .c-w p{             font:14px\/25px Poppins;         }     }     @media (max-width:335px){         .c-w p{             font:13px\/25px Poppins;         }     }  <div class=\"c-w\">     <a href=\"https:\/\/www.whatsapp.com\/channel\/0029Va633PF9WtC4l7XUzh1e\" target=\"_blank\" rel=\"noopener\">         <img decoding=\"async\" src=\"https:\/\/cadenaser.com\/estaticos\/recursosgraficos\/responsive\/img\/ico-whatsapp.svg\" alt=\"Whatsapp\">         <p>\u00danete al <b>canal de WhatsApp<\/b> de la SER<\/p>     <\/a> <\/div><\/p>   <p>El coche aparcado en mitad de la playa de Poniente, un \u00abenganche con el ciudadano\u00bb<\/p>   <p><div class=\"oembed instagram\"><blockquote class=\"instagram-media\" data-instgrm-captioned data-instgrm-permalink=\"https:\/\/www.instagram.com\/p\/C63VtUAo94n\/?utm_source=ig_embed&amp;utm_campaign=loading\" data-instgrm-version=\"14\" style=\"background:#FFF;border:0;border-radius:3px;margin: 1px;max-width:658px;min-width:326px;padding:0;width:99.375%;width:-webkit-calc(100% - 2px);width:calc(100% - 2px)\"><div style=\"padding:16px\"> <a href=\"https:\/\/www.instagram.com\/p\/C63VtUAo94n\/?utm_source=ig_embed&amp;utm_campaign=loading\" style=\"background:#FFFFFF;line-height:0;padding:0 0;text-align:center;text-decoration:none;width:100%\" target=\"_blank\" rel=\"noopener\"> <div style=\"flex-direction: row;align-items: center\"> <div style=\"background-color: #F4F4F4;border-radius: 50%;flex-grow: 0;height: 40px;margin-right: 14px;width: 40px\"><\/div> <div style=\"flex-direction: column;flex-grow: 1;justify-content: center\"> <div style=\"background-color: #F4F4F4;border-radius: 4px;flex-grow: 0;height: 14px;margin-bottom: 6px;width: 100px\"><\/div> <div style=\"background-color: #F4F4F4;border-radius: 4px;flex-grow: 0;height: 14px;width: 60px\"><\/div><\/div><\/div><div style=\"padding: 19% 0\"><\/div> <div style=\"height:50px;margin:0 auto 12px;width:50px\"><\/div><div style=\"padding-top: 8px\"> <div style=\"color:#3897f0;font-family:Arial,sans-serif;font-size:14px;font-style:normal;font-weight:550;line-height:18px\">View this post on Instagram<\/div><\/div><div style=\"padding: 12.5% 0\"><\/div> <div style=\"flex-direction: row;margin-bottom: 14px;align-items: center\"><div> <div style=\"background-color: #F4F4F4;border-radius: 50%;height: 12.5px;width: 12.5px\"><\/div> <div style=\"background-color: #F4F4F4;height: 12.5px;width: 12.5px;flex-grow: 0;margin-right: 14px;margin-left: 2px\"><\/div> <div style=\"background-color: #F4F4F4;border-radius: 50%;height: 12.5px;width: 12.5px\"><\/div><\/div><div style=\"margin-left: 8px\"> <div style=\"background-color: #F4F4F4;border-radius: 50%;flex-grow: 0;height: 20px;width: 20px\"><\/div> <div style=\"width: 0;height: 0;border-top: 2px solid transparent;border-left: 6px solid #f4f4f4;border-bottom: 2px solid transparent\"><\/div><\/div><div style=\"margin-left: auto\"> <div style=\"width: 0px;border-top: 8px solid #F4F4F4;border-right: 8px solid transparent\"><\/div> <div style=\"background-color: #F4F4F4;flex-grow: 0;height: 12px;width: 16px\"><\/div> <div style=\"width: 0;height: 0;border-top: 8px solid #F4F4F4;border-left: 8px solid transparent\"><\/div><\/div><\/div> <div style=\"flex-direction: column;flex-grow: 1;justify-content: center;margin-bottom: 24px\"> <div style=\"background-color: #F4F4F4;border-radius: 4px;flex-grow: 0;height: 14px;margin-bottom: 6px;width: 224px\"><\/div> <div style=\"background-color: #F4F4F4;border-radius: 4px;flex-grow: 0;height: 14px;width: 144px\"><\/div><\/div><\/a><p style=\"color:#c9c8cd;font-family:Arial,sans-serif;font-size:14px;line-height:17px;margin-bottom:0;margin-top:8px;overflow:hidden;padding:8px 0 7px;text-align:center\"><a href=\"https:\/\/www.instagram.com\/p\/C63VtUAo94n\/?utm_source=ig_embed&amp;utm_campaign=loading\" style=\"color:#c9c8cd;font-family:Arial,sans-serif;font-size:14px;font-style:normal;font-weight:normal;line-height:17px;text-decoration:none\" target=\"_blank\" rel=\"noopener\">A post shared by Policia Local Benidorm (@policialocalbenidorm)<\/a><\/p><\/div><\/blockquote> <\/div><\/p>   <p>\u00abEl coche que se localiz\u00f3 el 12 de mayo en la playa nos ha servido como percha y enganche para transmitir al ciudadano que estamos siempre ah\u00ed, que son las ocho de la ma\u00f1ana del domingo y estamos trabajando, adem\u00e1s de promocionar los aparcamientos gratuitos, que en otro momento nos hubiera sido muy dif\u00edcil de encajar\u00bb, ha recordado.<\/p> ","protected":false},"excerpt":{"rendered":"<p>\u00abDelante del ordenador yo juego con la ventaja de que no corro ning\u00fan peligro\u00bb<\/p>\n","protected":false},"author":0,"featured_media":6142,"comment_status":"open","ping_status":"open","sticky":false,"template":"","format":"standard","meta":{"_acf_changed":false,"footnotes":""},"categories":[1],"tags":[],"class_list":["post-6141","post","type-post","status-publish","format-standard","has-post-thumbnail","hentry","category-sin-categoria"],"acf":{"ser_id":"DETVI2INZVCTBIYK75WGWXTO5M","ser_url":"https:\/\/cadenaser.com\/comunitat-valenciana\/2024\/05\/27\/asi-trabaja-el-community-manager-de-la-policia-local-de-benidorm-radio-benidorm\/"},"_links":{"self":[{"href":"https:\/\/serbenidorm.daliisolutions.com\/index.php\/wp-json\/wp\/v2\/posts\/6141","targetHints":{"allow":["GET"]}}],"collection":[{"href":"https:\/\/serbenidorm.daliisolutions.com\/index.php\/wp-json\/wp\/v2\/posts"}],"about":[{"href":"https:\/\/serbenidorm.daliisolutions.com\/index.php\/wp-json\/wp\/v2\/types\/post"}],"replies":[{"embeddable":true,"href":"https:\/\/serbenidorm.daliisolutions.com\/index.php\/wp-json\/wp\/v2\/comments?post=6141"}],"version-history":[{"count":0,"href":"https:\/\/serbenidorm.daliisolutions.com\/index.php\/wp-json\/wp\/v2\/posts\/6141\/revisions"}],"wp:featuredmedia":[{"embeddable":true,"href":"https:\/\/serbenidorm.daliisolutions.com\/index.php\/wp-json\/wp\/v2\/media\/6142"}],"wp:attachment":[{"href":"https:\/\/serbenidorm.daliisolutions.com\/index.php\/wp-json\/wp\/v2\/media?parent=6141"}],"wp:term":[{"taxonomy":"category","embeddable":true,"href":"https:\/\/serbenidorm.daliisolutions.com\/index.php\/wp-json\/wp\/v2\/categories?post=6141"},{"taxonomy":"post_tag","embeddable":true,"href":"https:\/\/serbenidorm.daliisolutions.com\/index.php\/wp-json\/wp\/v2\/tags?post=6141"}],"curies":[{"name":"wp","href":"https:\/\/api.w.org\/{rel}","templated":true}]}}