{"id":6143,"date":"2024-06-15T09:07:33","date_gmt":"2024-06-15T07:07:33","guid":{"rendered":"https:\/\/serbenidorm.daliisolutions.com\/index.php\/2024\/06\/15\/toni-perez-la-licitacion-del-ies-pere-maria-cicatriza-una-herida-educativa-en-benidorm\/"},"modified":"2024-06-15T09:07:33","modified_gmt":"2024-06-15T07:07:33","slug":"toni-perez-la-licitacion-del-ies-pere-maria-cicatriza-una-herida-educativa-en-benidorm","status":"publish","type":"post","link":"https:\/\/serbenidorm.daliisolutions.com\/index.php\/2024\/06\/15\/toni-perez-la-licitacion-del-ies-pere-maria-cicatriza-una-herida-educativa-en-benidorm\/","title":{"rendered":"Toni P\u00e9rez: \u201cLa licitaci\u00f3n del IES Pere Mar\u00eda cicatriza una herida educativa en Benidorm\u201d"},"content":{"rendered":"  <p>El alcalde de Benidorm, Toni P\u00e9rez, ha considerado hoy una \u201cextraordinaria noticia, muy esperada y feliz para la comunidad educativa y para todo Benidorm\u201d la publicaci\u00f3n ayer de la obra de renovaci\u00f3n del IES Pere Mar\u00eda Orts i Bosch en la plataforma de contrataci\u00f3n  de la Generalitat Valenciana.<\/p>   <p>P\u00e9rez afirma que la licitaci\u00f3n de esta obra \u201cnos permitir\u00e1 tener un IES Pere Mar\u00eda actualizado al servicio de la educaci\u00f3n p\u00fablica de Benidorm\u201d y  ha confiado en que \u201cel proceso administrativo que se abr\u00eda ayer finalice con \u00e9xito y avancen las obras en los plazos comprometidos para que el instituto est\u00e9 listo en el tiempo estipulado\u201d.<\/p>   <p><a href=\"https:\/\/cadenaser.com\/tag\/benidorm\/a\/\" target=\"_blank\" rel=\"noopener\">Se trata de una obra que ronda los 14,4 millones de euros y que vendr\u00e1 a sustituir el viejo edificio del instituto, ahora cerrado y en desuso, por una nueva edificaci\u00f3n que, con todas las garant\u00edas de seguridad,  ponga fin a los barracones en los que han cursado sus estudios de secundaria varias generaciones de alumnos. La inversi\u00f3n se repartir\u00e1 en tres ejercicios.<\/a><\/p>   <p>Las empresas que quieran optar a la adjudicaci\u00f3n tienen hasta el 12 de julio para presentar sus ofertas. El proyecto contempla la demolici\u00f3n  del viejo edificio que data de la d\u00e9cada de los 70 del siglo pasado y la construcci\u00f3n de un nuevo y moderno inmueble. Seg\u00fan el plazo de ejecuci\u00f3n previsto para las obras, 18 meses tras la adjudicaci\u00f3n y colocaci\u00f3n de la primera piedra, el centro podr\u00eda estar listo para que los primeros alumnos lo estrenen en el curso 2026-2027.<\/p>   <p>Una obra que P\u00e9rez considera que viene \u201ca cicatrizar esa herida lacerante que ten\u00edamos en el \u00e1mbito educativo\u201d.<\/p>   <p>     .c-w{         max-width:444px;         width:100%;         margin:16px auto;      background:#00755E;         border-radius:4px;         display:flex;         align-items:center;         justify-content:center;     }     .c-w a{         display:flex;         align-items:center;         justify-content:center;         padding:4px 24px;     }     .c-w img{         width:24px;         margin-right:12px;     }     .c-w p{         font:18px\/25px Poppins;         text-align:center;         color:#fff;         margin:0;     }     @media (max-width:444px){         .c-w a{             padding:4px 12px;         }         .c-w img{             width:24px;             margin-right:8px;         }         .c-w p{             font:14px\/25px Poppins;         }     }     @media (max-width:335px){         .c-w p{             font:13px\/25px Poppins;         }     }  <div class=\"c-w\">     <a href=\"https:\/\/www.whatsapp.com\/channel\/0029Va633PF9WtC4l7XUzh1e\" target=\"_blank\" rel=\"noopener\">         <img decoding=\"async\" src=\"https:\/\/cadenaser.com\/estaticos\/recursosgraficos\/responsive\/img\/ico-whatsapp.svg\" alt=\"Whatsapp\">         <p>\u00danete al <b>canal de WhatsApp<\/b> de la SER<\/p>     <\/a> <\/div><\/p> ","protected":false},"excerpt":{"rendered":"<p>La conselleria de Educaci\u00f3n saca a licitaci\u00f3n el proyecto, con un plazo de ejecuci\u00f3n de 18 meses, por 14,4 millones de euros<\/p>\n","protected":false},"author":0,"featured_media":6144,"comment_status":"open","ping_status":"open","sticky":false,"template":"","format":"standard","meta":{"_acf_changed":false,"footnotes":""},"categories":[1],"tags":[],"class_list":["post-6143","post","type-post","status-publish","format-standard","has-post-thumbnail","hentry","category-sin-categoria"],"acf":{"ser_id":"WSAYFFUHGJGB7HYWH5I7NQJXOE","ser_url":"https:\/\/cadenaser.com\/comunitat-valenciana\/2024\/06\/14\/toni-perez-la-licitacion-del-ies-pere-maria-cicatriza-una-herida-educativa-en-benidorm-radio-benidorm\/"},"_links":{"self":[{"href":"https:\/\/serbenidorm.daliisolutions.com\/index.php\/wp-json\/wp\/v2\/posts\/6143","targetHints":{"allow":["GET"]}}],"collection":[{"href":"https:\/\/serbenidorm.daliisolutions.com\/index.php\/wp-json\/wp\/v2\/posts"}],"about":[{"href":"https:\/\/serbenidorm.daliisolutions.com\/index.php\/wp-json\/wp\/v2\/types\/post"}],"replies":[{"embeddable":true,"href":"https:\/\/serbenidorm.daliisolutions.com\/index.php\/wp-json\/wp\/v2\/comments?post=6143"}],"version-history":[{"count":0,"href":"https:\/\/serbenidorm.daliisolutions.com\/index.php\/wp-json\/wp\/v2\/posts\/6143\/revisions"}],"wp:featuredmedia":[{"embeddable":true,"href":"https:\/\/serbenidorm.daliisolutions.com\/index.php\/wp-json\/wp\/v2\/media\/6144"}],"wp:attachment":[{"href":"https:\/\/serbenidorm.daliisolutions.com\/index.php\/wp-json\/wp\/v2\/media?parent=6143"}],"wp:term":[{"taxonomy":"category","embeddable":true,"href":"https:\/\/serbenidorm.daliisolutions.com\/index.php\/wp-json\/wp\/v2\/categories?post=6143"},{"taxonomy":"post_tag","embeddable":true,"href":"https:\/\/serbenidorm.daliisolutions.com\/index.php\/wp-json\/wp\/v2\/tags?post=6143"}],"curies":[{"name":"wp","href":"https:\/\/api.w.org\/{rel}","templated":true}]}}