{"id":6145,"date":"2024-06-15T09:07:34","date_gmt":"2024-06-15T07:07:34","guid":{"rendered":"https:\/\/serbenidorm.daliisolutions.com\/index.php\/2024\/06\/15\/la-festa-del-roser-de-benidorm-calienta-motores-este-sabado-en-la-ermita-de-sanc\/"},"modified":"2024-06-15T09:07:34","modified_gmt":"2024-06-15T07:07:34","slug":"la-festa-del-roser-de-benidorm-calienta-motores-este-sabado-en-la-ermita-de-sanc","status":"publish","type":"post","link":"https:\/\/serbenidorm.daliisolutions.com\/index.php\/2024\/06\/15\/la-festa-del-roser-de-benidorm-calienta-motores-este-sabado-en-la-ermita-de-sanc\/","title":{"rendered":"La festa del Roser de Benidorm calienta motores este s\u00e1bado en la Ermita de San\u00e7"},"content":{"rendered":"  <p>La Comissi\u00f3 de Festes del Roser ha organizado un \u2018tardeo\u2019 para este s\u00e1bado en la Ermita de San\u00e7. Las \u2018fadrines\u2019 de esta comisi\u00f3n, que preside Eva Mar\u00eda Garc\u00eda, han presentado este evento en <a href=\"https:\/\/cadenaser.com\/tag\/comarca_la_marina_baixa\/a\/\" target=\"_blank\" rel=\"noopener\">La Ventana de la Marina Baixa<\/a> destacando que se sus esfuerzos siguen centrados en conservar esta tradicional celebraci\u00f3n que tiene su culmen en octubre.<\/p>   <p>Las festeras han incluido en la programaci\u00f3n un concierto a partir de las 19:30 horas con el grupo <a href=\"https:\/\/cadenaser.com\/tag\/benidorm\/a\/\" target=\"_blank\" rel=\"noopener\">\u2018Seis pechugas y un pavo\u2019<\/a> que combinar\u00e1 cl\u00e1sicos de todos los tiempos con m\u00fasica actual as\u00ed como una sesi\u00f3n del Dj Carlos Devesa entre las 10 de la noche y las 2 de la madrugada.<\/p>   <p>Este primer &#8216;tardeo&#8217; para recaudar fondos dispondr\u00e1 de una barra con comida y bebida a precios populares y se ofrece la opci\u00f3n de dar un donativo de 10 euros que incluir\u00e1 un montadito y una bebida.<\/p> ","protected":false},"excerpt":{"rendered":"<p>El evento empieza a las seis de la tarde e incluye un concierto y m\u00fasica de Dj<\/p>\n","protected":false},"author":0,"featured_media":6146,"comment_status":"open","ping_status":"open","sticky":false,"template":"","format":"standard","meta":{"_acf_changed":false,"footnotes":""},"categories":[1],"tags":[],"class_list":["post-6145","post","type-post","status-publish","format-standard","has-post-thumbnail","hentry","category-sin-categoria"],"acf":{"ser_id":"CMANN3RCLZHY5PCI4QPD7VD2RY","ser_url":"https:\/\/cadenaser.com\/comunitat-valenciana\/2024\/06\/14\/la-festa-del-roser-de-benidorm-calienta-motores-este-sabado-en-la-ermita-de-sanc-radio-benidorm\/"},"_links":{"self":[{"href":"https:\/\/serbenidorm.daliisolutions.com\/index.php\/wp-json\/wp\/v2\/posts\/6145","targetHints":{"allow":["GET"]}}],"collection":[{"href":"https:\/\/serbenidorm.daliisolutions.com\/index.php\/wp-json\/wp\/v2\/posts"}],"about":[{"href":"https:\/\/serbenidorm.daliisolutions.com\/index.php\/wp-json\/wp\/v2\/types\/post"}],"replies":[{"embeddable":true,"href":"https:\/\/serbenidorm.daliisolutions.com\/index.php\/wp-json\/wp\/v2\/comments?post=6145"}],"version-history":[{"count":0,"href":"https:\/\/serbenidorm.daliisolutions.com\/index.php\/wp-json\/wp\/v2\/posts\/6145\/revisions"}],"wp:featuredmedia":[{"embeddable":true,"href":"https:\/\/serbenidorm.daliisolutions.com\/index.php\/wp-json\/wp\/v2\/media\/6146"}],"wp:attachment":[{"href":"https:\/\/serbenidorm.daliisolutions.com\/index.php\/wp-json\/wp\/v2\/media?parent=6145"}],"wp:term":[{"taxonomy":"category","embeddable":true,"href":"https:\/\/serbenidorm.daliisolutions.com\/index.php\/wp-json\/wp\/v2\/categories?post=6145"},{"taxonomy":"post_tag","embeddable":true,"href":"https:\/\/serbenidorm.daliisolutions.com\/index.php\/wp-json\/wp\/v2\/tags?post=6145"}],"curies":[{"name":"wp","href":"https:\/\/api.w.org\/{rel}","templated":true}]}}