{"id":619,"date":"2023-12-14T14:49:50","date_gmt":"2023-12-14T13:49:50","guid":{"rendered":"https:\/\/serbenidorm.daliisolutions.com\/index.php\/2023\/12\/14\/asi-suenan-las-16-canciones-del-benidorm-fest-2024-una-de-ellas-nos-representara-en-eurovision-el-ano-que-viene\/"},"modified":"2023-12-14T14:49:50","modified_gmt":"2023-12-14T13:49:50","slug":"asi-suenan-las-16-canciones-del-benidorm-fest-2024-una-de-ellas-nos-representara-en-eurovision-el-ano-que-viene","status":"publish","type":"post","link":"https:\/\/serbenidorm.daliisolutions.com\/index.php\/2023\/12\/14\/asi-suenan-las-16-canciones-del-benidorm-fest-2024-una-de-ellas-nos-representara-en-eurovision-el-ano-que-viene\/","title":{"rendered":"As\u00ed suenan las 16 canciones del Benidorm Fest 2024: una de ellas nos representar\u00e1 en Eurovisi\u00f3n el a\u00f1o que viene"},"content":{"rendered":"  <p>Madrid<\/p>   <p>Televisi\u00f3n Espa\u00f1ola (TVE) ha presentado este jueves las 16 canciones que participar\u00e1n en el Benidorm Fest 2024. Apenas unas semanas despu\u00e9s de dar a conocer la lista de distintos candidatos y candidatas que competir\u00e1n por la victoria final, en la que encontramos nombres reconocidos como los de Miss Caffeina, Mar\u00eda Pelae o Angy Fern\u00e1ndez junto a otros no tan populares que aspiran a dar la gran sorpresa, los organizaciones han compartido los temas que defender\u00e1 cada uno de ellos de cara al festival que se celebrar\u00e1 entre el 30 de enero y el 2 de febrero.<\/p>   <p><p>M\u00e1s informaci\u00f3n<\/p><ul><li><a href=\"https:\/\/cadenaser.com\/nacional\/2023\/12\/09\/el-benidorm-fest-anuncia-acciones-legales-por-la-filtracion-de-las-canciones-del-festival-cadena-ser\/\">Se filtran las canciones de algunos concursantes del Benidorm Fest y RTVE toma esta dr\u00e1stica decisi\u00f3n<\/a><\/li><li><a href=\"https:\/\/cadenaser.com\/nacional\/2023\/11\/11\/rtve-anuncia-hoy-los-16-concursantes-confirmados-para-el-benidorm-fest-2024-que-optaran-a-ir-a-eurovision-cadena-ser\/\">Estos son los 16 participantes en el Benidorm Fest 2024: consulta la lista completa de concursantes<\/a><\/li><\/ul><\/p>   <p>Un a\u00f1o m\u00e1s, Televisi\u00f3n Espa\u00f1ola ha seleccionado una amplia variedad de estilos musicales con el objetivo de que representar a todos los g\u00e9neros que se producen en nuestro pa\u00eds. Desde el pop de Miss Caffeina hasta los ritmos urbanos de Almacor o el flamenco de Mar\u00eda Pelae, una de las grandes revelaciones de este 2023 que est\u00e1 a punto de llegar a su fin. A lo largo de la rueda de prensa que se ha celebrado este jueves en Madrid, la organizaci\u00f3n del concurso ha descubierto las distintas propuestas junto a los interpretes que hay detr\u00e1s de los mismos.<\/p>   <p><\/p>   <p><\/p>   <p>Miss Caffeina &#8211; Bla Bla Bla<\/p>   <p>En primer lugar la de Miss Caffeina, en la que hablan sobre el mundo hiperconectado en el que vivimos al ritmo de <i>Bla Bla Bla<\/i>. Despu\u00e9s de saltar a la fama con el \u00e1lbum Detroit, publicado en 2016, el grupo madrile\u00f1o se ha ido haciendo un hueco en el panorama art\u00edstico espa\u00f1ol hasta convertirse en uno de los m\u00e1s aclamados del circuito musical.<\/p>   <p><div><div><blockquote class=\"twitter-tweet\"><p lang=\"es\" dir=\"ltr\">\u00abTe miro y solo escucho Bla Bla Bla Bla\u00bb\ud83d\udde3\ufe0f<br><br>As\u00ed suena \u201cBla Bla Bla\u201d de Miss Caffeina (<a href=\"https:\/\/twitter.com\/misscaffeina?ref_src=twsrc%5Etfw\">@misscaffeina<\/a>), la canci\u00f3n con la que se presenta al <a href=\"https:\/\/twitter.com\/hashtag\/BenidormFest2024?src=hash&amp;ref_src=twsrc%5Etfw\">#BenidormFest2024<\/a><br> <br> \u00a1Esc\u00fachala completa! \ud83d\udc49 <a href=\"https:\/\/t.co\/J62e9L0don\">https:\/\/t.co\/J62e9L0don<\/a> <br> <br> <a href=\"https:\/\/twitter.com\/hashtag\/ElFestivalQueQuieres?src=hash&amp;ref_src=twsrc%5Etfw\">#ElFestivalQueQuieres<\/a> |<a href=\"https:\/\/twitter.com\/hashtag\/BenidormFest?src=hash&amp;ref_src=twsrc%5Etfw\">#BenidormFest<\/a> <a href=\"https:\/\/t.co\/tmOvtZczTh\">pic.twitter.com\/tmOvtZczTh<\/a><\/p>\u2014 Benidorm Fest (@BenidormFestTVE) <a href=\"https:\/\/twitter.com\/BenidormFestTVE\/status\/1735251340173992164?ref_src=twsrc%5Etfw\">December 14, 2023<\/a><\/blockquote>   <\/div><\/div><\/p>   <p>Yoly Saa &#8211; No se me olvida<\/p>   <p>La segunda candidata que se ha enfrentado a los micr\u00f3fonos de RTVE ha sido Yoly Saa, quien ha reconocido que <i>No se me olvida <\/i>es la mejor canci\u00f3n que ha hecho hasta la fecha. Despu\u00e9s de conquistar al p\u00fablico hace apenas un a\u00f1o en <i>D\u00faos Incre\u00edbles<\/i>, programa en el que termin\u00f3 en tercera posici\u00f3n junto a Sole Gim\u00e9nez, la cantautora gallega llega el Benidorm Fest con el objetivo de hacer historia.<\/p>   <p><div><div><blockquote class=\"twitter-tweet\"><p lang=\"es\" dir=\"ltr\">\u00abQue me hiciste llorar un mar,\u00a0a m\u00ed no se me olvida\u00bb\u2764\ufe0f\u200d\ud83e\ude79<br><br>As\u00ed suena \u201cNo Se Me Olvida\u201d de Yoly Saa (<a href=\"https:\/\/twitter.com\/YolySaaFi?ref_src=twsrc%5Etfw\">@YolySaaFi<\/a>), la canci\u00f3n con la que se presenta al <a href=\"https:\/\/twitter.com\/hashtag\/BenidormFest2024?src=hash&amp;ref_src=twsrc%5Etfw\">#BenidormFest2024<\/a><br><br> \u00a1Esc\u00fachala completa! \ud83d\udc49 <a href=\"https:\/\/t.co\/g5CPK66qJu\">https:\/\/t.co\/g5CPK66qJu<\/a><br><br> <a href=\"https:\/\/twitter.com\/hashtag\/ElFestivalQueQuieres?src=hash&amp;ref_src=twsrc%5Etfw\">#ElFestivalQueQuieres<\/a> |<a href=\"https:\/\/twitter.com\/hashtag\/BenidormFest?src=hash&amp;ref_src=twsrc%5Etfw\">#BenidormFest<\/a> <a href=\"https:\/\/t.co\/UDf7H6VoRg\">pic.twitter.com\/UDf7H6VoRg<\/a><\/p>\u2014 Benidorm Fest (@BenidormFestTVE) <a href=\"https:\/\/twitter.com\/BenidormFestTVE\/status\/1735253371714474027?ref_src=twsrc%5Etfw\">December 14, 2023<\/a><\/blockquote>   <\/div><\/div><\/p>   <p>Alm\u00e1cor &#8211; Brillos platino<\/p>   <p>A continuaci\u00f3n ha llegado el turno de Alm\u00e1cor, quien tratar\u00e1 de llevarse la victoria final en el Benidorm Fest con <i>Brillos platino<\/i>. Apenas unos meses despu\u00e9s de ser nominado a mejor artista revelaci\u00f3n urbano en <i>Los 40 Music Awards<\/i>, el alicantino tratar\u00e1 de seguir haciendo historia en el \u00e1mbito musical con un tema, de corte urbano, que trata de romper con lo que hemos visto hasta la fecha tanto en el Benidorm Fest como en Eurovisi\u00f3n.<\/p>   <p><div><div><blockquote class=\"twitter-tweet\"><p lang=\"es\" dir=\"ltr\">\u00abBrillos Platino, Brillos Platino, a juego tu vestido\u00bb \u2728<br><br>As\u00ed suena \u201cBrillos Platino\u201d de Alm\u00e1cor (<a href=\"https:\/\/twitter.com\/almacor_?ref_src=twsrc%5Etfw\">@almacor_<\/a>), la canci\u00f3n con la que se presenta al <a href=\"https:\/\/twitter.com\/hashtag\/BenidormFest2024?src=hash&amp;ref_src=twsrc%5Etfw\">#BenidormFest2024<\/a><br><br>\u00a1Esc\u00fachala completa! \ud83d\udc49<a href=\"https:\/\/t.co\/VPbszztkuK\">https:\/\/t.co\/VPbszztkuK<\/a><a href=\"https:\/\/twitter.com\/hashtag\/ElFestivalQueQuieres?src=hash&amp;ref_src=twsrc%5Etfw\">#ElFestivalQueQuieres<\/a> |<a href=\"https:\/\/twitter.com\/hashtag\/BenidormFest?src=hash&amp;ref_src=twsrc%5Etfw\">#BenidormFest<\/a> <a href=\"https:\/\/t.co\/I7wJF1XDoW\">pic.twitter.com\/I7wJF1XDoW<\/a><\/p>\u2014 Benidorm Fest (@BenidormFestTVE) <a href=\"https:\/\/twitter.com\/BenidormFestTVE\/status\/1735254886063771975?ref_src=twsrc%5Etfw\">December 14, 2023<\/a><\/blockquote>   <\/div><\/div><\/p>   <p>Angy Fern\u00e1ndez &#8211; S\u00e9 qui\u00e9n soy<\/p>   <p>Angy Fern\u00e1ndez quiere demostrar qui\u00e9n es en el <i>Benidorm Fest<\/i> con una canci\u00f3n muy \u00edntima en la que explica c\u00f3mo es realmente a ritmo de pop\/rock. En su canci\u00f3n,<i> S\u00e9 qui\u00e9n soy<\/i>, la artista se ha abierto en canal para contar su historia y explicarle a la audiencia que est\u00e1 en un momento clave de su carrera. Despu\u00e9s de varios a\u00f1os sonando para representar a Espa\u00f1a en Eurovisi\u00f3n, la tambi\u00e9n actriz ser\u00e1 una de las grandes bazas del festival.<\/p>   <p><div><div><blockquote class=\"twitter-tweet\"><p lang=\"es\" dir=\"ltr\">\u00abVencer\u00e9 a los miedos con el coraz\u00f3n\u00bb \ud83d\udc9c<br><br>As\u00ed suena \u201cS\u00e9 Qui\u00e9n Soy\u201d de Angy Fern\u00e1ndez (<a href=\"https:\/\/twitter.com\/AngyFdz?ref_src=twsrc%5Etfw\">@AngyFdz<\/a>), la canci\u00f3n con la que se presenta al <a href=\"https:\/\/twitter.com\/hashtag\/BenidormFest2024?src=hash&amp;ref_src=twsrc%5Etfw\">#BenidormFest2024<\/a><br><br>\u00a1Esc\u00fachala completa! \ud83d\udc49<a href=\"https:\/\/t.co\/9KpikS0qdQ\">https:\/\/t.co\/9KpikS0qdQ<\/a><a href=\"https:\/\/twitter.com\/hashtag\/ElFestivalQueQuieres?src=hash&amp;ref_src=twsrc%5Etfw\">#ElFestivalQueQuieres<\/a> |<a href=\"https:\/\/twitter.com\/hashtag\/BenidormFest?src=hash&amp;ref_src=twsrc%5Etfw\">#BenidormFest<\/a> <a href=\"https:\/\/t.co\/f3EmYL8VQF\">pic.twitter.com\/f3EmYL8VQF<\/a><\/p>\u2014 Benidorm Fest (@BenidormFestTVE) <a href=\"https:\/\/twitter.com\/BenidormFestTVE\/status\/1735255807229309012?ref_src=twsrc%5Etfw\">December 14, 2023<\/a><\/blockquote>   <\/div><\/div><\/p>   <p>Dellacruz &#8211; Beso en la ma\u00f1ana<\/p>   <p>Despu\u00e9s de componer canciones para artistas como Sergio Dalma, Famous, Dvicio o Twin Melody, el canario Dellacruz ha dado un paso adelante con un tema con el que quiere representar a Espa\u00f1a en Eurovisi\u00f3n. En esta ocasi\u00f3n, el artista llega al Benidorm Fest con una canci\u00f3n de corte pop urbano al que ha bautizado como <i>Beso en la ma\u00f1ana<\/i>. \u00bfConseguir\u00e1 cumplir su sue\u00f1o?<\/p>   <p><div><div><blockquote class=\"twitter-tweet\"><p lang=\"es\" dir=\"ltr\">\u00abQu\u00e9 rico ser\u00eda un beso en la ma\u00f1ana\u00bb\ud83d\udc8b<br><br>As\u00ed suena \u201cBeso En La Ma\u00f1ana\u201d de Dellacruz (<a href=\"https:\/\/twitter.com\/dellacruzmusic?ref_src=twsrc%5Etfw\">@dellacruzmusic<\/a>), la canci\u00f3n con la que se presenta al <a href=\"https:\/\/twitter.com\/hashtag\/BenidormFest2024?src=hash&amp;ref_src=twsrc%5Etfw\">#BenidormFest2024<\/a><br><br>\u00a1Esc\u00fachala completa! \ud83d\udc49<a href=\"https:\/\/t.co\/gK8X9wQd91\">https:\/\/t.co\/gK8X9wQd91<\/a><a href=\"https:\/\/twitter.com\/hashtag\/ElFestivalQueQuieres?src=hash&amp;ref_src=twsrc%5Etfw\">#ElFestivalQueQuieres<\/a> |<a href=\"https:\/\/twitter.com\/hashtag\/BenidormFest?src=hash&amp;ref_src=twsrc%5Etfw\">#BenidormFest<\/a> <a href=\"https:\/\/t.co\/8m2F9Xmzd0\">pic.twitter.com\/8m2F9Xmzd0<\/a><\/p>\u2014 Benidorm Fest (@BenidormFestTVE) <a href=\"https:\/\/twitter.com\/BenidormFestTVE\/status\/1735257433323311431?ref_src=twsrc%5Etfw\">December 14, 2023<\/a><\/blockquote>   <\/div><\/div><\/p>   <p>Jorge Gonz\u00e1lez &#8211; Caliente<\/p>   <p>Jorge Gonz\u00e1lez sabe de sobra qu\u00e9 es eso de enfrentarse a un festival de estas caracter\u00edsticas. Tras su paso por Operaci\u00f3n Triunfo, donde se dio a conocer, el artista andaluz ha participado en eventos como el <i>Festival Internacional de la Canci\u00f3n de Vi\u00f1a del Mar de Chile, el Cerbul de Aur<\/i> de Ruman\u00eda y el <i>New Wave<\/i> de Rusia, donde qued\u00f3 en tercera posici\u00f3n. En esta ocasi\u00f3n, Gonz\u00e1lez tratar\u00e1 de imponerse en el Benidorm Fest con <i>Caliente<\/i>.<\/p>   <p><div><div><blockquote class=\"twitter-tweet\"><p lang=\"es\" dir=\"ltr\">\u00abYo te traigo el fuego, caliente\u00bb \ud83d\udd25<br><br>As\u00ed suena \u201cCaliente\u201d de Jorge Gonz\u00e1lez (<a href=\"https:\/\/twitter.com\/_JorgeGonzalez_?ref_src=twsrc%5Etfw\">@_JorgeGonzalez_<\/a>), la canci\u00f3n con la que se presenta al <a href=\"https:\/\/twitter.com\/hashtag\/BenidormFest2024?src=hash&amp;ref_src=twsrc%5Etfw\">#BenidormFest2024<\/a><br><br> \u00a1Esc\u00fachala completa! \ud83d\udc49<a href=\"https:\/\/t.co\/MoNqHNMjin\">https:\/\/t.co\/MoNqHNMjin<\/a><br><br> <a href=\"https:\/\/twitter.com\/hashtag\/ElFestivalQueQuieres?src=hash&amp;ref_src=twsrc%5Etfw\">#ElFestivalQueQuieres<\/a> |<a href=\"https:\/\/twitter.com\/hashtag\/BenidormFest?src=hash&amp;ref_src=twsrc%5Etfw\">#BenidormFest<\/a> <a href=\"https:\/\/t.co\/3NVzjySd2z\">pic.twitter.com\/3NVzjySd2z<\/a><\/p>\u2014 Benidorm Fest (@BenidormFestTVE) <a href=\"https:\/\/twitter.com\/BenidormFestTVE\/status\/1735259394877673818?ref_src=twsrc%5Etfw\">December 14, 2023<\/a><\/blockquote>   <\/div><\/div><\/p>   <p>L\u00e9rica &#8211; Astronauta<\/p>   <p>El grupo compuesto por Juan Carlos Aranza y Tony Mateo tratar\u00e1 de dar el bombazo en el Benidorm Fest y representar a Espa\u00f1a en Eurovisi\u00f3n 2024. Para ello han creado Astronauta, un tema que combina sonidos electr\u00f3nicos con la esencia m\u00e1s pura de este d\u00fao que ha sido uno de los m\u00e1s destacados de este a\u00f1o. Por lo tanto, L\u00e9rica llega al certamen de Benidorm con el objetivo de alargar su sue\u00f1o y llegar lo m\u00e1s lejos posible.<\/p>   <p><div><div><blockquote class=\"twitter-tweet\"><p lang=\"es\" dir=\"ltr\">\u00abSin gravedad, flotando como astronauta\u00bb \ud83e\uddd1\u200d\ud83d\ude80<br><br>As\u00ed suena \u201cAstronauta\u201d de L\u00e9rica (<a href=\"https:\/\/twitter.com\/LericaMusic?ref_src=twsrc%5Etfw\">@LericaMusic<\/a>), la canci\u00f3n con la que se presenta al <a href=\"https:\/\/twitter.com\/hashtag\/BenidormFest2024?src=hash&amp;ref_src=twsrc%5Etfw\">#BenidormFest2024<\/a><br><br> \u00a1Esc\u00fachala completa! \ud83d\udc49<a href=\"https:\/\/t.co\/TdbDbwa5go\">https:\/\/t.co\/TdbDbwa5go<\/a><br><br> <a href=\"https:\/\/twitter.com\/hashtag\/ElFestivalQueQuieres?src=hash&amp;ref_src=twsrc%5Etfw\">#ElFestivalQueQuieres<\/a> |<a href=\"https:\/\/twitter.com\/hashtag\/BenidormFest?src=hash&amp;ref_src=twsrc%5Etfw\">#BenidormFest<\/a> <a href=\"https:\/\/t.co\/TYFDL2kMvY\">pic.twitter.com\/TYFDL2kMvY<\/a><\/p>\u2014 Benidorm Fest (@BenidormFestTVE) <a href=\"https:\/\/twitter.com\/BenidormFestTVE\/status\/1735260253631942657?ref_src=twsrc%5Etfw\">December 14, 2023<\/a><\/blockquote>   <\/div><\/div><\/p>   <p>Mantra &#8211; Me vas a ver<\/p>   <p>Despu\u00e9s de L\u00e9rica ha llegado el turno de Mantra. Un grupo de m\u00fasica, compuesto por Carlos Marco, Paula P\u00e9rez y Charly Weinberg, que llega al Benidorm Fest con el objetivo de transmitir su buenrollismo a la audiencia. De hecho, el nombre de su grupo se inspir\u00f3 en su deseo de que las canciones se convirtieran en un mantra para aquellas personas que escuchen sus temas, siempre brindando un efecto positivo y significativo en sus vidas.<\/p>   <p><div><div><blockquote class=\"twitter-tweet\"><p lang=\"es\" dir=\"ltr\">\u00abMe vas a ver quemar la noche, sin final\u00bb \ud83d\udc40<br><br>As\u00ed suena \u201cMe vas a ver\u201d de Mantra (<a href=\"https:\/\/twitter.com\/MANTRAes?ref_src=twsrc%5Etfw\">@MANTRAes<\/a>), la canci\u00f3n con la que se presenta al <a href=\"https:\/\/twitter.com\/hashtag\/BenidormFest2024?src=hash&amp;ref_src=twsrc%5Etfw\">#BenidormFest2024<\/a><br><br> \u00a1Esc\u00fachala completa! \ud83d\udc49 <a href=\"https:\/\/t.co\/WX5SKR0z3q\">https:\/\/t.co\/WX5SKR0z3q<\/a><br><br> <a href=\"https:\/\/twitter.com\/hashtag\/ElFestivalQueQuieres?src=hash&amp;ref_src=twsrc%5Etfw\">#ElFestivalQueQuieres<\/a> |<a href=\"https:\/\/twitter.com\/hashtag\/BenidormFest?src=hash&amp;ref_src=twsrc%5Etfw\">#BenidormFest<\/a> <a href=\"https:\/\/t.co\/kCvoQG97z1\">pic.twitter.com\/kCvoQG97z1<\/a><\/p>\u2014 Benidorm Fest (@BenidormFestTVE) <a href=\"https:\/\/twitter.com\/BenidormFestTVE\/status\/1735261830069555371?ref_src=twsrc%5Etfw\">December 14, 2023<\/a><\/blockquote>   <\/div><\/div><\/p>   <p>Mar\u00eda Pelae &#8211; Remitente<\/p>   <p>La malague\u00f1a Mar\u00eda Pelae llega el Benidorm Fest con el objetivo de seguir la senda marcada por Blanca Paloma. A pesar de que no quedara en una buena posici\u00f3n el a\u00f1o pasado, la actuaci\u00f3n de la ilicitana consigui\u00f3 dejar at\u00f3nita a toda Europa con un torrente de voz y con una actuaci\u00f3n \u00fanica. Ahora Mar\u00eda Pelae recoge su testigo y llega al festival de Benidorm con una canci\u00f3n de corte flamenco con la que quiere llevar el estilo musical hasta lo m\u00e1s alto.<\/p>   <p><div><div><blockquote class=\"twitter-tweet\"><p lang=\"es\" dir=\"ltr\">\u00abVolar contigo m\u00e1s all\u00e1 de lo prohibido\u00bb\ud83d\udc8c<br><br>As\u00ed suena \u201cRemitente\u201d de Mar\u00eda Pel\u00e1e (<a href=\"https:\/\/twitter.com\/MariaPelaeMusic?ref_src=twsrc%5Etfw\">@MariaPelaeMusic<\/a>), la canci\u00f3n con la que se presenta al <a href=\"https:\/\/twitter.com\/hashtag\/BenidormFest2024?src=hash&amp;ref_src=twsrc%5Etfw\">#BenidormFest2024<\/a><br><br> \u00a1Esc\u00fachala completa! \ud83d\udc49 <a href=\"https:\/\/t.co\/0FDsQDbHzB\">https:\/\/t.co\/0FDsQDbHzB<\/a><br><br> <a href=\"https:\/\/twitter.com\/hashtag\/ElFestivalQueQuieres?src=hash&amp;ref_src=twsrc%5Etfw\">#ElFestivalQueQuieres<\/a> |<a href=\"https:\/\/twitter.com\/hashtag\/BenidormFest?src=hash&amp;ref_src=twsrc%5Etfw\">#BenidormFest<\/a> <a href=\"https:\/\/t.co\/rixpZsIL7Z\">pic.twitter.com\/rixpZsIL7Z<\/a><\/p>\u2014 Benidorm Fest (@BenidormFestTVE) <a href=\"https:\/\/twitter.com\/BenidormFestTVE\/status\/1735263044320596042?ref_src=twsrc%5Etfw\">December 14, 2023<\/a><\/blockquote>   <\/div><\/div><\/p>   <p>Marlena &#8211; Amor de verano<\/p>   <p>Las madrile\u00f1as Ana Legazpi y Carolina Moyano no quieren ni o\u00edr hablar del invierno. De ah\u00ed que se hayan plantado en la gran final del Benidorm Fest con un tema de corte muy veraniego en el que hablan sobre esos amores tan ef\u00edmeros tan caracter\u00edsticos del periodo estival. De esta manera, Marlena quiere seguir dando a conocer su m\u00fasica y, quien sabe, si llevarse la victoria en el Benidorm Fest y representar a Espa\u00f1a en Eurovisi\u00f3n.<\/p>   <p><div><div><blockquote class=\"twitter-tweet\"><p lang=\"es\" dir=\"ltr\">\u00abMe da igual si llega septiembre y me he enamorado\u00bb\u2600\ufe0f<br><br>As\u00ed suena \u201camor de verano\u201d de Marlena (<a href=\"https:\/\/twitter.com\/marlenaoficial?ref_src=twsrc%5Etfw\">@marlenaoficial<\/a>), la canci\u00f3n con la que se presenta al <a href=\"https:\/\/twitter.com\/hashtag\/BenidormFest2024?src=hash&amp;ref_src=twsrc%5Etfw\">#BenidormFest2024<\/a><br><br> \u00a1Esc\u00fachala completa! \ud83d\udc49<a href=\"https:\/\/t.co\/UxNoiYk51y\">https:\/\/t.co\/UxNoiYk51y<\/a><br><br> <a href=\"https:\/\/twitter.com\/hashtag\/ElFestivalQueQuieres?src=hash&amp;ref_src=twsrc%5Etfw\">#ElFestivalQueQuieres<\/a> |<a href=\"https:\/\/twitter.com\/hashtag\/BenidormFest?src=hash&amp;ref_src=twsrc%5Etfw\">#BenidormFest<\/a> <a href=\"https:\/\/t.co\/QPTM2qXKXs\">pic.twitter.com\/QPTM2qXKXs<\/a><\/p>\u2014 Benidorm Fest (@BenidormFestTVE) <a href=\"https:\/\/twitter.com\/BenidormFestTVE\/status\/1735264794461032626?ref_src=twsrc%5Etfw\">December 14, 2023<\/a><\/blockquote>   <\/div><\/div><\/p>   <p>Nebulossa &#8211; Zorra<\/p>   <p>El d\u00fao formado por Mar\u00eda Bas y Mark Dasousa se ha presentado este jueves en el Benidorm Fest reflexionando acerca del t\u00edtulo de su canci\u00f3n: <i>Zorra<\/i>. \u00bfPor qu\u00e9 tiene que ser el zorro bueno y la zorra mala? Seg\u00fan ha dado a conocer la cantante de la formaci\u00f3n, el tema que defender\u00e1n el pr\u00f3ximo mes de enero tiene tintes autobiogr\u00e1ficos, porque le han llamado zorra en m\u00e1s de una ocasi\u00f3n y quiere demostrar que serlo no deber\u00eda tener ninguna connotaci\u00f3n negativa.<\/p>   <p><div><div><blockquote class=\"twitter-tweet\"><p lang=\"es\" dir=\"ltr\">\u00abY ahora es una zorra de postal\u00bb \ud83e\udea9 <br><br>As\u00ed suena \u201cZorra\u201d de Nebulossa (<a href=\"https:\/\/twitter.com\/Nebulossa_of?ref_src=twsrc%5Etfw\">@Nebulossa_of<\/a>), la canci\u00f3n con la que se presenta al <a href=\"https:\/\/twitter.com\/hashtag\/BenidormFest2024?src=hash&amp;ref_src=twsrc%5Etfw\">#BenidormFest2024<\/a>  <br><br>\u00a1Esc\u00fachala completa! \ud83d\udc49 <a href=\"https:\/\/t.co\/nG8xTKJCqX\">https:\/\/t.co\/nG8xTKJCqX<\/a> <a href=\"https:\/\/twitter.com\/hashtag\/ElFestivalQueQuieres?src=hash&amp;ref_src=twsrc%5Etfw\">#ElFestivalQueQuieres<\/a> |<a href=\"https:\/\/twitter.com\/hashtag\/BenidormFest?src=hash&amp;ref_src=twsrc%5Etfw\">#BenidormFest<\/a> <a href=\"https:\/\/t.co\/xFD8uOYpvI\">pic.twitter.com\/xFD8uOYpvI<\/a><\/p>\u2014 Benidorm Fest (@BenidormFestTVE) <a href=\"https:\/\/twitter.com\/BenidormFestTVE\/status\/1735266606677102923?ref_src=twsrc%5Etfw\">December 14, 2023<\/a><\/blockquote>   <\/div><\/div><\/p>   <p>Noan &#8211; Te echo de &#8211;<\/p>   <p>El artista vasco se qued\u00f3 a las puertas de la fase final del Benidorm Fest 2023. De hecho, lleg\u00f3 a interpretar sobre los escenario la canci\u00f3n con la que se present\u00f3 el a\u00f1o pasado. Un a\u00f1o m\u00e1s tarde, Noan consigue su objetivo de llegar a la fase final con un tema de corte pop-rock que promete dar guerra en el festival de Benidorm. Despu\u00e9s de convertirse en una de las grandes revelaciones del 2023&#8230; \u00bfconseguir\u00e1 dar la sorpresa en el Benidorm Fest?<\/p>   <p><div><div><blockquote class=\"twitter-tweet\"><p lang=\"es\" dir=\"ltr\">\u00abS\u00e9 que he fallado de m\u00e1s, y es que te echo de menos\u00bb<br><br>As\u00ed suena \u201cTe Echo De -\u201d de Noan (<a href=\"https:\/\/twitter.com\/soynoan?ref_src=twsrc%5Etfw\">@soynoan<\/a>), la canci\u00f3n con la que se presenta al <a href=\"https:\/\/twitter.com\/hashtag\/BenidormFest2024?src=hash&amp;ref_src=twsrc%5Etfw\">#BenidormFest2024<\/a><br><br> \u00a1Esc\u00fachala completa! \ud83d\udc49 <a href=\"https:\/\/t.co\/92bPSaW5r0\">https:\/\/t.co\/92bPSaW5r0<\/a><br><br> <a href=\"https:\/\/twitter.com\/hashtag\/ElFestivalQueQuieres?src=hash&amp;ref_src=twsrc%5Etfw\">#ElFestivalQueQuieres<\/a> |<a href=\"https:\/\/twitter.com\/hashtag\/BenidormFest?src=hash&amp;ref_src=twsrc%5Etfw\">#BenidormFest<\/a> <a href=\"https:\/\/t.co\/JSExj1W107\">pic.twitter.com\/JSExj1W107<\/a><\/p>\u2014 Benidorm Fest (@BenidormFestTVE) <a href=\"https:\/\/twitter.com\/BenidormFestTVE\/status\/1735267931485823061?ref_src=twsrc%5Etfw\">December 14, 2023<\/a><\/blockquote>   <\/div><\/div><\/p>   <p>Quique Niza &#8211; Prisionero<\/p>   <p>Quique Niza da el salto de los teatros al escenario del Benidorm Fest. Despu\u00e9s de conquistar al p\u00fablico en el musical de <i>Grease<\/i>, donde interpret\u00f3 al ic\u00f3nico Danny Zuko, el artista madrile\u00f1o llega al festival de m\u00fasica de Benidorm con una canci\u00f3n que surgi\u00f3 en<b> <\/b>el campamento de compositores del Benidorm Fest 2024 que organiz\u00f3 Sony Music Publishing Spain en colaboraci\u00f3n con RTVE a finales de este verano. Su tema, Prisionero, pretende que reflexionemos sobre nosotros mismos.<\/p>   <p><div><div><blockquote class=\"twitter-tweet\"><p lang=\"es\" dir=\"ltr\">\u00abNo soy lo que quiero, sigo prisionero\u00bb \u26d3\ufe0f<br><br>As\u00ed suena \u201cPrisionero\u201d de Quique Niza (<a href=\"https:\/\/twitter.com\/quiquegonzaleez?ref_src=twsrc%5Etfw\">@quiquegonzaleez<\/a>), la canci\u00f3n con la que se presenta al <a href=\"https:\/\/twitter.com\/hashtag\/BenidormFest2024?src=hash&amp;ref_src=twsrc%5Etfw\">#BenidormFest2024<\/a><br><br> \u00a1Esc\u00fachala completa! \ud83d\udc49 <a href=\"https:\/\/t.co\/UixuGUiPjd\">https:\/\/t.co\/UixuGUiPjd<\/a><br><br> <a href=\"https:\/\/twitter.com\/hashtag\/ElFestivalQueQuieres?src=hash&amp;ref_src=twsrc%5Etfw\">#ElFestivalQueQuieres<\/a> |<a href=\"https:\/\/twitter.com\/hashtag\/BenidormFest?src=hash&amp;ref_src=twsrc%5Etfw\">#BenidormFest<\/a> <a href=\"https:\/\/t.co\/ciSr1ALkDG\">pic.twitter.com\/ciSr1ALkDG<\/a><\/p>\u2014 Benidorm Fest (@BenidormFestTVE) <a href=\"https:\/\/twitter.com\/BenidormFestTVE\/status\/1735269117572084164?ref_src=twsrc%5Etfw\">December 14, 2023<\/a><\/blockquote>   <\/div><\/div><\/p>   <p>Roger Padr\u00f3s &#8211; El Temps<\/p>   <p>Roger Prad\u00f3s ha llegado este jueves a la rueda de prensa del Benidorm Fest reivindicando a los cantautores de toda la vida. En esta ocasi\u00f3n, el artista tratar\u00e1 de llevarse la victoria en el festival con un tema en catal\u00e1n y castellano que aspira a dar la sorpresa. El Temps ser\u00e1 el tercer tema escrito en un idioma cooficial que se escuche en el certamen alicantino tras el Terra de las Tanxugueiras y el Que Esclati Tot de Siderland.<\/p>   <p><div><div><blockquote class=\"twitter-tweet\"><p lang=\"es\" dir=\"ltr\">\u00abEl temps potser s&#8217;acaba, per\u00f2 t&#8217;espero\u00bb \u231b\ufe0f<br><br>As\u00ed suena \u201cEl Temps\u201d de Roger Padr\u00f3s (<a href=\"https:\/\/twitter.com\/RogerPadrosMsic?ref_src=twsrc%5Etfw\">@RogerPadrosMsic<\/a>), la canci\u00f3n con la que se presenta al <a href=\"https:\/\/twitter.com\/hashtag\/BenidormFest2024?src=hash&amp;ref_src=twsrc%5Etfw\">#BenidormFest2024<\/a><br><br> \u00a1Esc\u00fachala completa! \ud83d\udc49 <a href=\"https:\/\/t.co\/BiztwGuSO4\">https:\/\/t.co\/BiztwGuSO4<\/a><br><br> <a href=\"https:\/\/twitter.com\/hashtag\/ElFestivalQueQuieres?src=hash&amp;ref_src=twsrc%5Etfw\">#ElFestivalQueQuieres<\/a> |<a href=\"https:\/\/twitter.com\/hashtag\/BenidormFest?src=hash&amp;ref_src=twsrc%5Etfw\">#BenidormFest<\/a> <a href=\"https:\/\/t.co\/nRLIQUOOi6\">pic.twitter.com\/nRLIQUOOi6<\/a><\/p>\u2014 Benidorm Fest (@BenidormFestTVE) <a href=\"https:\/\/twitter.com\/BenidormFestTVE\/status\/1735270493219860855?ref_src=twsrc%5Etfw\">December 14, 2023<\/a><\/blockquote>   <\/div><\/div><\/p>   <p>Sofia Coll &#8211; Here to stay<\/p>   <p>Sofia Coll ha definido su <i>Here to stay<\/i> como una aut\u00e9ntica petardada. Un tema, en el que canta tanto en castellano como en ingl\u00e9s, que aspira a revolucionar el Benidorm Fest con miras hacia Eurovisi\u00f3n. De hecho, en la canci\u00f3n se dirige a todas aquellas personas que no hablen castellano para mandarles un mensaje muy especial acerca de su canci\u00f3n. \u00bfLograr\u00e1 llevarse la victoria final?<\/p>   <p><div><div><blockquote class=\"twitter-tweet\"><p lang=\"es\" dir=\"ltr\">\u00abMu\u00e9vete, aband\u00f3nate a este ritmo cruel\u00bb \u26a1\ufe0f<br><br>As\u00ed suena \u201cHERE TO STAY\u201d de Sofia Coll (<a href=\"https:\/\/twitter.com\/sofiiacoll?ref_src=twsrc%5Etfw\">@sofiiacoll<\/a>), la canci\u00f3n con la que se presenta al <a href=\"https:\/\/twitter.com\/hashtag\/BenidormFest2024?src=hash&amp;ref_src=twsrc%5Etfw\">#BenidormFest2024<\/a><br><br> \u00a1Esc\u00fachala completa! \ud83d\udc49<a href=\"https:\/\/t.co\/ZzEoQZ8VjS\">https:\/\/t.co\/ZzEoQZ8VjS<\/a><br><br> <a href=\"https:\/\/twitter.com\/hashtag\/ElFestivalQueQuieres?src=hash&amp;ref_src=twsrc%5Etfw\">#ElFestivalQueQuieres<\/a> |<a href=\"https:\/\/twitter.com\/hashtag\/BenidormFest?src=hash&amp;ref_src=twsrc%5Etfw\">#BenidormFest<\/a> <a href=\"https:\/\/t.co\/tFFR1zVlen\">pic.twitter.com\/tFFR1zVlen<\/a><\/p>\u2014 Benidorm Fest (@BenidormFestTVE) <a href=\"https:\/\/twitter.com\/BenidormFestTVE\/status\/1735271962719502829?ref_src=twsrc%5Etfw\">December 14, 2023<\/a><\/blockquote>   <\/div><\/div><\/p>   <p>St. Pedro &#8211; Dos Extra\u00f1os<\/p>   <p>El artista canario St. Pedro tratar\u00e1 de dar la sorpresa con una canci\u00f3n que no tiene nada que ver con todas las que se han presentado hasta ahora en el Benidorm Fest: \u00abViene desde un sitio muy de dentro, muy honesto, en un momento en el que  tambi\u00e9n yo estaba conectando conmigo mismo de cuando viv\u00ed fuera\u00bb. <\/p>   <p><div><div><blockquote class=\"twitter-tweet\"><p lang=\"es\" dir=\"ltr\">\u00abNing\u00fan te amo lo fingimos\u00bb \ud83d\udc95<br><br>As\u00ed suena \u201cDos Extra\u00f1os (Cuarteto de Cuerda)\u201d de st. Pedro (<a href=\"https:\/\/twitter.com\/dasaintpedro?ref_src=twsrc%5Etfw\">@dasaintpedro<\/a>), la canci\u00f3n con la que se presenta al <a href=\"https:\/\/twitter.com\/hashtag\/BenidormFest2024?src=hash&amp;ref_src=twsrc%5Etfw\">#BenidormFest2024<\/a><br><br>\u00a1Esc\u00fachala completa! \ud83d\udc49<a href=\"https:\/\/t.co\/ObdMsLBP0b\">https:\/\/t.co\/ObdMsLBP0b<\/a><br> <a href=\"https:\/\/twitter.com\/hashtag\/ElFestivalQueQuieres?src=hash&amp;ref_src=twsrc%5Etfw\">#ElFestivalQueQuieres<\/a> |<a href=\"https:\/\/twitter.com\/hashtag\/BenidormFest?src=hash&amp;ref_src=twsrc%5Etfw\">#BenidormFest<\/a> <a href=\"https:\/\/t.co\/eQJ2fhKPz8\">pic.twitter.com\/eQJ2fhKPz8<\/a><\/p>\u2014 Benidorm Fest (@BenidormFestTVE) <a href=\"https:\/\/twitter.com\/BenidormFestTVE\/status\/1735274165714743597?ref_src=twsrc%5Etfw\">December 14, 2023<\/a><\/blockquote>   <\/div><\/div><\/p> ","protected":false},"excerpt":{"rendered":"<p>Televisi\u00f3n Espa\u00f1ola (TVE) ha presentado las 16 candidaturas para el festival de m\u00fasica de Benidorm<\/p>\n","protected":false},"author":0,"featured_media":620,"comment_status":"open","ping_status":"open","sticky":false,"template":"","format":"standard","meta":{"_acf_changed":false,"footnotes":""},"categories":[1],"tags":[],"class_list":["post-619","post","type-post","status-publish","format-standard","has-post-thumbnail","hentry","category-sin-categoria"],"acf":{"ser_id":"F6SJTT2WKNAC5A453CCD3NAGQY","ser_url":""},"_links":{"self":[{"href":"https:\/\/serbenidorm.daliisolutions.com\/index.php\/wp-json\/wp\/v2\/posts\/619","targetHints":{"allow":["GET"]}}],"collection":[{"href":"https:\/\/serbenidorm.daliisolutions.com\/index.php\/wp-json\/wp\/v2\/posts"}],"about":[{"href":"https:\/\/serbenidorm.daliisolutions.com\/index.php\/wp-json\/wp\/v2\/types\/post"}],"replies":[{"embeddable":true,"href":"https:\/\/serbenidorm.daliisolutions.com\/index.php\/wp-json\/wp\/v2\/comments?post=619"}],"version-history":[{"count":0,"href":"https:\/\/serbenidorm.daliisolutions.com\/index.php\/wp-json\/wp\/v2\/posts\/619\/revisions"}],"wp:featuredmedia":[{"embeddable":true,"href":"https:\/\/serbenidorm.daliisolutions.com\/index.php\/wp-json\/wp\/v2\/media\/620"}],"wp:attachment":[{"href":"https:\/\/serbenidorm.daliisolutions.com\/index.php\/wp-json\/wp\/v2\/media?parent=619"}],"wp:term":[{"taxonomy":"category","embeddable":true,"href":"https:\/\/serbenidorm.daliisolutions.com\/index.php\/wp-json\/wp\/v2\/categories?post=619"},{"taxonomy":"post_tag","embeddable":true,"href":"https:\/\/serbenidorm.daliisolutions.com\/index.php\/wp-json\/wp\/v2\/tags?post=619"}],"curies":[{"name":"wp","href":"https:\/\/api.w.org\/{rel}","templated":true}]}}