{"id":6195,"date":"2024-06-17T15:29:30","date_gmt":"2024-06-17T13:29:30","guid":{"rendered":"https:\/\/serbenidorm.daliisolutions.com\/index.php\/2024\/06\/17\/el-c-f-benidorm-pone-a-la-venta-los-abonos-para-su-primera-temporada-en-tercera-rfef\/"},"modified":"2024-06-17T15:29:30","modified_gmt":"2024-06-17T13:29:30","slug":"el-c-f-benidorm-pone-a-la-venta-los-abonos-para-su-primera-temporada-en-tercera-rfef","status":"publish","type":"post","link":"https:\/\/serbenidorm.daliisolutions.com\/index.php\/2024\/06\/17\/el-c-f-benidorm-pone-a-la-venta-los-abonos-para-su-primera-temporada-en-tercera-rfef\/","title":{"rendered":"El C.F. Benidorm pone a la venta los abonos para su primera temporada en Tercera RFEF"},"content":{"rendered":"  <p>Durante la pasada temporada, la del ascenso, el <a href=\"https:\/\/cadenaser.com\/tag\/club_futbol_benidorm\/a\/\" target=\"_blank\" rel=\"noopener\">C.F. Benidorm<\/a> no s\u00f3lo fue capaz de dominar con pu\u00f1o de hierro su categor\u00eda, sino que tambi\u00e9n supo volver a enganchar a la afici\u00f3n local a acudir cada jornada al Guillermo Amor, algo que quieren que vuelva a suceder, con m\u00e1s apoyo si cabe, <a href=\"https:\/\/cadenaser.com\/comunitat-valenciana\/2024\/06\/13\/el-cf-benidorm-ficha-a-pascu-domingo-como-director-de-su-academia-radio-benidorm\/\" target=\"_blank\" rel=\"noopener\">la pr\u00f3xima temporada, la del debut en Tercera RFEF<\/a>.<\/p>   <p>Para ello, el club ha puesto ya en marcha su campa\u00f1a de abonos para la temporada 2024\/2025 ofreciendo importantes descuentos a los m\u00e1s madrugadores, que podr\u00e1n disfrutar de tarifas especiales si adquieren esos abonos antes del pr\u00f3ximo d\u00eda 15 de julio.<\/p>  <p><p>M\u00e1s informaci\u00f3n<\/p><figure><img loading=\"lazy\" decoding=\"async\" src=\"https:\/\/cadenaser.com\/resizer\/v2\/AROXSKRLJ5H3VI3ECWOOGVSBLI.jpg?auth=1a22151cf70f04a7d07ddb6908e1615666bacb1603fca3e251da90a0c72f35db&amp;quality=70&amp;width=360&amp;height=202&amp;smart=true\" width=\"820\" height=\"621\" \/><\/figure><ul><li><a href=\"https:\/\/cadenaser.com\/tag\/club_futbol_benidorm\/a\/\"><span>Todas las noticias del C.F. Benidorm<\/span><\/a><\/li><\/ul><\/p>   <p>Para esa campa\u00f1a de debut en Tercera RFEF, el <a href=\"https:\/\/cadenaser.com\/tag\/club_futbol_benidorm\/a\/\" target=\"_blank\" rel=\"noopener\">C.F. Benidorm<\/a> ofrece un abono b\u00e1sico de 75 euros (que se queda en 60 euros con el descuento antes referido) y otro VIP, que incluye la posibilidad de disfrutar del catering que se sirve dentro del estadio.<\/p>   <p><b>Precios especiales<\/b><\/p>   <p>Adem\u00e1s, el C.F. Benidorm ha preparado tambi\u00e9n precios especiales en los abonos para los jubilados mayores de 65 a\u00f1os y para personas con diversidad funcional. En ambos casos, el precio del pase es de 60 euros. En el caso de los menores de 15 a\u00f1os, el abono es gratuito siempre que vaya asociado a un abono de adulto.<\/p>   <p>El abono incluye todos los partidos que el C.F. Benidorm dispute como local en el Guillermo Amor en Tercera RFEF as\u00ed como los correspondientes a cualquier otro torneo oficial organizado por la Federaci\u00f3n de F\u00fatbol de la Comunitat Valenciana (FFCV) o la Real Federaci\u00f3n Espa\u00f1ola de F\u00fatbol (RFEF) as\u00ed como descuentos especiales en las actividades extra que organice el club.<\/p>   <p>     .c-w{         max-width:444px;         width:100%;         margin:16px auto;      background:#00755E;         border-radius:4px;         display:flex;         align-items:center;         justify-content:center;     }     .c-w a{         display:flex;         align-items:center;         justify-content:center;         padding:4px 24px;     }     .c-w img{         width:24px;         margin-right:12px;     }     .c-w p{         font:18px\/25px Poppins;         text-align:center;         color:#fff;         margin:0;     }     @media (max-width:444px){         .c-w a{             padding:4px 12px;         }         .c-w img{             width:24px;             margin-right:8px;         }         .c-w p{             font:14px\/25px Poppins;         }     }     @media (max-width:335px){         .c-w p{             font:13px\/25px Poppins;         }     }  <div class=\"c-w\">     <a href=\"https:\/\/www.whatsapp.com\/channel\/0029Va633PF9WtC4l7XUzh1e\" target=\"_blank\" rel=\"noopener\">         <img decoding=\"async\" src=\"https:\/\/cadenaser.com\/estaticos\/recursosgraficos\/responsive\/img\/ico-whatsapp.svg\" alt=\"Whatsapp\">         <p>\u00danete al <b>canal de WhatsApp<\/b> de la SER<\/p>     <\/a> <\/div><\/p>   <p>Los abonos pueden adquirirse de forma online (<a href=\"https:\/\/cfbenidorm.compralaentrada.com\/eventos\/\" rel=\"nofollow\"><b>click aqu\u00ed<\/b><\/a>), en las oficinas del club ubicadas en el Palau d\u2019Esports l\u2019Illa de Benidorm (en horario de 16:30 a 19:30 horas de lunes a jueves) o en la tienda oficial del club, D\u00e9cimas, ubicada en la calle Herrer\u00edas, 1.<\/p>   <p><b>M\u00e1s informaci\u00f3n<\/b><\/p>   <p><a href=\"https:\/\/t.co\/Ih0fG8iFFk\" rel=\"nofollow noopener\" target=\"_blank\"><b>Descarga el folleto promocional y de informaci\u00f3n<\/b><\/a><\/p>   <p><a href=\"https:\/\/cfbenidorm.compralaentrada.com\/\" rel=\"nofollow noopener\" target=\"_blank\"><b>Adquiere tu abono de forma online<\/b><\/a><\/p>   <p><a href=\"https:\/\/maps.app.goo.gl\/VPPHNF8Z69FeaFJk6\" rel=\"nofollow noopener\" target=\"_blank\"><b>Ubicaci\u00f3n de las oficinas del club<\/b><\/a><b> (para la compra f\u00edsica)<\/b><\/p>   <p><a href=\"https:\/\/maps.app.goo.gl\/feBsJdvYbs7FUaiVA\" rel=\"nofollow noopener\" target=\"_blank\"><b>Ubicaci\u00f3n de la tienda oficial del club<\/b><\/a><b> (para la compra f\u00edsica)<\/b><\/p> ","protected":false},"excerpt":{"rendered":"<p>Hasta el 15 de julio los aficionados podr\u00e1n beneficiarse de un importante descuento en la compra de sus pases <\/p>\n","protected":false},"author":0,"featured_media":6196,"comment_status":"open","ping_status":"open","sticky":false,"template":"","format":"standard","meta":{"_acf_changed":false,"footnotes":""},"categories":[16],"tags":[],"class_list":["post-6195","post","type-post","status-publish","format-standard","has-post-thumbnail","hentry","category-deportes"],"acf":{"ser_id":"5FBLJFKXZZA4VIFFW76FJH6VYE","ser_url":"https:\/\/cadenaser.com\/comunitat-valenciana\/2024\/06\/17\/el-cf-benidorm-pone-a-la-venta-los-abonos-para-su-primera-temporada-en-tercera-rfef-radio-benidorm\/"},"_links":{"self":[{"href":"https:\/\/serbenidorm.daliisolutions.com\/index.php\/wp-json\/wp\/v2\/posts\/6195","targetHints":{"allow":["GET"]}}],"collection":[{"href":"https:\/\/serbenidorm.daliisolutions.com\/index.php\/wp-json\/wp\/v2\/posts"}],"about":[{"href":"https:\/\/serbenidorm.daliisolutions.com\/index.php\/wp-json\/wp\/v2\/types\/post"}],"replies":[{"embeddable":true,"href":"https:\/\/serbenidorm.daliisolutions.com\/index.php\/wp-json\/wp\/v2\/comments?post=6195"}],"version-history":[{"count":0,"href":"https:\/\/serbenidorm.daliisolutions.com\/index.php\/wp-json\/wp\/v2\/posts\/6195\/revisions"}],"wp:featuredmedia":[{"embeddable":true,"href":"https:\/\/serbenidorm.daliisolutions.com\/index.php\/wp-json\/wp\/v2\/media\/6196"}],"wp:attachment":[{"href":"https:\/\/serbenidorm.daliisolutions.com\/index.php\/wp-json\/wp\/v2\/media?parent=6195"}],"wp:term":[{"taxonomy":"category","embeddable":true,"href":"https:\/\/serbenidorm.daliisolutions.com\/index.php\/wp-json\/wp\/v2\/categories?post=6195"},{"taxonomy":"post_tag","embeddable":true,"href":"https:\/\/serbenidorm.daliisolutions.com\/index.php\/wp-json\/wp\/v2\/tags?post=6195"}],"curies":[{"name":"wp","href":"https:\/\/api.w.org\/{rel}","templated":true}]}}