{"id":6222,"date":"2024-06-18T16:55:37","date_gmt":"2024-06-18T14:55:37","guid":{"rendered":"https:\/\/serbenidorm.daliisolutions.com\/index.php\/2024\/06\/18\/benidorm-presenta-la-ii-edicion-de-la-carrera-solidaria-en-primera-linea-para-recaudar-fondos-contra-el-cancer-infantil\/"},"modified":"2024-06-18T16:55:37","modified_gmt":"2024-06-18T14:55:37","slug":"benidorm-presenta-la-ii-edicion-de-la-carrera-solidaria-en-primera-linea-para-recaudar-fondos-contra-el-cancer-infantil","status":"publish","type":"post","link":"https:\/\/serbenidorm.daliisolutions.com\/index.php\/2024\/06\/18\/benidorm-presenta-la-ii-edicion-de-la-carrera-solidaria-en-primera-linea-para-recaudar-fondos-contra-el-cancer-infantil\/","title":{"rendered":"Benidorm presenta la II edici\u00f3n de la carrera solidaria \u2018En Primera L\u00ednea\u2019 para recaudar fondos contra el c\u00e1ncer infantil"},"content":{"rendered":"  <p>Benidorm correr\u00e1 por segundo a\u00f1o consecutivo para recaudar fondos con los que apoyar a los menores con c\u00e1ncer y sus familias en la II Carrera Solidaria \u2018En Primera L\u00ednea\u2019, que se celebrar\u00e1 el domingo 22 de septiembre, a partir de las 9 horas. La segunda edici\u00f3n de la prueba deportiva se ha presentado esta ma\u00f1ana en un acto que ha tenido lugar en el Casino Mediterr\u00e1neo de Benidorm y en el que han participado representantes de la organizaci\u00f3n, de la entidad beneficiaria y patrocinadores, junto a los concejales de Deportes y de Seguridad Ciudadana, Javier Jord\u00e1 y Jes\u00fas Carrobles; la alcaldesa en funciones, Ana Pellicer; y otros miembros de la Corporaci\u00f3n municipal.<\/p>   <p>La carrera se desarrollar\u00e1 por las playas de Benidorm y habr\u00e1 distintas opciones de participaci\u00f3n, con el objetivo de poder abarcar al mayor n\u00famero de p\u00fablico posible. En concreto, habr\u00e1 una prueba con un recorrido de 10 kil\u00f3metros, otra de 5k, una marcha popular por el recorrido del 5K y carreras infantiles por el parque de l\u2019Aig\u00fcera. Por lo que se refiere a las pruebas deportivas, las mismas discurrir\u00e1n en sentido inverso a las del a\u00f1o pasado, recorriendo en primer lugar la playa de Levante y, en el caso del 10K, llegando tambi\u00e9n a Poniente.<\/p>   <p>Adem\u00e1s, los asistentes podr\u00e1n disfrutar de una jornada con actividades, animaci\u00f3n, barra solidaria y m\u00fasica. \u201cUna jornada deportiva, l\u00fadica y familiar, donde se reflejar\u00e1 una vez m\u00e1s la solidaridad de Benidorm y de toda la comarca, puesto que todo lo recaudado ir\u00e1 en beneficio de Aspanion\u201d, ha explicado Manuel Villal\u00f3n, representante de la Asociaci\u00f3n Sociocultural de la Polic\u00eda Local, organizadora de la prueba junto al Clun Atletismo Benidorm.<\/p>   <p>La pasada edici\u00f3n de la carrera \u2018En Primera L\u00ednea\u2019 logr\u00f3 recaudar m\u00e1s de 22.000 euros con la participaci\u00f3n de 1.200 personas. Desde la organizaci\u00f3n han afirmado que \u201cel reto de organizar esta segunda edici\u00f3n surgi\u00f3 ya desde el mismo d\u00eda del evento\u201d y han trasladado que esperan este a\u00f1o superar esa cifra y consolidar la prueba deportiva \u201ccomo un evento que Benidorm apunte siempre en el calendario\u201d.<\/p>   <p>Durante la presentaci\u00f3n del evento solidario, el concejal Jes\u00fas Carrobles ha agradecido a los organizadores la apuesta por llevar a cabo esta segunda edici\u00f3n y ha expresado la \u201csatisfacci\u00f3n de que acciones como \u00e9sta acerquen un poco m\u00e1s a nuestra Polic\u00eda Local a los ciudadanos, porque es importante que la ciudadan\u00eda sepa que tambi\u00e9n hacemos otro tipo de labores de manera totalmente altruista, como el apoyo a las familias golpeadas por el c\u00e1ncer infantil\u201d. El edil de Seguridad Ciudadana tambi\u00e9n ha trasladado su confianza en que la prueba \u201ctenga el mismo \u00e9xito que el a\u00f1o pasado\u201d, en el que se lograron recaudar 22.000 euros en favor de Aspanion.<\/p>   <p>     .c-w{         max-width:444px;         width:100%;         margin:16px auto;      background:#00755E;         border-radius:4px;         display:flex;         align-items:center;         justify-content:center;     }     .c-w a{         display:flex;         align-items:center;         justify-content:center;         padding:4px 24px;     }     .c-w img{         width:24px;         margin-right:12px;     }     .c-w p{         font:18px\/25px Poppins;         text-align:center;         color:#fff;         margin:0;     }     @media (max-width:444px){         .c-w a{             padding:4px 12px;         }         .c-w img{             width:24px;             margin-right:8px;         }         .c-w p{             font:14px\/25px Poppins;         }     }     @media (max-width:335px){         .c-w p{             font:13px\/25px Poppins;         }     }  <div class=\"c-w\">     <a href=\"https:\/\/www.whatsapp.com\/channel\/0029Va633PF9WtC4l7XUzh1e\" target=\"_blank\" rel=\"noopener\">         <img decoding=\"async\" src=\"https:\/\/cadenaser.com\/estaticos\/recursosgraficos\/responsive\/img\/ico-whatsapp.svg\" alt=\"Whatsapp\">         <p>\u00danete al <b>canal de WhatsApp<\/b> de la SER<\/p>     <\/a> <\/div><\/p>   <p>Por su parte, Javier Jord\u00e1 tambi\u00e9n ha dado las \u201cgracias por contar otra vez con Benidorm como sede de esta carrera\u201d y ha recordado que \u201cel significado de \u2018primera l\u00ednea\u2019 es triple: la Polic\u00eda Local, que est\u00e1 en primera l\u00ednea; el recorrido de la propia carrera, que discurre por primera l\u00ednea de playa; y sobre todo nuestro compromiso y nuestra lucha en primera l\u00ednea contra el c\u00e1ncer infantil\u201d. El responsable de Deportes ha destacado que en esta segunda edici\u00f3n \u201cseguimos creciendo y tenemos m\u00e1s patrocinadores\u201d y ha animado a que la participaci\u00f3n del 22 de septiembre sea masiva.<\/p>   <p>El representante de la Asociaci\u00f3n Sociocultural de la Polic\u00eda Local de Benidorm ha se\u00f1alado que \u201ces un orgullo poder organizar por segundo a\u00f1o esta carrera en la que de nuevo Benidorm se est\u00e1 volcando para apoyar a los ni\u00f1os y ni\u00f1as con c\u00e1ncer y que esperamos que sea todo un \u00e9xito\u201d.<\/p>   <p>Por su parte, el vicepresidente de Aspanion, Alejandro L\u00f3pez ha agradecido \u201ctodo el apoyo y cari\u00f1o recibido\u201d y ha apuntado que \u201cla fusi\u00f3n de deporte y solidaridad es una combinaci\u00f3n que nos encanta para poder seguir atendiendo de la mejor forma posible a las familias y a los menores, a trav\u00e9s de proyectos que ponemos en marcha desde el momento del diagn\u00f3stico\u201d. Asimismo, ha llamado la atenci\u00f3n sobre \u201cla importancia de hablar del c\u00e1ncer infantil\u201d, recordando que \u201ccada a\u00f1o en la Comunitat Valenciana se diagnostican alrededor de 150 nuevos casos, de los cuales el 20% no salen adelante\u201d. Por ello, ha incidido en que este tipo de eventos solidarios \u201cayudan a visibilizar esta enfermedad\u201d y, a la vez, permiten \u201cdisponer de fondos para desarrollar programas psicosociales\u201d con ni\u00f1os y adolescentes con c\u00e1ncer y sus familias, para poner a su disposici\u00f3n casas de acogida, o llevar a cabo otros proyectos de esta \u00edndole.<\/p>   <p>El per\u00edodo de inscripci\u00f3n a las carreras se abrir\u00e1 el 1 de julio y podr\u00e1 realizarse a trav\u00e9s de la web <a href=\"http:\/\/www.carrerasolidariobenidorm.es\/\" rel=\"nofollow\">www.carrerasolidariobenidorm.es<\/a> y <a href=\"http:\/\/www.grupobrotons.com\/\" rel=\"nofollow\">www.grupobrotons.com<\/a> . Adem\u00e1s, los participantes recibir\u00e1n una camiseta conmemorativa del evento.<\/p> ","protected":false},"excerpt":{"rendered":"<p>La iniciativa est\u00e1 impulsada por el Ayuntamiento y organizada por la Asociaci\u00f3n Socio-Cultural de la Polic\u00eda Local y el Club de Atletismo Benidorm<\/p>\n","protected":false},"author":0,"featured_media":6223,"comment_status":"open","ping_status":"open","sticky":false,"template":"","format":"standard","meta":{"_acf_changed":false,"footnotes":""},"categories":[1],"tags":[],"class_list":["post-6222","post","type-post","status-publish","format-standard","has-post-thumbnail","hentry","category-sin-categoria"],"acf":{"ser_id":"O3G62SUSYNDOPPVIF4WODAITEA","ser_url":"https:\/\/cadenaser.com\/comunitat-valenciana\/2024\/06\/18\/benidorm-presenta-la-ii-edicion-de-la-carrera-solidaria-en-primera-linea-para-recaudar-fondos-contra-el-cancer-infantil-radio-benidorm\/"},"_links":{"self":[{"href":"https:\/\/serbenidorm.daliisolutions.com\/index.php\/wp-json\/wp\/v2\/posts\/6222","targetHints":{"allow":["GET"]}}],"collection":[{"href":"https:\/\/serbenidorm.daliisolutions.com\/index.php\/wp-json\/wp\/v2\/posts"}],"about":[{"href":"https:\/\/serbenidorm.daliisolutions.com\/index.php\/wp-json\/wp\/v2\/types\/post"}],"replies":[{"embeddable":true,"href":"https:\/\/serbenidorm.daliisolutions.com\/index.php\/wp-json\/wp\/v2\/comments?post=6222"}],"version-history":[{"count":0,"href":"https:\/\/serbenidorm.daliisolutions.com\/index.php\/wp-json\/wp\/v2\/posts\/6222\/revisions"}],"wp:featuredmedia":[{"embeddable":true,"href":"https:\/\/serbenidorm.daliisolutions.com\/index.php\/wp-json\/wp\/v2\/media\/6223"}],"wp:attachment":[{"href":"https:\/\/serbenidorm.daliisolutions.com\/index.php\/wp-json\/wp\/v2\/media?parent=6222"}],"wp:term":[{"taxonomy":"category","embeddable":true,"href":"https:\/\/serbenidorm.daliisolutions.com\/index.php\/wp-json\/wp\/v2\/categories?post=6222"},{"taxonomy":"post_tag","embeddable":true,"href":"https:\/\/serbenidorm.daliisolutions.com\/index.php\/wp-json\/wp\/v2\/tags?post=6222"}],"curies":[{"name":"wp","href":"https:\/\/api.w.org\/{rel}","templated":true}]}}