{"id":6224,"date":"2024-06-18T16:55:39","date_gmt":"2024-06-18T14:55:39","guid":{"rendered":"https:\/\/serbenidorm.daliisolutions.com\/index.php\/2024\/06\/18\/la-generalitat-prolonga-hasta-enero-de-2025-la-gratuidad-del-tram-metrobus-y-metrovalencia-para-menores-y-los-descuentos-del-transporte-publico\/"},"modified":"2024-06-18T16:55:39","modified_gmt":"2024-06-18T14:55:39","slug":"la-generalitat-prolonga-hasta-enero-de-2025-la-gratuidad-del-tram-metrobus-y-metrovalencia-para-menores-y-los-descuentos-del-transporte-publico","status":"publish","type":"post","link":"https:\/\/serbenidorm.daliisolutions.com\/index.php\/2024\/06\/18\/la-generalitat-prolonga-hasta-enero-de-2025-la-gratuidad-del-tram-metrobus-y-metrovalencia-para-menores-y-los-descuentos-del-transporte-publico\/","title":{"rendered":"La Generalitat prolonga hasta enero de 2025 la gratuidad del TRAM, Metrob\u00fas y Metrovalencia para menores y los descuentos del transporte p\u00fablico"},"content":{"rendered":"  <p>La Generalitat prorrogar\u00e1 hasta el pr\u00f3ximo 31 de enero de 2025, tanto el descuento del 50% en los bonos, abonos y t\u00edtulos multiviaje en el transporte p\u00fablico, como la gratuidad para los menores de 31 a\u00f1os.<\/p>   <p>As\u00ed lo ha anunciado hoy el president, Carlos Maz\u00f3n, tras la reuni\u00f3n del consejo de administraci\u00f3n de Ferrocarrils de la Generalitat.<\/p>  <p><p class=\"tit\"><span>Carlos Maz\u00f3n, president de la Generalitat, anuncia la prolongaci\u00f3n del bono TRAM y del transporte p\u00fablico hasta el 31 de enero<\/span><\/p> <p class=\"emb\"><iframe loading=\"lazy\" src=\"https:\/\/cadenaser.com\/embed\/audio\/460\/1718715439006\/\" width=\"100%\" height=\"360\" frameborder=\"0\" allowfullscreen><\/iframe><\/p><\/p>   <p>La medida pasar\u00e1 por el pr\u00f3ximo pleno del Consell, e incluye el TRAM de Castell\u00f3, Metrob\u00fas, Metrovalencia, TRAM d&#8217;Alacant y autobuses interurbanos de la Generalitat.<\/p>   <p><p>M\u00e1s informaci\u00f3n<\/p><ul><li><a href=\"https:\/\/cadenaser.com\/comunitat-valenciana\/2024\/06\/18\/las-obras-de-la-estacion-central-del-tram-de-alicante-se-prolongaran-durante-cinco-anos-radio-alicante\/\"><span>Las obras de la estaci\u00f3n central del TRAM de Alicante se prolongar\u00e1n durante cinco a\u00f1os<\/span><\/a><\/li><\/ul><\/p>   <p>El presidente ha asegurado que el objetivo del Consell es \u201cofrecer un transporte p\u00fablico de calidad, accesible a todas las familias y universal\u201d, al tiempo que se \u201cimpulsa la movilidad sostenible\u201d.<\/p>   <p>Lo ha anunciado tras presidir junto con la consellera de Infraestructuras, Salom\u00e9 Pradas, un consejo de administraci\u00f3n de Ferrocarrils de la Generalitat en la estaci\u00f3n de La Marina de Alicante para adjudicar por 102 millones de euros, la puesta en marcha de la estaci\u00f3n central de Alicante, cuyas obras arrancar\u00e1n el \u00faltimo trimestre de este a\u00f1o.<\/p>   <p>     .c-w{         max-width:444px;         width:100%;         margin:16px auto;      background:#00755E;         border-radius:4px;         display:flex;         align-items:center;         justify-content:center;     }     .c-w a{         display:flex;         align-items:center;         justify-content:center;         padding:4px 24px;     }     .c-w img{         width:24px;         margin-right:12px;     }     .c-w p{         font:18px\/25px Poppins;         text-align:center;         color:#fff;         margin:0;     }     @media (max-width:444px){         .c-w a{             padding:4px 12px;         }         .c-w img{             width:24px;             margin-right:8px;         }         .c-w p{             font:14px\/25px Poppins;         }     }     @media (max-width:335px){         .c-w p{             font:13px\/25px Poppins;         }     }  <div class=\"c-w\">     <a href=\"https:\/\/www.whatsapp.com\/channel\/0029Va633PF9WtC4l7XUzh1e\" target=\"_blank\" rel=\"noopener\">         <img decoding=\"async\" src=\"https:\/\/cadenaser.com\/estaticos\/recursosgraficos\/responsive\/img\/ico-whatsapp.svg\" alt=\"Whatsapp\">         <p>\u00danete al <b>canal de WhatsApp<\/b> de la SER<\/p>     <\/a> <\/div><\/p> ","protected":false},"excerpt":{"rendered":"<p>La medida pasar\u00e1 por el pr\u00f3ximo pleno del Consell e incluye tambi\u00e9n autobuses interurbanos de la Generalitat<\/p>\n","protected":false},"author":0,"featured_media":6225,"comment_status":"open","ping_status":"open","sticky":false,"template":"","format":"standard","meta":{"_acf_changed":false,"footnotes":""},"categories":[1],"tags":[],"class_list":["post-6224","post","type-post","status-publish","format-standard","has-post-thumbnail","hentry","category-sin-categoria"],"acf":{"ser_id":"Q3I2VMD3MFE43EK3MRNLEEULZ4","ser_url":"https:\/\/cadenaser.com\/comunitat-valenciana\/2024\/06\/18\/fgv-prolonga-la-gratuidad-del-tram-y-descuentos-del-transporte-publico-hasta-enero-de-2025-radio-alicante\/"},"_links":{"self":[{"href":"https:\/\/serbenidorm.daliisolutions.com\/index.php\/wp-json\/wp\/v2\/posts\/6224","targetHints":{"allow":["GET"]}}],"collection":[{"href":"https:\/\/serbenidorm.daliisolutions.com\/index.php\/wp-json\/wp\/v2\/posts"}],"about":[{"href":"https:\/\/serbenidorm.daliisolutions.com\/index.php\/wp-json\/wp\/v2\/types\/post"}],"replies":[{"embeddable":true,"href":"https:\/\/serbenidorm.daliisolutions.com\/index.php\/wp-json\/wp\/v2\/comments?post=6224"}],"version-history":[{"count":0,"href":"https:\/\/serbenidorm.daliisolutions.com\/index.php\/wp-json\/wp\/v2\/posts\/6224\/revisions"}],"wp:featuredmedia":[{"embeddable":true,"href":"https:\/\/serbenidorm.daliisolutions.com\/index.php\/wp-json\/wp\/v2\/media\/6225"}],"wp:attachment":[{"href":"https:\/\/serbenidorm.daliisolutions.com\/index.php\/wp-json\/wp\/v2\/media?parent=6224"}],"wp:term":[{"taxonomy":"category","embeddable":true,"href":"https:\/\/serbenidorm.daliisolutions.com\/index.php\/wp-json\/wp\/v2\/categories?post=6224"},{"taxonomy":"post_tag","embeddable":true,"href":"https:\/\/serbenidorm.daliisolutions.com\/index.php\/wp-json\/wp\/v2\/tags?post=6224"}],"curies":[{"name":"wp","href":"https:\/\/api.w.org\/{rel}","templated":true}]}}