{"id":6259,"date":"2024-06-19T11:05:52","date_gmt":"2024-06-19T09:05:52","guid":{"rendered":"https:\/\/serbenidorm.daliisolutions.com\/index.php\/2024\/06\/19\/de-capitan-sobre-el-cesped-a-jefe-en-la-grada-jose-cuelga-las-botas-pero-seguira-siendo-un-asiduo-al-guillermo-amor\/"},"modified":"2024-06-19T11:05:52","modified_gmt":"2024-06-19T09:05:52","slug":"de-capitan-sobre-el-cesped-a-jefe-en-la-grada-jose-cuelga-las-botas-pero-seguira-siendo-un-asiduo-al-guillermo-amor","status":"publish","type":"post","link":"https:\/\/serbenidorm.daliisolutions.com\/index.php\/2024\/06\/19\/de-capitan-sobre-el-cesped-a-jefe-en-la-grada-jose-cuelga-las-botas-pero-seguira-siendo-un-asiduo-al-guillermo-amor\/","title":{"rendered":"De capit\u00e1n sobre el c\u00e9sped a jefe en la grada. Jos\u00e9 cuelga las botas pero seguir\u00e1 siendo un asiduo al Guillermo Amor"},"content":{"rendered":"  <p>La decisi\u00f3n no ha sido f\u00e1cil, pero Jos\u00e9 Miguel S\u00e1nchez, \u2018Jos\u00e9\u2019 como nombre deportivo, ha podido darse el lujo que pocos deportistas pueden: retirarse justo en un momento dulce. A sus 38 a\u00f1os y tras haberse convertido en padre recientemente, este proletario del bal\u00f3n ha capitaneado al <a href=\"https:\/\/cadenaser.com\/tag\/club_futbol_benidorm\/a\/\" target=\"_blank\" rel=\"noopener\">C.F. Benidorm<\/a> hacia el ascenso a Tercera RFEF y, tras muchos a\u00f1os sobre el c\u00e9sped, inicia una nueva etapa en la que, asegura, ser\u00e1 un asiduo del Guillermo Amor aunque ahora, desde la grada.<\/p>  <p><p>M\u00e1s informaci\u00f3n<\/p><figure><img loading=\"lazy\" decoding=\"async\" src=\"https:\/\/cadenaser.com\/resizer\/v2\/HTGTYQYSUFEYNFQ4HZHOAGU46Y.JPG?auth=b5722ec7ba8de6661af67963b032e885081a6122045330e059b2c4a29b4604f6&amp;quality=70&amp;width=360&amp;height=202&amp;smart=true\" width=\"820\" height=\"621\" \/><\/figure><ul><li><a href=\"https:\/\/cadenaser.com\/comunitat-valenciana\/2024\/06\/17\/el-cf-benidorm-pone-a-la-venta-los-abonos-para-su-primera-temporada-en-tercera-rfef-radio-benidorm\/\"><span>El C.F. Benidorm pone a la venta los abonos para su primera temporada en Tercera RFEF<\/span><\/a><\/li><\/ul><\/p>   <p>Tras recibir el cari\u00f1o de la afici\u00f3n y de sus compa\u00f1eros en aquel \u00faltimo partido del a\u00f1o contra el Val\u00e8ncia, Jos\u00e9 ha podido, al fin, encontrar un hueco en su \u2018nueva\u2019 agenda laboral para pasar por los micr\u00f3fonos de Radio Benidorm-SER y repasar su carrera, su estancia en el C.F. Benidorm y este \u00faltimo a\u00f1o del ascenso.<\/p>   <p>Ha sido un a\u00f1o, explica, en el que \u00e9l y sus compa\u00f1eros sab\u00edan que eran los grandes favoritos para el ascenso y, por lo tanto, el equipo a batir y se\u00f1alado por todos, pero tambi\u00e9n ha afirmado que eso no a\u00f1adi\u00f3 ni un \u00e1pice de presi\u00f3n a un vestuario que siempre estuvo convencido de conseguir su objetivo.<\/p>   <p>Ahora, al fin, tendr\u00e1 tiempo de disfrutar de su hijo Teo, de su familia y, al menos as\u00ed lo ha afirmado, de los partidos de \u2018su\u2019 C.F. Benidorm desde la grada del Guillermo Amor.<\/p> ","protected":false},"excerpt":{"rendered":"<p>Escucha la charla con el capit\u00e1n de la plantilla que ha conseguido el hist\u00f3rico ascenso a Tercera RFEF<\/p>\n","protected":false},"author":0,"featured_media":6260,"comment_status":"open","ping_status":"open","sticky":false,"template":"","format":"standard","meta":{"_acf_changed":false,"footnotes":""},"categories":[16],"tags":[],"class_list":["post-6259","post","type-post","status-publish","format-standard","has-post-thumbnail","hentry","category-deportes"],"acf":{"ser_id":"PIGQJPKUI5AEBJ25CP75P5VLT4","ser_url":"https:\/\/cadenaser.com\/comunitat-valenciana\/2024\/06\/19\/de-capitan-sobre-el-cesped-a-jefe-en-la-grada-jose-cuelga-las-botas-pero-seguira-siendo-un-asiduo-al-guillermo-amor-radio-benidorm\/"},"_links":{"self":[{"href":"https:\/\/serbenidorm.daliisolutions.com\/index.php\/wp-json\/wp\/v2\/posts\/6259","targetHints":{"allow":["GET"]}}],"collection":[{"href":"https:\/\/serbenidorm.daliisolutions.com\/index.php\/wp-json\/wp\/v2\/posts"}],"about":[{"href":"https:\/\/serbenidorm.daliisolutions.com\/index.php\/wp-json\/wp\/v2\/types\/post"}],"replies":[{"embeddable":true,"href":"https:\/\/serbenidorm.daliisolutions.com\/index.php\/wp-json\/wp\/v2\/comments?post=6259"}],"version-history":[{"count":0,"href":"https:\/\/serbenidorm.daliisolutions.com\/index.php\/wp-json\/wp\/v2\/posts\/6259\/revisions"}],"wp:featuredmedia":[{"embeddable":true,"href":"https:\/\/serbenidorm.daliisolutions.com\/index.php\/wp-json\/wp\/v2\/media\/6260"}],"wp:attachment":[{"href":"https:\/\/serbenidorm.daliisolutions.com\/index.php\/wp-json\/wp\/v2\/media?parent=6259"}],"wp:term":[{"taxonomy":"category","embeddable":true,"href":"https:\/\/serbenidorm.daliisolutions.com\/index.php\/wp-json\/wp\/v2\/categories?post=6259"},{"taxonomy":"post_tag","embeddable":true,"href":"https:\/\/serbenidorm.daliisolutions.com\/index.php\/wp-json\/wp\/v2\/tags?post=6259"}],"curies":[{"name":"wp","href":"https:\/\/api.w.org\/{rel}","templated":true}]}}