{"id":6261,"date":"2024-06-19T11:05:53","date_gmt":"2024-06-19T09:05:53","guid":{"rendered":"https:\/\/serbenidorm.daliisolutions.com\/index.php\/2024\/06\/19\/berna-ballester-nuevo-entrenador-del-c-f-la-nucia\/"},"modified":"2024-06-19T11:05:53","modified_gmt":"2024-06-19T09:05:53","slug":"berna-ballester-nuevo-entrenador-del-c-f-la-nucia","status":"publish","type":"post","link":"https:\/\/serbenidorm.daliisolutions.com\/index.php\/2024\/06\/19\/berna-ballester-nuevo-entrenador-del-c-f-la-nucia\/","title":{"rendered":"Berna Ballester, nuevo entrenador del C.F. La Nuc\u00eda"},"content":{"rendered":"  <p>El nuevo y renovad\u00edsimo proyecto del C.F. La Nuc\u00eda comienza a dar sus primeros titulares en el plano deportivo. <a href=\"https:\/\/cadenaser.com\/comunitat-valenciana\/2024\/05\/21\/exclusiva-juan-carlos-ramirez-concede-su-primera-entrevista-tras-su-llegada-al-cf-la-nucia-radio-benidorm\/\" target=\"_blank\" rel=\"noopener\">Tras la llegada de Juan Carlos Ram\u00edrez a la entidad, salv\u00e1ndola de una desaparici\u00f3n pr\u00e1cticamente segura<\/a>, el empresario vasco ha dedicado sus primeras semanas en la Ciutat Esportiva Camilo Cano a enderezar el rumbo econ\u00f3mico del club. Ahora, al fin, se comienzan a desvelar las primeras inc\u00f3gnitas deportivas con el anuncio de la llegada de Berna Ballester como t\u00e9cnico del primer equipo.<\/p>  <p><p>M\u00e1s informaci\u00f3n<\/p><figure><img loading=\"lazy\" decoding=\"async\" src=\"https:\/\/cadenaser.com\/resizer\/v2\/M4WJTNXHL5AAVERESHXSBLWQOQ.jpeg?auth=d847ead5273610850676dbb9ac7b8f3236239fa8dbf5c0df1c0b65b51cfed415&amp;quality=70&amp;width=360&amp;height=202&amp;smart=true\" width=\"820\" height=\"621\" \/><\/figure><ul><li><a href=\"https:\/\/cadenaser.com\/comunitat-valenciana\/2024\/05\/21\/exclusiva-juan-carlos-ramirez-concede-su-primera-entrevista-tras-su-llegada-al-cf-la-nucia-radio-benidorm\/\"><span>Exclusiva: Juan Carlos Ram\u00edrez concede su primera entrevista tras su llegada al C.F. La Nuc\u00eda<\/span><\/a><\/li><\/ul><\/p>   <p>Tras el descenso a Tercera RFEF, el C.F. La Nuc\u00eda ha confiado en la experiencia del t\u00e9cnico proveniente del Atzeneta, con el que consigui\u00f3 sumar dos subcampeonatos de liga y disputar dos promociones de ascenso a Segunda RFEF, lo que puede ser ya de por s\u00ed una declaraci\u00f3n de intenciones de los rojillos respecto a sus objetivos en la temporada 2024-2025.<\/p>   <p>Para Ballester, esta ser\u00e1 su tercera aventura en los banquillos de Tercera Federaci\u00f3n. Tras colgar las botas en la temporada 2020-2021 dio el salto a los banquillos con el CD Ol\u00edmpic. Su trayectoria futbol\u00edstica est\u00e1 marcada por su paso por las canteras del Real Madrid y el Val\u00e8ncia, llegando a debutar en el primer equipo en un amistoso. El Excelsior Mouscron belga, Alcoyano, Ontinyent, Ol\u00edmpic, Gand\u00eda y \u00c1viles fueron otros de los equipos para el defensor de X\u00e0tiva.<\/p> ","protected":false},"excerpt":{"rendered":"<p>El t\u00e9cnico se sentar\u00e1 en el banquillo del Camilo Cano tras disputar dos promociones de ascenso con el Atzeneta<\/p>\n","protected":false},"author":0,"featured_media":6262,"comment_status":"open","ping_status":"open","sticky":false,"template":"","format":"standard","meta":{"_acf_changed":false,"footnotes":""},"categories":[16],"tags":[],"class_list":["post-6261","post","type-post","status-publish","format-standard","has-post-thumbnail","hentry","category-deportes"],"acf":{"ser_id":"H2JLWPT2VVE5LCPD5ROTX2P6LI","ser_url":"https:\/\/cadenaser.com\/comunitat-valenciana\/2024\/06\/19\/berna-ballester-nuevo-entrenador-del-cf-la-nucia-radio-benidorm\/"},"_links":{"self":[{"href":"https:\/\/serbenidorm.daliisolutions.com\/index.php\/wp-json\/wp\/v2\/posts\/6261","targetHints":{"allow":["GET"]}}],"collection":[{"href":"https:\/\/serbenidorm.daliisolutions.com\/index.php\/wp-json\/wp\/v2\/posts"}],"about":[{"href":"https:\/\/serbenidorm.daliisolutions.com\/index.php\/wp-json\/wp\/v2\/types\/post"}],"replies":[{"embeddable":true,"href":"https:\/\/serbenidorm.daliisolutions.com\/index.php\/wp-json\/wp\/v2\/comments?post=6261"}],"version-history":[{"count":0,"href":"https:\/\/serbenidorm.daliisolutions.com\/index.php\/wp-json\/wp\/v2\/posts\/6261\/revisions"}],"wp:featuredmedia":[{"embeddable":true,"href":"https:\/\/serbenidorm.daliisolutions.com\/index.php\/wp-json\/wp\/v2\/media\/6262"}],"wp:attachment":[{"href":"https:\/\/serbenidorm.daliisolutions.com\/index.php\/wp-json\/wp\/v2\/media?parent=6261"}],"wp:term":[{"taxonomy":"category","embeddable":true,"href":"https:\/\/serbenidorm.daliisolutions.com\/index.php\/wp-json\/wp\/v2\/categories?post=6261"},{"taxonomy":"post_tag","embeddable":true,"href":"https:\/\/serbenidorm.daliisolutions.com\/index.php\/wp-json\/wp\/v2\/tags?post=6261"}],"curies":[{"name":"wp","href":"https:\/\/api.w.org\/{rel}","templated":true}]}}