{"id":6264,"date":"2024-06-20T10:41:28","date_gmt":"2024-06-20T08:41:28","guid":{"rendered":"https:\/\/serbenidorm.daliisolutions.com\/index.php\/2024\/06\/20\/estos-son-los-principales-consejos-de-benidorm-para-que-los-turistas-tengan-las-mejores-vacaciones\/"},"modified":"2024-06-20T10:41:28","modified_gmt":"2024-06-20T08:41:28","slug":"estos-son-los-principales-consejos-de-benidorm-para-que-los-turistas-tengan-las-mejores-vacaciones","status":"publish","type":"post","link":"https:\/\/serbenidorm.daliisolutions.com\/index.php\/2024\/06\/20\/estos-son-los-principales-consejos-de-benidorm-para-que-los-turistas-tengan-las-mejores-vacaciones\/","title":{"rendered":"Estos son los principales consejos de Benidorm para que los turistas tengan \u201clas mejores vacaciones\u201d"},"content":{"rendered":"  <p>No jugar al &#8216;trile&#8217; en el paseo mar\u00edtimo, evitar fiarse de las personas que ofrecen bebidas en las playas o dejar en el hotel los objetos de valor y la documentaci\u00f3n original llevando consigo una fotocopia son solo tres de los consejos en los que el Ayuntamiento de Benidorm quiere insistir durante el verano para que los turistas tengan \u201clas mejores vacaciones\u201d.<\/p>   <p>Para ello, el consistorio benidormense ha puesto en marcha este mi\u00e9rcoles una campa\u00f1a informativa en castellano e ingl\u00e9s y con presencia, seg\u00fan ha detallado en su presentaci\u00f3n el alcalde Toni P\u00e9rez, <a href=\"https:\/\/cadenaser.com\/tag\/benidorm\/a\/\" target=\"_blank\" rel=\"noopener\">en paradas de bus, pantallas municipales o los accesos a las playas de Levante, Poniente y Mal Pas<\/a>: \u00abTodo ello, con el fin de hacer llegar el mensaje al mayor n\u00famero de turistas\u00bb, ha explicado. Adem\u00e1s se van a repartir un millar de carteles en alojamientos, comercios, establecimientos de ocio y restauraci\u00f3n. <\/p>   <p>Los consejos, al detalle<\/p>   <p>Se recomienda no hacer ejercicio f\u00edsico durante las horas centrales del d\u00eda y se alerta del peligro de dejar a ni\u00f1os, personas mayores o mascotas en el interior de un veh\u00edculo.<\/p>  <p><p>M\u00e1s informaci\u00f3n<\/p><figure><img loading=\"lazy\" decoding=\"async\" src=\"https:\/\/cadenaser.com\/resizer\/v2\/DKUCNVMA7RDMHNQRJ3XRCA3OOM.jpg?auth=3d00dfd93b7125eb0619c9f17981bef0e141fed2aad04cadcd82d4cefe4a9945&amp;quality=70&amp;width=360&amp;height=202&amp;smart=true\" width=\"820\" height=\"621\" \/><\/figure><ul><li><a href=\"https:\/\/cadenaser.com\/comunitat-valenciana\/2024\/06\/14\/benidorm-el-estadio-de-la-eurocopa-con-mas-de-300-pantallas-gigantes-radio-benidorm\/\"><span>Benidorm, el \u2018estadio\u2019 de la Eurocopa con m\u00e1s de 300 pantallas gigantes<\/span><\/a><\/li><\/ul><\/p>   <p>En materia de seguridad la campa\u00f1a alude a la pr\u00e1ctica del trile e informa a los turistas de que no se trata de un juego y que, por lo tanto, no se dejen enga\u00f1ar por quienes les animan a participar en esta actividad ilegal. <\/p>   <p>Tambi\u00e9n se alerta de que la venta de bebidas sin control sanitario es un peligro para la salud y que no hay que fiarse de las personas que puedan ofrecerles bebidas en las playas, puesto que dichas consumiciones carecen de cualquier garant\u00eda o control sanitario. <\/p>   <p>     .c-w{         max-width:444px;         width:100%;         margin:16px auto;      background:#00755E;         border-radius:4px;         display:flex;         align-items:center;         justify-content:center;     }     .c-w a{         display:flex;         align-items:center;         justify-content:center;         padding:4px 24px;     }     .c-w img{         width:24px;         margin-right:12px;     }     .c-w p{         font:18px\/25px Poppins;         text-align:center;         color:#fff;         margin:0;     }     @media (max-width:444px){         .c-w a{             padding:4px 12px;         }         .c-w img{             width:24px;             margin-right:8px;         }         .c-w p{             font:14px\/25px Poppins;         }     }     @media (max-width:335px){         .c-w p{             font:13px\/25px Poppins;         }     }  <div class=\"c-w\">     <a href=\"https:\/\/www.whatsapp.com\/channel\/0029Va633PF9WtC4l7XUzh1e\" target=\"_blank\" rel=\"noopener\">         <img decoding=\"async\" src=\"https:\/\/cadenaser.com\/estaticos\/recursosgraficos\/responsive\/img\/ico-whatsapp.svg\" alt=\"Whatsapp\">         <p>\u00danete al <b>canal de WhatsApp<\/b> de la SER<\/p>     <\/a> <\/div><\/p>   <p>Por \u00faltimo, se aconseja a los visitantes vigilar sus objetos personales en espacios concurridos o dejar en el hotel objetos de valor as\u00ed como la documentaci\u00f3n original, recomendando llevar consigo una fotocopia.<\/p>   <p>Refuerzos policiales<\/p>   <p>Por su parte el concejal de Seguridad Jes\u00fas Carrobles ha recordado que el Ayuntamiento ha reforzado la presencia policial en las playas por la temporada estival, \u201cincrementando de forma importante el n\u00famero de efectivos destinados a la vigilancia\u201d de los arenales.\u00a0 <\/p>   <p>Una vigilancia en la que, adem\u00e1s de los 30 agentes que componen la Secci\u00f3n de Playas de la Polic\u00eda Local, dispondr\u00e1 de un refuerzo del 30% de efectivos en cada uno de los turnos y que se realizar\u00e1 \u201cno s\u00f3lo a pie de playa y en los paseos mar\u00edtimos, sino tambi\u00e9n desde el agua y desde el aire gracias al servicio de zodiac y dron\u201d. <\/p>   <p>A los efectivos de la Polic\u00eda Local tambi\u00e9n se unir\u00e1n los refuerzos que tambi\u00e9n desplegar\u00e1 el Cuerpo Nacional de Polic\u00eda durante la campa\u00f1a de verano.<\/p> ","protected":false},"excerpt":{"rendered":"<p>El Ayuntamiento lanza una campa\u00f1a en castellano e ingl\u00e9s con recomendaciones sanitarias o de seguridad<\/p>\n","protected":false},"author":0,"featured_media":6265,"comment_status":"open","ping_status":"open","sticky":false,"template":"","format":"standard","meta":{"_acf_changed":false,"footnotes":""},"categories":[1],"tags":[],"class_list":["post-6264","post","type-post","status-publish","format-standard","has-post-thumbnail","hentry","category-sin-categoria"],"acf":{"ser_id":"37CWHQRMFRGLPLRUDFRDQOMWEE","ser_url":"https:\/\/cadenaser.com\/comunitat-valenciana\/2024\/06\/19\/estos-son-los-principales-consejos-de-benidorm-para-que-los-turistas-tengan-las-mejores-vacaciones-radio-benidorm\/"},"_links":{"self":[{"href":"https:\/\/serbenidorm.daliisolutions.com\/index.php\/wp-json\/wp\/v2\/posts\/6264","targetHints":{"allow":["GET"]}}],"collection":[{"href":"https:\/\/serbenidorm.daliisolutions.com\/index.php\/wp-json\/wp\/v2\/posts"}],"about":[{"href":"https:\/\/serbenidorm.daliisolutions.com\/index.php\/wp-json\/wp\/v2\/types\/post"}],"replies":[{"embeddable":true,"href":"https:\/\/serbenidorm.daliisolutions.com\/index.php\/wp-json\/wp\/v2\/comments?post=6264"}],"version-history":[{"count":0,"href":"https:\/\/serbenidorm.daliisolutions.com\/index.php\/wp-json\/wp\/v2\/posts\/6264\/revisions"}],"wp:featuredmedia":[{"embeddable":true,"href":"https:\/\/serbenidorm.daliisolutions.com\/index.php\/wp-json\/wp\/v2\/media\/6265"}],"wp:attachment":[{"href":"https:\/\/serbenidorm.daliisolutions.com\/index.php\/wp-json\/wp\/v2\/media?parent=6264"}],"wp:term":[{"taxonomy":"category","embeddable":true,"href":"https:\/\/serbenidorm.daliisolutions.com\/index.php\/wp-json\/wp\/v2\/categories?post=6264"},{"taxonomy":"post_tag","embeddable":true,"href":"https:\/\/serbenidorm.daliisolutions.com\/index.php\/wp-json\/wp\/v2\/tags?post=6264"}],"curies":[{"name":"wp","href":"https:\/\/api.w.org\/{rel}","templated":true}]}}