{"id":6268,"date":"2024-06-20T10:41:30","date_gmt":"2024-06-20T08:41:30","guid":{"rendered":"https:\/\/serbenidorm.daliisolutions.com\/index.php\/2024\/06\/20\/el-sporting-la-nucia-viaja-a-manresa-a-completar-el-sueno-del-ascenso\/"},"modified":"2024-06-20T10:41:30","modified_gmt":"2024-06-20T08:41:30","slug":"el-sporting-la-nucia-viaja-a-manresa-a-completar-el-sueno-del-ascenso","status":"publish","type":"post","link":"https:\/\/serbenidorm.daliisolutions.com\/index.php\/2024\/06\/20\/el-sporting-la-nucia-viaja-a-manresa-a-completar-el-sueno-del-ascenso\/","title":{"rendered":"El Sporting La Nuc\u00eda viaja a Manresa a completar el sue\u00f1o del ascenso"},"content":{"rendered":"  <p>El Sporting La Nuc\u00eda vela ya armas para el que ser\u00e1 el partido m\u00e1s importante no s\u00f3lo de la actual temporada, sino de toda su historia: el choque de vuelta de la gran final por el ascenso a Segunda Divisi\u00f3n que se celebrar\u00e1 este s\u00e1bado (18:15 horas) en Manresa.<\/p>   <p>Los del pabell\u00f3n Camilo Cano dejaron <a href=\"https:\/\/cadenaser.com\/comunitat-valenciana\/2024\/06\/16\/el-sporting-la-nucia-deja-encarrilada-la-final-por-el-ascenso-ante-el-manresa-radio-benidorm\/\" target=\"_blank\" rel=\"noopener\">muy encarrilada la cosa el pasado fin de semana tras imponerse por 5-1<\/a> al conjunto catal\u00e1n en el partido de ida disputado ante un feudo nuciero lleno hasta la bandera. El grupo dirigido por Dada ha sabido, gracias a su buen juego y resultados, enganchar a todo el pueblo a su andadura en este tramo final del a\u00f1o y, de hecho, contar\u00e1 con una buena representaci\u00f3n de sus aficionados tambi\u00e9n en las gradas manresanas.<\/p>   <p>El Sporting La Nuc\u00eda deber\u00e1 ahora administrar con sabidur\u00eda esa renta de cuatro goles conseguida en el choque de ida ante el que ha sido su m\u00e1ximo rival durante la fase regular de la competici\u00f3n. Adem\u00e1s, conseguir el ascenso ser\u00eda un broche de oro no s\u00f3lo para la temporada del Sporting La Nuc\u00eda, sino tambi\u00e9n un empuj\u00f3n quiz\u00e1s definitivo para su entrenador, Dada, que ha sido nominado por la Real Federaci\u00f3n Espa\u00f1ola de F\u00fatbol (RFEF) al premio de mejor entrenador de la categor\u00eda.<\/p> ","protected":false},"excerpt":{"rendered":"<p>Dada ha sido nominado a mejor entrenador de Segunda B por la RFEF<\/p>\n","protected":false},"author":0,"featured_media":6269,"comment_status":"open","ping_status":"open","sticky":false,"template":"","format":"standard","meta":{"_acf_changed":false,"footnotes":""},"categories":[16],"tags":[],"class_list":["post-6268","post","type-post","status-publish","format-standard","has-post-thumbnail","hentry","category-deportes"],"acf":{"ser_id":"QNTOMC43PNDX3EP22ILB2HWKGI","ser_url":"https:\/\/cadenaser.com\/comunitat-valenciana\/2024\/06\/20\/el-sporting-la-nucia-viaja-a-manresa-a-completar-el-sueno-del-ascenso-radio-benidorm\/"},"_links":{"self":[{"href":"https:\/\/serbenidorm.daliisolutions.com\/index.php\/wp-json\/wp\/v2\/posts\/6268","targetHints":{"allow":["GET"]}}],"collection":[{"href":"https:\/\/serbenidorm.daliisolutions.com\/index.php\/wp-json\/wp\/v2\/posts"}],"about":[{"href":"https:\/\/serbenidorm.daliisolutions.com\/index.php\/wp-json\/wp\/v2\/types\/post"}],"replies":[{"embeddable":true,"href":"https:\/\/serbenidorm.daliisolutions.com\/index.php\/wp-json\/wp\/v2\/comments?post=6268"}],"version-history":[{"count":0,"href":"https:\/\/serbenidorm.daliisolutions.com\/index.php\/wp-json\/wp\/v2\/posts\/6268\/revisions"}],"wp:featuredmedia":[{"embeddable":true,"href":"https:\/\/serbenidorm.daliisolutions.com\/index.php\/wp-json\/wp\/v2\/media\/6269"}],"wp:attachment":[{"href":"https:\/\/serbenidorm.daliisolutions.com\/index.php\/wp-json\/wp\/v2\/media?parent=6268"}],"wp:term":[{"taxonomy":"category","embeddable":true,"href":"https:\/\/serbenidorm.daliisolutions.com\/index.php\/wp-json\/wp\/v2\/categories?post=6268"},{"taxonomy":"post_tag","embeddable":true,"href":"https:\/\/serbenidorm.daliisolutions.com\/index.php\/wp-json\/wp\/v2\/tags?post=6268"}],"curies":[{"name":"wp","href":"https:\/\/api.w.org\/{rel}","templated":true}]}}