{"id":6270,"date":"2024-06-20T10:41:31","date_gmt":"2024-06-20T08:41:31","guid":{"rendered":"https:\/\/serbenidorm.daliisolutions.com\/index.php\/2024\/06\/20\/el-tm-benidorm-incorpora-al-estadounidense-nikolas-zarikos\/"},"modified":"2024-06-20T10:41:31","modified_gmt":"2024-06-20T08:41:31","slug":"el-tm-benidorm-incorpora-al-estadounidense-nikolas-zarikos","status":"publish","type":"post","link":"https:\/\/serbenidorm.daliisolutions.com\/index.php\/2024\/06\/20\/el-tm-benidorm-incorpora-al-estadounidense-nikolas-zarikos\/","title":{"rendered":"El TM Benidorm incorpora al estadounidense Nikolas Zarikos"},"content":{"rendered":"  <p>El TM Benidorm ha apostado por un proyecto muy continuista en su <a href=\"https:\/\/cadenaser.com\/comunitat-valenciana\/2024\/04\/03\/esta-sera-la-plantilla-del-tm-benidorm-para-la-temporada-2024-2025-radio-benidorm\/\">plantilla de cara a la temporada 2024-2025<\/a>, pero eso no quiere decir que, como cada verano, no vaya a haber fichajes para reforzar el plantel de Sergio Carballeira. As\u00ed, tras las ya anunciadas <a href=\"https:\/\/cadenaser.com\/comunitat-valenciana\/2024\/05\/23\/el-tm-benidorm-anuncia-la-llegada-de-hugo-vila-radio-benidorm\/\">llegadas de Hugo Vila<\/a>, Roberto Dom\u00e9nech, Jos\u00e9 Khalil y <a href=\"https:\/\/cadenaser.com\/comunitat-valenciana\/2024\/06\/05\/fabio-teixeira-talento-de-exportacion-para-el-tm-benidorm-radio-benidorm\/\">Fabio Teixeira (que jugar\u00e1 cedido en otro equipo)<\/a>, ahora se ha sabido que la plaza de extremo izquierdo que todav\u00eda quedaba por designar ser\u00e1 para el estadounidense Nikolas Zarikos.<\/p>  <p><p>M\u00e1s informaci\u00f3n<\/p><figure><img loading=\"lazy\" decoding=\"async\" src=\"https:\/\/cadenaser.com\/resizer\/v2\/BM74FJWKTFDCXBH77RJBF6LRMM.JPG?auth=52c6a27e1e5a6cfeccbb58480a761b2fa115eb35e646e7019360103ab240a0f5&amp;quality=70&amp;width=360&amp;height=202&amp;smart=true\" width=\"820\" height=\"621\" \/><\/figure><ul><li><a href=\"https:\/\/cadenaser.com\/comunitat-valenciana\/2024\/04\/03\/esta-sera-la-plantilla-del-tm-benidorm-para-la-temporada-2024-2025-radio-benidorm\/\"><span>Esta ser\u00e1 la plantilla del TM Benidorm para la temporada 2024-2025<\/span><\/a><\/li><\/ul><\/p>   <p>Con 25 a\u00f1os, Zarikos ha firmado con la entidad del Palau d\u2019Esports hasta el final de la temporada 2026 despu\u00e9s de haber disputado el \u00faltimo mundial con Estados Unidos, siendo uno de los jugadores m\u00e1s destacados de su combinado.<\/p>   <p>El nuevo fichaje del <a href=\"https:\/\/cadenaser.com\/tag\/club_balonmano_benidorm\/a\/\">TM Benidorm<\/a> deber\u00e1 ahora amoldarse a la muy competitiva Liga Asobal, algo a lo que le ayudar\u00e1 la experiencia que ya ha podido acumular en el balonmano europeo tras militar cuatro temporadas en la liga griega y una en el Homburg dan\u00e9s, desde donde desembarcar\u00e1 en Benidorm.<\/p> ","protected":false},"excerpt":{"rendered":"<p>El extremo izquierdo llega procedente del Homburg dan\u00e9s con un contrato hasta 2026<\/p>\n","protected":false},"author":0,"featured_media":6271,"comment_status":"open","ping_status":"open","sticky":false,"template":"","format":"standard","meta":{"_acf_changed":false,"footnotes":""},"categories":[16],"tags":[],"class_list":["post-6270","post","type-post","status-publish","format-standard","has-post-thumbnail","hentry","category-deportes"],"acf":{"ser_id":"WXGLMUXLZFGT5CFLVUIQZGNWDY","ser_url":"https:\/\/cadenaser.com\/comunitat-valenciana\/2024\/06\/19\/el-tm-benidorm-incorpora-al-estadounidense-nikolas-zarikos-radio-benidorm\/"},"_links":{"self":[{"href":"https:\/\/serbenidorm.daliisolutions.com\/index.php\/wp-json\/wp\/v2\/posts\/6270","targetHints":{"allow":["GET"]}}],"collection":[{"href":"https:\/\/serbenidorm.daliisolutions.com\/index.php\/wp-json\/wp\/v2\/posts"}],"about":[{"href":"https:\/\/serbenidorm.daliisolutions.com\/index.php\/wp-json\/wp\/v2\/types\/post"}],"replies":[{"embeddable":true,"href":"https:\/\/serbenidorm.daliisolutions.com\/index.php\/wp-json\/wp\/v2\/comments?post=6270"}],"version-history":[{"count":0,"href":"https:\/\/serbenidorm.daliisolutions.com\/index.php\/wp-json\/wp\/v2\/posts\/6270\/revisions"}],"wp:featuredmedia":[{"embeddable":true,"href":"https:\/\/serbenidorm.daliisolutions.com\/index.php\/wp-json\/wp\/v2\/media\/6271"}],"wp:attachment":[{"href":"https:\/\/serbenidorm.daliisolutions.com\/index.php\/wp-json\/wp\/v2\/media?parent=6270"}],"wp:term":[{"taxonomy":"category","embeddable":true,"href":"https:\/\/serbenidorm.daliisolutions.com\/index.php\/wp-json\/wp\/v2\/categories?post=6270"},{"taxonomy":"post_tag","embeddable":true,"href":"https:\/\/serbenidorm.daliisolutions.com\/index.php\/wp-json\/wp\/v2\/tags?post=6270"}],"curies":[{"name":"wp","href":"https:\/\/api.w.org\/{rel}","templated":true}]}}